{"id":2982,"date":"2026-09-03T11:35:12","date_gmt":"2026-09-03T09:35:12","guid":{"rendered":"https:\/\/blog.fh-kaernten.at\/wehr\/?p=2982"},"modified":"2026-09-03T17:28:51","modified_gmt":"2026-09-03T15:28:51","slug":"skoda-elroq-85x-sportline-my2027-probleme","status":"publish","type":"post","link":"https:\/\/blog.fh-kaernten.at\/wehr\/2026\/09\/03\/skoda-elroq-85x-sportline-my2027-probleme\/","title":{"rendered":"\u0160koda Elroq 85x Sportline MY2027 \u2013 gekauft, bezahlt, aber nicht fahrbereit"},"content":{"rendered":"<p id=\"top\" \/>\n<h1>\u0160koda Elroq 85x Sportline MY2027 \u2013 gekauft, bezahlt, aber nicht fahrbereit<\/h1>\n<p>Seit ungef\u00e4hr einem halben Jahr besch\u00e4ftige ich mich intensiv mit dem Kauf eines neuen Elektroautos.<\/p>\n<p>Aktuell fahre ich noch einen mittlerweile zw\u00f6lf Jahre alten Peugeot 2008. Mein Wunsch f\u00fcr den Nachfolger war eigentlich recht \u00fcberschaubar: ungef\u00e4hr die gleiche Fahrzeuggr\u00f6\u00dfe, vollelektrisch und eine vern\u00fcnftige Reichweite von rund 500 Kilometern.<\/p>\n<p>Nach einiger Recherche blieben schlie\u00dflich drei Fahrzeuge in der engeren Auswahl:<\/p>\n<ul>\n<li>BYD Atto 3 EVO<\/li>\n<li>Kia EV3<\/li>\n<li>\u0160koda Elroq<\/li>\n<\/ul>\n<p>Ich habe mich wirklich ausf\u00fchrlich mit allen drei Fahrzeugen besch\u00e4ftigt, Testberichte gelesen, Ausstattungen verglichen, Videos angesehen und technische Daten studiert.<\/p>\n<p>Am Ende fiel meine Entscheidung auf den <strong>\u0160koda Elroq<\/strong>.<\/p>\n<p>Ein Grund daf\u00fcr war tats\u00e4chlich auch der Gedanke, bewusst ein europ\u00e4isches Fahrzeug beziehungsweise eine europ\u00e4ische Marke zu kaufen.<\/p>\n<h2>Die Suche nach einem Elroq Modelljahr 2027<\/h2>\n<p>Wer sich aktuell f\u00fcr einen neuen Elroq interessiert, kennt vermutlich das Problem: Die Lieferzeiten liegen teilweise bei sechs bis sieben Monaten.<\/p>\n<p>So lange wollte ich eigentlich nicht warten.<\/p>\n<p>Also begann ich, bei H\u00e4ndlern im Umkreis von ungef\u00e4hr 100 bis 150 Kilometern nach bereits verf\u00fcgbaren Fahrzeugen zu suchen \u2013 Vorf\u00fchrwagen, Schauraumfahrzeuge oder kurzfristig verf\u00fcgbare Lagerfahrzeuge.<\/p>\n<p>Dabei war mir wichtig, bereits ein Fahrzeug des <strong>Modelljahres 2027<\/strong> zu bekommen.<\/p>\n<p>Vor ungef\u00e4hr einem Monat wurde ich schlie\u00dflich f\u00fcndig.<\/p>\n<p>Ein H\u00e4ndler, etwa eineinhalb Stunden Fahrzeit von mir entfernt, hatte einen <strong>\u0160koda Elroq 85x Sportline Modelljahr 2027<\/strong> im Schauraum stehen.<\/p>\n<p>Nach einigen Telefonaten waren wir uns einig und ich kaufte das Fahrzeug.<\/p>\n<p>Die Vereinbarung war einfach: Sobald der H\u00e4ndler ein Ersatzfahrzeug f\u00fcr seinen Schauraum bekommt, kann ich meinen Elroq abholen.<\/p>\n<p>Soweit lief alles perfekt.<\/p>\n<h2>Modelljahr 2027 \u2013 und die erste \u00dcberraschung<\/h2>\n<p>Noch bevor das eigentliche Abenteuer mit der Fahrzeug\u00fcbergabe begann, gab es allerdings bereits die erste kleine \u00dcberraschung.<\/p>\n<p>Obwohl mein Elroq ausdr\u00fccklich ein <strong>Modelljahr 2027<\/strong> ist, fiel mir bei der Ausstattung relativ schnell auf, dass die <strong>220-V-Steckdose im Kofferraum fehlt<\/strong>.<\/p>\n<p>Das ist insofern bemerkenswert, weil genau dieses Feature im Zusammenhang mit dem neuen Modelljahr beworben wurde.<\/p>\n<p>Oder anders gesagt:<\/p>\n<p>Man bewirbt das neue Modelljahr mit einer zus\u00e4tzlichen 220-V-Steckdose \u2013 und wenn der Kunde das Fahrzeug dann tats\u00e4chlich kauft, l\u00e4sst man sie offenbar einfach weg.<\/p>\n<p>Und bevor jemand fragt: <strong>Ja, mein Elroq hat das Advanced-Paket<\/strong>, bei dem diese Ausstattung eigentlich enthalten sein sollte.<\/p>\n<p>Ganz \u00fcberraschend kam das Ganze allerdings nicht. \u0160koda hat diesen Umstand sogar ganz offiziell im Kaufvertrag dokumentiert:<\/p>\n<p><strong>\u201eEntfall 220-V-Steckdose\u201c<\/strong><\/p>\n<p>Das muss man sich eigentlich auf der Zunge zergehen lassen.<\/p>\n<p>Ein Ausstattungsmerkmal wird beworben, ist Bestandteil des von mir gew\u00e4hlten Ausstattungspakets und wird dann bei einem knapp 60.000 Euro teuren Fahrzeug einfach wieder gestrichen.<\/p>\n<p>Zumindest war \u0160koda an dieser Stelle konsequent genug, den Entfall gleich im Kaufvertrag festzuhalten.<\/p>\n<p>Dass das bei mir schon vor der eigentlichen Fahrzeug\u00fcbernahme f\u00fcr ein erstes Stirnrunzeln gesorgt hat, d\u00fcrfte wenig \u00fcberraschen.<\/p>\n<p>Im Nachhinein betrachtet war die fehlende Steckdose allerdings noch mein kleinstes Problem.<\/p>\n<h2>Der gro\u00dfe Tag der Abholung<\/h2>\n<p>Etwa eine Woche nach dem Kauf kam der erfreuliche Anruf:<\/p>\n<p>\u201eN\u00e4chsten Freitag k\u00f6nnen Sie Ihr Auto abholen.\u201c<\/p>\n<p>Sehr sch\u00f6n.<\/p>\n<p>Also machte ich mich am Freitag mit meinem alten Peugeot auf die rund eineinhalbst\u00fcndige Fahrt zum H\u00e4ndler.<\/p>\n<p>Dort angekommen bekam ich erst einmal einen Kaffee, weil sich der Elroq noch in der Aufbereitung befand.<\/p>\n<p>Alles entspannt.<\/p>\n<p>Ich sa\u00df also da, trank meinen Kaffee und freute mich darauf, wenig sp\u00e4ter mit meinem neuen Elektroauto nach Hause zu fahren.<\/p>\n<p>Und dann begann der Spa\u00df.<\/p>\n<p>Beim ungef\u00e4hr letzten Schluck Kaffee kam mein Verk\u00e4ufer mit einem Gesichtsausdruck auf mich zu, bei dem eigentlich schon klar war, dass jetzt keine besonders gute Nachricht kommen w\u00fcrde.<\/p>\n<p>Nach einem <strong>OTA- beziehungsweise Software-Update<\/strong> war der Elroq pl\u00f6tzlich nicht mehr betriebsbereit.<\/p>\n<p>Kurz gesagt:<\/p>\n<p><strong>Keines der Displays zeigte mehr etwas an.<\/strong><\/p>\n<p>Sehr praktisch bei einem modernen Auto, bei dem praktisch s\u00e4mtliche relevanten Fahrinformationen \u00fcber Displays dargestellt werden.<\/p>\n<p>Und da es sich ohne Geschwindigkeitsanzeige und funktionierende Instrumentierung bekanntlich eher schlecht f\u00e4hrt, endete meine erste geplante Fahrzeug\u00fcbernahme damit, dass ich wieder in meinen zw\u00f6lf Jahre alten Peugeot stieg und die eineinhalb Stunden nach Hause fuhr.<\/p>\n<p>Drei Stunden Autofahrt.<\/p>\n<p>Neuer Elroq: weiterhin beim H\u00e4ndler.<\/p>\n<h2>Kann passieren \u2013 dachte ich zumindest<\/h2>\n<p>Meine erste Reaktion war tats\u00e4chlich noch relativ entspannt.<\/p>\n<p>Softwarefehler k\u00f6nnen passieren.<\/p>\n<p>Moderne Fahrzeuge sind mittlerweile Computer auf R\u00e4dern und wenn bei einem Update einmal etwas schiefgeht, ist das zwar \u00e4rgerlich, aber grunds\u00e4tzlich verst\u00e4ndlich.<\/p>\n<p>Ich ging au\u00dferdem davon aus, dass ein <strong>komplett nicht fahrbereites Neufahrzeug<\/strong>, das bereits verkauft und bezahlt wurde, bei \u0160koda vermutlich eine entsprechend hohe Priorit\u00e4t bekommt.<\/p>\n<p>Nun ja.<\/p>\n<p>Freitagvormittag war f\u00fcr die zust\u00e4ndigen \u0160koda-Troubleshooter offenbar bereits nicht mehr allzu viel zu erreichen.<\/p>\n<p>Also hie\u00df es zun\u00e4chst einmal warten.<\/p>\n<p>Am darauffolgenden Dienstag bekam ich schlie\u00dflich einen Anruf vom H\u00e4ndler.<\/p>\n<p>Angeblich wurde ein weiteres Firmware-Update beziehungsweise eine neue Softwareversion von \u0160koda eingespielt.<\/p>\n<p>Was genau das urspr\u00fcngliche Problem verursacht hatte?<\/p>\n<p>Keine Ahnung.<\/p>\n<p>Eine technische Erkl\u00e4rung?<\/p>\n<p>Keine.<\/p>\n<p>Eine Information von \u0160koda?<\/p>\n<p>Keine.<\/p>\n<p>Eine Entschuldigung?<\/p>\n<p>Ebenfalls keine.<\/p>\n<p>Aber zumindest funktionierten die Displays wieder.<\/p>\n<p>Also vereinbarten wir einen neuen \u00dcbergabetermin f\u00fcr den darauffolgenden Donnerstag.<\/p>\n<p>Fairerweise muss ich an dieser Stelle ausdr\u00fccklich erw\u00e4hnen, dass sich <strong>mein H\u00e4ndler wirklich bem\u00fcht hat<\/strong>.<\/p>\n<p>Nachdem ich bereits einmal drei Stunden f\u00fcr eine erfolglose Fahrzeug\u00fcbernahme unterwegs gewesen war, bot man mir an, den Elroq diesmal direkt zu mir zu \u00fcberstellen.<\/p>\n<p>Perfekt.<\/p>\n<p>Dachte ich.<\/p>\n<h2>Versuch Nummer zwei<\/h2>\n<p>Dann kam Donnerstag.<\/p>\n<p>Und wieder klingelte mein Telefon.<\/p>\n<p>Der H\u00e4ndler.<\/p>\n<p>Diesmal ging es allerdings nicht mehr um die Displays.<\/p>\n<p>Jetzt war die <strong>Antriebseinheit des Elroq auf St\u00f6rung gegangen<\/strong>.<\/p>\n<p>Das Fahrzeug bewegte sich laut H\u00e4ndler keinen Millimeter mehr.<\/p>\n<p>Mein nagelneuer Elroq 85x Sportline war also erneut komplett fahrunf\u00e4hig.<\/p>\n<p>Und genau:<\/p>\n<p>Man wartet wieder auf eine Reaktion beziehungsweise L\u00f6sung von \u0160koda.<\/p>\n<p>Offenbar scheint auch ein zweiter Totalausfall innerhalb weniger Tage nicht automatisch dazu zu f\u00fchren, dass irgendwo bei \u0160koda s\u00e4mtliche Alarmglocken schrillen.<\/p>\n<h2>Knapp 60.000 Euro und trotzdem einfach warten?<\/h2>\n<p>Und an diesem Punkt beginnt mein Verst\u00e4ndnis langsam zu verschwinden.<\/p>\n<p>Wir reden hier schlie\u00dflich nicht von einem zehn Jahre alten Gebrauchtwagen f\u00fcr 5.000 Euro.<\/p>\n<p>Wir reden von einem aktuellen Elektroauto mit einem Listenpreis in Richtung <strong>60.000 Euro<\/strong>.<\/p>\n<p>Ein Fahrzeug, das verkauft wurde.<\/p>\n<p>Ein Fahrzeug, das bezahlt wurde.<\/p>\n<p>Und ein Fahrzeug, das ich bis heute nicht benutzen kann.<\/p>\n<p>Nat\u00fcrlich kann Technik kaputtgehen.<\/p>\n<p>Nat\u00fcrlich k\u00f6nnen bei neuen Softwarest\u00e4nden Fehler auftreten.<\/p>\n<p>Und nat\u00fcrlich kann auch einmal ein Steuerger\u00e4t oder eine Antriebskomponente ausfallen.<\/p>\n<p>Die entscheidende Frage ist f\u00fcr mich allerdings nicht, <strong>ob ein Fehler auftreten kann<\/strong>, sondern <strong>wie ein Hersteller anschlie\u00dfend damit umgeht<\/strong>.<\/p>\n<p>Wenn ein praktisch neues beziehungsweise noch nicht einmal an den Kunden \u00fcbergebenes Fahrzeug zweimal innerhalb weniger Tage komplett fahrunf\u00e4hig ist, w\u00fcrde ich erwarten, dass der Hersteller den Fall entsprechend priorisiert.<\/p>\n<p>Genau dieses Gef\u00fchl habe ich momentan leider nicht.<\/p>\n<h2>Warum kaufen immer mehr Menschen chinesische oder koreanische Autos?<\/h2>\n<p>Sollte zuf\u00e4llig jemand Verantwortlicher von \u0160koda diese Zeilen lesen:<\/p>\n<p>Vielleicht sollte man sich nicht nur fragen, warum Marken wie BYD, Kia, Hyundai und andere asiatische Hersteller in Europa immer beliebter werden.<\/p>\n<p>Vielleicht sollte man sich auch einmal ansehen, welche Erfahrungen Kunden mit den etablierten europ\u00e4ischen Herstellern machen.<\/p>\n<p>Ich habe mich ganz bewusst f\u00fcr \u0160koda entschieden.<\/p>\n<p>Unter anderem auch deshalb, weil ich einem europ\u00e4ischen Hersteller den Vorzug geben wollte.<\/p>\n<p>Nach meinen bisherigen Erfahrungen frage ich mich mittlerweile ernsthaft, ob diese Entscheidung richtig war.<\/p>\n<p>Denn als Kunde m\u00f6chte ich bei einem Fahrzeug dieser Preisklasse nicht das Gef\u00fchl haben, lediglich eine <strong>Ticketnummer in irgendeinem Supportsystem<\/strong> zu sein.<\/p>\n<p>Vor allem m\u00f6chte ich nach dem Kauf eines Autos eines tun k\u00f6nnen:<\/p>\n<p><strong>damit fahren.<\/strong><\/p>\n<p>Das sollte eigentlich keine \u00fcbertriebene Erwartung sein.<\/p>\n<h2>Mein Fazit \u2013 vorerst<\/h2>\n<p>Aktuell steht mein neuer \u0160koda Elroq 85x Sportline Modelljahr 2027 weiterhin beim H\u00e4ndler.<\/p>\n<p>Der erste \u00dcbergabeversuch scheiterte an einem Softwareproblem, nach dem s\u00e4mtliche Displays ausgefallen waren.<\/p>\n<p>Der zweite Versuch scheiterte wenige Tage sp\u00e4ter an einer St\u00f6rung der Antriebseinheit.<\/p>\n<p>Und davor durfte ich bereits feststellen, dass ein beworbenes Ausstattungsmerkmal meines Modelljahres \u2013 die 220-V-Steckdose \u2013 bei meinem Fahrzeug schlicht entfallen ist.<\/p>\n<p>Ich hingegen fahre weiterhin meinen zw\u00f6lf Jahre alten Peugeot 2008.<\/p>\n<p>Der hat zwar keine OTA-Updates.<\/p>\n<p>Keine riesigen Displays.<\/p>\n<p>Und deutlich weniger Software.<\/p>\n<p>Daf\u00fcr macht er etwas ziemlich zuverl\u00e4ssig:<\/p>\n<p><strong>Er f\u00e4hrt.<\/strong><\/p>\n<p>Mal sehen, wie dieses Abenteuer weitergeht.<\/p>\n<p>Momentan bin ich jedenfalls nicht mehr weit davon entfernt, den Elroq gedanklich in den Wind zu schie\u00dfen und mir doch einen BYD anzusehen.<\/p>\n<p>Und ja:<\/p>\n<p><strong>Auch von einem Kaufvertrag kann man unter bestimmten Voraussetzungen wieder zur\u00fccktreten.<\/strong> \ud83d\ude09<\/p>\n<p>Over and out.<\/p>\n<p><strong>Mario \u2013 der eigentlich l\u00e4ngst Elroq fahren wollte<\/strong><\/p>\n","protected":false},"excerpt":{"rendered":"<p>\u0160koda Elroq 85x Sportline MY2027 \u2013 gekauft, bezahlt, aber nicht fahrbereit Seit ungef\u00e4hr einem halben Jahr besch\u00e4ftige ich mich intensiv mit dem Kauf eines neuen Elektroautos. Aktuell fahre ich noch einen mittlerweile zw\u00f6lf Jahre alten Peugeot 2008. Mein Wunsch f\u00fcr den Nachfolger war eigentlich recht \u00fcberschaubar: ungef\u00e4hr die gleiche Fahrzeuggr\u00f6\u00dfe, vollelektrisch und eine vern\u00fcnftige Reichweite &hellip; <a href=\"https:\/\/blog.fh-kaernten.at\/wehr\/2026\/09\/03\/skoda-elroq-85x-sportline-my2027-probleme\/\" class=\"more-link\">Continue reading <span class=\"screen-reader-text\">\u0160koda Elroq 85x Sportline MY2027 \u2013 gekauft, bezahlt, aber nicht fahrbereit<\/span> <span class=\"meta-nav\">&rarr;<\/span><\/a><\/p>\n","protected":false},"author":3,"featured_media":0,"comment_status":"open","ping_status":"open","sticky":false,"template":"","format":"standard","meta":{"inline_featured_image":false,"ngg_post_thumbnail":0,"footnotes":""},"categories":[29],"tags":[30],"class_list":["post-2982","post","type-post","status-publish","format-standard","hentry","category-elektromobilitat","tag-e"],"yoast_head":"<!-- This site is optimized with the Yoast SEO plugin v28.4 - https:\/\/yoast.com\/product\/yoast-seo-wordpress\/ -->\n<title>\u0160koda Elroq 85x Sportline MY2027: Probleme bei \u00dcbergabe<\/title>\n<meta name=\"description\" content=\"Mein \u0160koda Elroq 85x Sportline MY2027: Display-Ausfall, Antriebsst\u00f6rung und fehlende 220-V-Steckdose \u2013 meine Erfahrung beim Neuwagenkauf.\" \/>\n<meta name=\"robots\" content=\"index, follow, max-snippet:-1, max-image-preview:large, max-video-preview:-1\" \/>\n<link rel=\"canonical\" href=\"http:\/\/blog.fh-kaernten.at\/wehr\/2026\/09\/03\/skoda-elroq-85x-sportline-my2027-probleme\/\" \/>\n<meta property=\"og:locale\" content=\"en_US\" \/>\n<meta property=\"og:type\" content=\"article\" \/>\n<meta property=\"og:title\" content=\"Neuer \u0160koda Elroq 85x: bezahlt \u2013 aber zweimal nicht fahrbereit\" \/>\n<meta property=\"og:description\" content=\"Mein Abenteuer mit dem \u0160koda Elroq 85x Sportline MY2027: fehlende 220-V-Steckdose, ausgefallene Displays und schlie\u00dflich eine St\u00f6rung der Antriebseinheit. So hatte ich mir die \u00dcbergabe meines neuen Elektroautos nicht vorgestellt.\" \/>\n<meta property=\"og:url\" content=\"http:\/\/blog.fh-kaernten.at\/wehr\/2026\/09\/03\/skoda-elroq-85x-sportline-my2027-probleme\/\" \/>\n<meta property=\"og:site_name\" content=\"Mario&#039;s TinyLab\" \/>\n<meta property=\"article:published_time\" content=\"2026-09-03T09:35:12+00:00\" \/>\n<meta property=\"article:modified_time\" content=\"2026-09-03T15:28:51+00:00\" \/>\n<meta name=\"author\" content=\"Mario Wehr\" \/>\n<meta name=\"twitter:card\" content=\"summary_large_image\" \/>\n<meta name=\"twitter:label1\" content=\"Written by\" \/>\n\t<meta name=\"twitter:data1\" content=\"Mario Wehr\" \/>\n\t<meta name=\"twitter:label2\" content=\"Est. reading time\" \/>\n\t<meta name=\"twitter:data2\" content=\"6 minutes\" \/>\n<script type=\"application\/ld+json\" class=\"yoast-schema-graph\">{\"@context\":\"https:\\\/\\\/schema.org\",\"@graph\":[{\"@type\":\"Article\",\"@id\":\"http:\\\/\\\/blog.fh-kaernten.at\\\/wehr\\\/2026\\\/09\\\/03\\\/skoda-elroq-85x-sportline-my2027-probleme\\\/#article\",\"isPartOf\":{\"@id\":\"http:\\\/\\\/blog.fh-kaernten.at\\\/wehr\\\/2026\\\/09\\\/03\\\/skoda-elroq-85x-sportline-my2027-probleme\\\/\"},\"author\":{\"name\":\"Mario Wehr\",\"@id\":\"https:\\\/\\\/blog.fh-kaernten.at\\\/wehr\\\/#\\\/schema\\\/person\\\/8761b4d788b13b547de9ccd6504ce62d\"},\"headline\":\"\u0160koda Elroq 85x Sportline MY2027 \u2013 gekauft, bezahlt, aber nicht fahrbereit\",\"datePublished\":\"2026-09-03T09:35:12+00:00\",\"dateModified\":\"2026-09-03T15:28:51+00:00\",\"mainEntityOfPage\":{\"@id\":\"http:\\\/\\\/blog.fh-kaernten.at\\\/wehr\\\/2026\\\/09\\\/03\\\/skoda-elroq-85x-sportline-my2027-probleme\\\/\"},\"wordCount\":1455,\"commentCount\":1,\"keywords\":[\"e\"],\"articleSection\":[\"Elektromobilit\u00e4t\"],\"inLanguage\":\"en-US\",\"potentialAction\":[{\"@type\":\"CommentAction\",\"name\":\"Comment\",\"target\":[\"http:\\\/\\\/blog.fh-kaernten.at\\\/wehr\\\/2026\\\/09\\\/03\\\/skoda-elroq-85x-sportline-my2027-probleme\\\/#respond\"]}]},{\"@type\":\"WebPage\",\"@id\":\"http:\\\/\\\/blog.fh-kaernten.at\\\/wehr\\\/2026\\\/09\\\/03\\\/skoda-elroq-85x-sportline-my2027-probleme\\\/\",\"url\":\"http:\\\/\\\/blog.fh-kaernten.at\\\/wehr\\\/2026\\\/09\\\/03\\\/skoda-elroq-85x-sportline-my2027-probleme\\\/\",\"name\":\"\u0160koda Elroq 85x Sportline MY2027: Probleme bei \u00dcbergabe\",\"isPartOf\":{\"@id\":\"https:\\\/\\\/blog.fh-kaernten.at\\\/wehr\\\/#website\"},\"datePublished\":\"2026-09-03T09:35:12+00:00\",\"dateModified\":\"2026-09-03T15:28:51+00:00\",\"author\":{\"@id\":\"https:\\\/\\\/blog.fh-kaernten.at\\\/wehr\\\/#\\\/schema\\\/person\\\/8761b4d788b13b547de9ccd6504ce62d\"},\"description\":\"Mein \u0160koda Elroq 85x Sportline MY2027: Display-Ausfall, Antriebsst\u00f6rung und fehlende 220-V-Steckdose \u2013 meine Erfahrung beim Neuwagenkauf.\",\"breadcrumb\":{\"@id\":\"http:\\\/\\\/blog.fh-kaernten.at\\\/wehr\\\/2026\\\/09\\\/03\\\/skoda-elroq-85x-sportline-my2027-probleme\\\/#breadcrumb\"},\"inLanguage\":\"en-US\",\"potentialAction\":[{\"@type\":\"ReadAction\",\"target\":[\"http:\\\/\\\/blog.fh-kaernten.at\\\/wehr\\\/2026\\\/09\\\/03\\\/skoda-elroq-85x-sportline-my2027-probleme\\\/\"]}]},{\"@type\":\"BreadcrumbList\",\"@id\":\"http:\\\/\\\/blog.fh-kaernten.at\\\/wehr\\\/2026\\\/09\\\/03\\\/skoda-elroq-85x-sportline-my2027-probleme\\\/#breadcrumb\",\"itemListElement\":[{\"@type\":\"ListItem\",\"position\":1,\"name\":\"Home\",\"item\":\"https:\\\/\\\/blog.fh-kaernten.at\\\/wehr\\\/\"},{\"@type\":\"ListItem\",\"position\":2,\"name\":\"\u0160koda Elroq 85x Sportline MY2027 \u2013 gekauft, bezahlt, aber nicht fahrbereit\"}]},{\"@type\":\"WebSite\",\"@id\":\"https:\\\/\\\/blog.fh-kaernten.at\\\/wehr\\\/#website\",\"url\":\"https:\\\/\\\/blog.fh-kaernten.at\\\/wehr\\\/\",\"name\":\"Mario&#039;s TinyLab\",\"description\":\"About cool\\\/interesting Projects and Technologies\",\"potentialAction\":[{\"@type\":\"SearchAction\",\"target\":{\"@type\":\"EntryPoint\",\"urlTemplate\":\"https:\\\/\\\/blog.fh-kaernten.at\\\/wehr\\\/?s={search_term_string}\"},\"query-input\":{\"@type\":\"PropertyValueSpecification\",\"valueRequired\":true,\"valueName\":\"search_term_string\"}}],\"inLanguage\":\"en-US\"},{\"@type\":\"Person\",\"@id\":\"https:\\\/\\\/blog.fh-kaernten.at\\\/wehr\\\/#\\\/schema\\\/person\\\/8761b4d788b13b547de9ccd6504ce62d\",\"name\":\"Mario Wehr\",\"url\":\"https:\\\/\\\/blog.fh-kaernten.at\\\/wehr\\\/author\\\/wehr\\\/\"}]}<\/script>\n<!-- \/ Yoast SEO plugin. -->","yoast_head_json":{"title":"\u0160koda Elroq 85x Sportline MY2027: Probleme bei \u00dcbergabe","description":"Mein \u0160koda Elroq 85x Sportline MY2027: Display-Ausfall, Antriebsst\u00f6rung und fehlende 220-V-Steckdose \u2013 meine Erfahrung beim Neuwagenkauf.","robots":{"index":"index","follow":"follow","max-snippet":"max-snippet:-1","max-image-preview":"max-image-preview:large","max-video-preview":"max-video-preview:-1"},"canonical":"http:\/\/blog.fh-kaernten.at\/wehr\/2026\/09\/03\/skoda-elroq-85x-sportline-my2027-probleme\/","og_locale":"en_US","og_type":"article","og_title":"Neuer \u0160koda Elroq 85x: bezahlt \u2013 aber zweimal nicht fahrbereit","og_description":"Mein Abenteuer mit dem \u0160koda Elroq 85x Sportline MY2027: fehlende 220-V-Steckdose, ausgefallene Displays und schlie\u00dflich eine St\u00f6rung der Antriebseinheit. So hatte ich mir die \u00dcbergabe meines neuen Elektroautos nicht vorgestellt.","og_url":"http:\/\/blog.fh-kaernten.at\/wehr\/2026\/09\/03\/skoda-elroq-85x-sportline-my2027-probleme\/","og_site_name":"Mario&#039;s TinyLab","article_published_time":"2026-09-03T09:35:12+00:00","article_modified_time":"2026-09-03T15:28:51+00:00","author":"Mario Wehr","twitter_card":"summary_large_image","twitter_misc":{"Written by":"Mario Wehr","Est. reading time":"6 minutes"},"schema":{"@context":"https:\/\/schema.org","@graph":[{"@type":"Article","@id":"http:\/\/blog.fh-kaernten.at\/wehr\/2026\/09\/03\/skoda-elroq-85x-sportline-my2027-probleme\/#article","isPartOf":{"@id":"http:\/\/blog.fh-kaernten.at\/wehr\/2026\/09\/03\/skoda-elroq-85x-sportline-my2027-probleme\/"},"author":{"name":"Mario Wehr","@id":"https:\/\/blog.fh-kaernten.at\/wehr\/#\/schema\/person\/8761b4d788b13b547de9ccd6504ce62d"},"headline":"\u0160koda Elroq 85x Sportline MY2027 \u2013 gekauft, bezahlt, aber nicht fahrbereit","datePublished":"2026-09-03T09:35:12+00:00","dateModified":"2026-09-03T15:28:51+00:00","mainEntityOfPage":{"@id":"http:\/\/blog.fh-kaernten.at\/wehr\/2026\/09\/03\/skoda-elroq-85x-sportline-my2027-probleme\/"},"wordCount":1455,"commentCount":1,"keywords":["e"],"articleSection":["Elektromobilit\u00e4t"],"inLanguage":"en-US","potentialAction":[{"@type":"CommentAction","name":"Comment","target":["http:\/\/blog.fh-kaernten.at\/wehr\/2026\/09\/03\/skoda-elroq-85x-sportline-my2027-probleme\/#respond"]}]},{"@type":"WebPage","@id":"http:\/\/blog.fh-kaernten.at\/wehr\/2026\/09\/03\/skoda-elroq-85x-sportline-my2027-probleme\/","url":"http:\/\/blog.fh-kaernten.at\/wehr\/2026\/09\/03\/skoda-elroq-85x-sportline-my2027-probleme\/","name":"\u0160koda Elroq 85x Sportline MY2027: Probleme bei \u00dcbergabe","isPartOf":{"@id":"https:\/\/blog.fh-kaernten.at\/wehr\/#website"},"datePublished":"2026-09-03T09:35:12+00:00","dateModified":"2026-09-03T15:28:51+00:00","author":{"@id":"https:\/\/blog.fh-kaernten.at\/wehr\/#\/schema\/person\/8761b4d788b13b547de9ccd6504ce62d"},"description":"Mein \u0160koda Elroq 85x Sportline MY2027: Display-Ausfall, Antriebsst\u00f6rung und fehlende 220-V-Steckdose \u2013 meine Erfahrung beim Neuwagenkauf.","breadcrumb":{"@id":"http:\/\/blog.fh-kaernten.at\/wehr\/2026\/09\/03\/skoda-elroq-85x-sportline-my2027-probleme\/#breadcrumb"},"inLanguage":"en-US","potentialAction":[{"@type":"ReadAction","target":["http:\/\/blog.fh-kaernten.at\/wehr\/2026\/09\/03\/skoda-elroq-85x-sportline-my2027-probleme\/"]}]},{"@type":"BreadcrumbList","@id":"http:\/\/blog.fh-kaernten.at\/wehr\/2026\/09\/03\/skoda-elroq-85x-sportline-my2027-probleme\/#breadcrumb","itemListElement":[{"@type":"ListItem","position":1,"name":"Home","item":"https:\/\/blog.fh-kaernten.at\/wehr\/"},{"@type":"ListItem","position":2,"name":"\u0160koda Elroq 85x Sportline MY2027 \u2013 gekauft, bezahlt, aber nicht fahrbereit"}]},{"@type":"WebSite","@id":"https:\/\/blog.fh-kaernten.at\/wehr\/#website","url":"https:\/\/blog.fh-kaernten.at\/wehr\/","name":"Mario&#039;s TinyLab","description":"About cool\/interesting Projects and Technologies","potentialAction":[{"@type":"SearchAction","target":{"@type":"EntryPoint","urlTemplate":"https:\/\/blog.fh-kaernten.at\/wehr\/?s={search_term_string}"},"query-input":{"@type":"PropertyValueSpecification","valueRequired":true,"valueName":"search_term_string"}}],"inLanguage":"en-US"},{"@type":"Person","@id":"https:\/\/blog.fh-kaernten.at\/wehr\/#\/schema\/person\/8761b4d788b13b547de9ccd6504ce62d","name":"Mario Wehr","url":"https:\/\/blog.fh-kaernten.at\/wehr\/author\/wehr\/"}]}},"_links":{"self":[{"href":"https:\/\/blog.fh-kaernten.at\/wehr\/wp-json\/wp\/v2\/posts\/2982","targetHints":{"allow":["GET"]}}],"collection":[{"href":"https:\/\/blog.fh-kaernten.at\/wehr\/wp-json\/wp\/v2\/posts"}],"about":[{"href":"https:\/\/blog.fh-kaernten.at\/wehr\/wp-json\/wp\/v2\/types\/post"}],"author":[{"embeddable":true,"href":"https:\/\/blog.fh-kaernten.at\/wehr\/wp-json\/wp\/v2\/users\/3"}],"replies":[{"embeddable":true,"href":"https:\/\/blog.fh-kaernten.at\/wehr\/wp-json\/wp\/v2\/comments?post=2982"}],"version-history":[{"count":4,"href":"https:\/\/blog.fh-kaernten.at\/wehr\/wp-json\/wp\/v2\/posts\/2982\/revisions"}],"predecessor-version":[{"id":2986,"href":"https:\/\/blog.fh-kaernten.at\/wehr\/wp-json\/wp\/v2\/posts\/2982\/revisions\/2986"}],"wp:attachment":[{"href":"https:\/\/blog.fh-kaernten.at\/wehr\/wp-json\/wp\/v2\/media?parent=2982"}],"wp:term":[{"taxonomy":"category","embeddable":true,"href":"https:\/\/blog.fh-kaernten.at\/wehr\/wp-json\/wp\/v2\/categories?post=2982"},{"taxonomy":"post_tag","embeddable":true,"href":"https:\/\/blog.fh-kaernten.at\/wehr\/wp-json\/wp\/v2\/tags?post=2982"}],"curies":[{"name":"wp","href":"https:\/\/api.w.org\/{rel}","templated":true}]}}