{"id":779,"date":"2023-05-10T13:49:21","date_gmt":"2023-05-10T11:49:21","guid":{"rendered":"https:\/\/blog.fh-kaernten.at\/praxisbuero\/?p=779"},"modified":"2025-07-24T15:22:42","modified_gmt":"2025-07-24T13:22:42","slug":"akademische-praxisanleitung-und-praxislehre","status":"publish","type":"post","link":"https:\/\/blog.fh-kaernten.at\/praxisbuero\/akademische-praxisanleitung-und-praxislehre\/","title":{"rendered":"Akademische Praxisanleitung und Praxislehre"},"content":{"rendered":"\t\t<div data-elementor-type=\"wp-post\" data-elementor-id=\"779\" class=\"elementor elementor-779\" data-elementor-post-type=\"post\">\n\t\t\t\t\t\t<section class=\"elementor-section elementor-top-section elementor-element elementor-element-d45a860 elementor-section-boxed elementor-section-height-default elementor-section-height-default\" data-id=\"d45a860\" data-element_type=\"section\" data-e-type=\"section\">\n\t\t\t\t\t\t<div class=\"elementor-container elementor-column-gap-default\">\n\t\t\t\t\t<div class=\"elementor-column elementor-col-100 elementor-top-column elementor-element elementor-element-a80acb6\" data-id=\"a80acb6\" data-element_type=\"column\" data-e-type=\"column\">\n\t\t\t<div class=\"elementor-widget-wrap elementor-element-populated\">\n\t\t\t\t\t\t<div class=\"elementor-element elementor-element-020f897 elementor-widget elementor-widget-heading\" data-id=\"020f897\" data-element_type=\"widget\" data-e-type=\"widget\" data-widget_type=\"heading.default\">\n\t\t\t\t<div class=\"elementor-widget-container\">\n\t\t\t\t\t<h2 class=\"elementor-heading-title elementor-size-default\">Akademische Praxisanleitung und Praxislehre<\/h2>\t\t\t\t<\/div>\n\t\t\t\t<\/div>\n\t\t\t\t<div class=\"elementor-element elementor-element-f037982 elementor-widget-divider--view-line elementor-widget elementor-widget-divider\" data-id=\"f037982\" data-element_type=\"widget\" data-e-type=\"widget\" data-widget_type=\"divider.default\">\n\t\t\t\t<div class=\"elementor-widget-container\">\n\t\t\t\t\t\t\t<div class=\"elementor-divider\">\n\t\t\t<span class=\"elementor-divider-separator\">\n\t\t\t\t\t\t<\/span>\n\t\t<\/div>\n\t\t\t\t\t\t<\/div>\n\t\t\t\t<\/div>\n\t\t\t\t\t<\/div>\n\t\t<\/div>\n\t\t\t\t\t<\/div>\n\t\t<\/section>\n\t\t\t\t<section class=\"elementor-section elementor-top-section elementor-element elementor-element-1c6a08c elementor-section-boxed elementor-section-height-default elementor-section-height-default\" data-id=\"1c6a08c\" data-element_type=\"section\" data-e-type=\"section\">\n\t\t\t\t\t\t<div class=\"elementor-container elementor-column-gap-default\">\n\t\t\t\t\t<div class=\"elementor-column elementor-col-100 elementor-top-column elementor-element elementor-element-5ed110c\" data-id=\"5ed110c\" data-element_type=\"column\" data-e-type=\"column\">\n\t\t\t<div class=\"elementor-widget-wrap elementor-element-populated\">\n\t\t\t\t\t\t<section class=\"elementor-section elementor-inner-section elementor-element elementor-element-13af97e elementor-section-boxed elementor-section-height-default elementor-section-height-default\" data-id=\"13af97e\" data-element_type=\"section\" data-e-type=\"section\">\n\t\t\t\t\t\t<div class=\"elementor-container elementor-column-gap-default\">\n\t\t\t\t\t<div class=\"elementor-column elementor-col-50 elementor-inner-column elementor-element elementor-element-421e52c\" data-id=\"421e52c\" data-element_type=\"column\" data-e-type=\"column\">\n\t\t\t<div class=\"elementor-widget-wrap elementor-element-populated\">\n\t\t\t\t\t\t<div class=\"elementor-element elementor-element-f14d26c elementor-widget elementor-widget-image\" data-id=\"f14d26c\" data-element_type=\"widget\" data-e-type=\"widget\" data-widget_type=\"image.default\">\n\t\t\t\t<div class=\"elementor-widget-container\">\n\t\t\t\t\t\t\t\t\t\t\t\t\t\t\t<img fetchpriority=\"high\" decoding=\"async\" width=\"1024\" height=\"768\" src=\"https:\/\/blog.fh-kaernten.at\/praxisbuero\/files\/2023\/05\/zertifikatslehrgang-1024x768.jpg\" class=\"attachment-large size-large wp-image-746\" alt=\"\" srcset=\"https:\/\/blog.fh-kaernten.at\/praxisbuero\/files\/2023\/05\/zertifikatslehrgang-1024x768.jpg 1024w, https:\/\/blog.fh-kaernten.at\/praxisbuero\/files\/2023\/05\/zertifikatslehrgang-300x225.jpg 300w, https:\/\/blog.fh-kaernten.at\/praxisbuero\/files\/2023\/05\/zertifikatslehrgang-768x576.jpg 768w, https:\/\/blog.fh-kaernten.at\/praxisbuero\/files\/2023\/05\/zertifikatslehrgang-1536x1152.jpg 1536w, https:\/\/blog.fh-kaernten.at\/praxisbuero\/files\/2023\/05\/zertifikatslehrgang-2048x1536.jpg 2048w, https:\/\/blog.fh-kaernten.at\/praxisbuero\/files\/2023\/05\/zertifikatslehrgang-1000x750.jpg 1000w, https:\/\/blog.fh-kaernten.at\/praxisbuero\/files\/2023\/05\/zertifikatslehrgang-230x173.jpg 230w, https:\/\/blog.fh-kaernten.at\/praxisbuero\/files\/2023\/05\/zertifikatslehrgang-350x263.jpg 350w, https:\/\/blog.fh-kaernten.at\/praxisbuero\/files\/2023\/05\/zertifikatslehrgang-480x360.jpg 480w\" sizes=\"(max-width: 1024px) 100vw, 1024px\" \/>\t\t\t\t\t\t\t\t\t\t\t\t\t\t\t<\/div>\n\t\t\t\t<\/div>\n\t\t\t\t\t<\/div>\n\t\t<\/div>\n\t\t\t\t<div class=\"elementor-column elementor-col-50 elementor-inner-column elementor-element elementor-element-53006b7\" data-id=\"53006b7\" data-element_type=\"column\" data-e-type=\"column\">\n\t\t\t<div class=\"elementor-widget-wrap elementor-element-populated\">\n\t\t\t\t\t\t<div class=\"elementor-element elementor-element-eda5e2b elementor-widget elementor-widget-text-editor\" data-id=\"eda5e2b\" data-element_type=\"widget\" data-e-type=\"widget\" data-widget_type=\"text-editor.default\">\n\t\t\t\t<div class=\"elementor-widget-container\">\n\t\t\t\t\t\t\t\t\t<p>Der Lehrgang Akademische Praxisanleitung und Praxislehre bietet eine vertiefende Ausbildung f\u00fcr alle, die ihre Rolle als Anleiterin oder Lehrender im Praxisfeld weiterentwickeln m\u00f6chten. Mit innovativen Denkans\u00e4tzen zu den Themen Lehren, Lernen und Beraten werden theoretisches Wissen und praktische Handlungskompetenz miteinander verkn\u00fcpft.<br \/>Im Fokus stehen:<\/p><ul><li>Planung, Begr\u00fcndung und Umsetzung von Anleitung auf Basis aktueller Konzepte<\/li><li>Grundz\u00fcge des Projektmanagements: Entwicklung eines eigenen Projekts zur Anwendung und Weitergabe des Gelernten<\/li><li>Integration des Projekts in bestehende Netzwerke \u2013 innerhalb der eigenen Organisation oder dar\u00fcber hinaus<\/li><li>Anwendung wissenschaftlicher Methoden zur Reflexion und Weiterentwicklung der eigenen Praxis<\/li><\/ul><p>Zum Abschluss des Lehrgangs werden die erarbeiteten Inhalte in einem Bericht dokumentiert und im Rahmen eines Abschlussgespr\u00e4chs diskutiert und reflektiert.<br \/><br \/><\/p><p><strong>Weitere Informationen und Anmeldung:<\/strong><br \/><a href=\"http:\/\/www.fh-kaernten.at\/wbz\" target=\"_blank\" rel=\"noopener\">Veranstaltungs\u00fcbersicht FH K\u00e4rnten Academy | FH K\u00e4rnten<\/a><br \/><a href=\"mailto:e.klingbacher@fh-kaernten.at\">e.klingbacher@fh-kaernten.at<\/a><\/p>\t\t\t\t\t\t\t\t<\/div>\n\t\t\t\t<\/div>\n\t\t\t\t<div class=\"elementor-element elementor-element-34f253d elementor-align-left elementor-widget elementor-widget-button\" data-id=\"34f253d\" data-element_type=\"widget\" data-e-type=\"widget\" data-widget_type=\"button.default\">\n\t\t\t\t<div class=\"elementor-widget-container\">\n\t\t\t\t\t\t\t\t\t<div class=\"elementor-button-wrapper\">\n\t\t\t\t\t<a class=\"elementor-button elementor-button-link elementor-size-sm\" href=\"https:\/\/www.fh-kaernten.at\/wbz\">\n\t\t\t\t\t\t<span class=\"elementor-button-content-wrapper\">\n\t\t\t\t\t\t\t\t\t<span class=\"elementor-button-text\">FH K\u00e4rnten ACADEMY<\/span>\n\t\t\t\t\t<\/span>\n\t\t\t\t\t<\/a>\n\t\t\t\t<\/div>\n\t\t\t\t\t\t\t\t<\/div>\n\t\t\t\t<\/div>\n\t\t\t\t\t<\/div>\n\t\t<\/div>\n\t\t\t\t\t<\/div>\n\t\t<\/section>\n\t\t\t\t\t<\/div>\n\t\t<\/div>\n\t\t\t\t\t<\/div>\n\t\t<\/section>\n\t\t\t\t<\/div>\n\t\t","protected":false},"excerpt":{"rendered":"<p>Akademische Praxisanleitung und Praxislehre Der Lehrgang Akademische Praxisanleitung und Praxislehre bietet eine vertiefende Ausbildung f\u00fcr alle, die ihre Rolle als Anleiterin oder [&hellip;]<\/p>\n","protected":false},"author":48,"featured_media":746,"comment_status":"open","ping_status":"open","sticky":false,"template":"elementor_header_footer","format":"standard","meta":{"inline_featured_image":false,"footnotes":""},"categories":[1],"tags":[],"class_list":["post-779","post","type-post","status-publish","format-standard","has-post-thumbnail","hentry","category-allgemein"],"yoast_head":"<!-- This site is optimized with the Yoast SEO plugin v27.5 - https:\/\/yoast.com\/product\/yoast-seo-wordpress\/ -->\n<title>Akademische Praxisanleitung und Praxislehre - Praxisb\u00fcro<\/title>\n<meta name=\"robots\" content=\"index, follow, max-snippet:-1, max-image-preview:large, max-video-preview:-1\" \/>\n<link rel=\"canonical\" href=\"https:\/\/blog.fh-kaernten.at\/praxisbuero\/akademische-praxisanleitung-und-praxislehre\/\" \/>\n<meta property=\"og:locale\" content=\"de_DE\" \/>\n<meta property=\"og:type\" content=\"article\" \/>\n<meta property=\"og:title\" content=\"Akademische Praxisanleitung und Praxislehre - Praxisb\u00fcro\" \/>\n<meta property=\"og:description\" content=\"Akademische Praxisanleitung und Praxislehre Der Lehrgang Akademische Praxisanleitung und Praxislehre bietet eine vertiefende Ausbildung f\u00fcr alle, die ihre Rolle als Anleiterin oder [&hellip;]\" \/>\n<meta property=\"og:url\" content=\"https:\/\/blog.fh-kaernten.at\/praxisbuero\/akademische-praxisanleitung-und-praxislehre\/\" \/>\n<meta property=\"og:site_name\" content=\"Praxisb\u00fcro\" \/>\n<meta property=\"article:published_time\" content=\"2023-05-10T11:49:21+00:00\" \/>\n<meta property=\"article:modified_time\" content=\"2025-07-24T13:22:42+00:00\" \/>\n<meta property=\"og:image\" content=\"https:\/\/blog.fh-kaernten.at\/praxisbuero\/files\/2023\/05\/zertifikatslehrgang.jpg\" \/>\n\t<meta property=\"og:image:width\" content=\"2500\" \/>\n\t<meta property=\"og:image:height\" content=\"1875\" \/>\n\t<meta property=\"og:image:type\" content=\"image\/jpeg\" \/>\n<meta name=\"author\" content=\"klingberg\" \/>\n<meta name=\"twitter:card\" content=\"summary_large_image\" \/>\n<meta name=\"twitter:label1\" content=\"Verfasst von\" \/>\n\t<meta name=\"twitter:data1\" content=\"klingberg\" \/>\n\t<meta name=\"twitter:label2\" content=\"Gesch\u00e4tzte Lesezeit\" \/>\n\t<meta name=\"twitter:data2\" content=\"1\u00a0Minute\" \/>\n<script type=\"application\/ld+json\" class=\"yoast-schema-graph\">{\"@context\":\"https:\\\/\\\/schema.org\",\"@graph\":[{\"@type\":\"Article\",\"@id\":\"https:\\\/\\\/blog.fh-kaernten.at\\\/praxisbuero\\\/akademische-praxisanleitung-und-praxislehre\\\/#article\",\"isPartOf\":{\"@id\":\"https:\\\/\\\/blog.fh-kaernten.at\\\/praxisbuero\\\/akademische-praxisanleitung-und-praxislehre\\\/\"},\"author\":{\"name\":\"klingberg\",\"@id\":\"https:\\\/\\\/blog.fh-kaernten.at\\\/praxisbuero\\\/#\\\/schema\\\/person\\\/9d9fe62d1d555df7a417b35dc285f4cd\"},\"headline\":\"Akademische Praxisanleitung und Praxislehre\",\"datePublished\":\"2023-05-10T11:49:21+00:00\",\"dateModified\":\"2025-07-24T13:22:42+00:00\",\"mainEntityOfPage\":{\"@id\":\"https:\\\/\\\/blog.fh-kaernten.at\\\/praxisbuero\\\/akademische-praxisanleitung-und-praxislehre\\\/\"},\"wordCount\":147,\"commentCount\":0,\"image\":{\"@id\":\"https:\\\/\\\/blog.fh-kaernten.at\\\/praxisbuero\\\/akademische-praxisanleitung-und-praxislehre\\\/#primaryimage\"},\"thumbnailUrl\":\"https:\\\/\\\/blog.fh-kaernten.at\\\/praxisbuero\\\/files\\\/2023\\\/05\\\/zertifikatslehrgang.jpg\",\"inLanguage\":\"de\",\"potentialAction\":[{\"@type\":\"CommentAction\",\"name\":\"Comment\",\"target\":[\"https:\\\/\\\/blog.fh-kaernten.at\\\/praxisbuero\\\/akademische-praxisanleitung-und-praxislehre\\\/#respond\"]}]},{\"@type\":\"WebPage\",\"@id\":\"https:\\\/\\\/blog.fh-kaernten.at\\\/praxisbuero\\\/akademische-praxisanleitung-und-praxislehre\\\/\",\"url\":\"https:\\\/\\\/blog.fh-kaernten.at\\\/praxisbuero\\\/akademische-praxisanleitung-und-praxislehre\\\/\",\"name\":\"Akademische Praxisanleitung und Praxislehre - Praxisb\u00fcro\",\"isPartOf\":{\"@id\":\"https:\\\/\\\/blog.fh-kaernten.at\\\/praxisbuero\\\/#website\"},\"primaryImageOfPage\":{\"@id\":\"https:\\\/\\\/blog.fh-kaernten.at\\\/praxisbuero\\\/akademische-praxisanleitung-und-praxislehre\\\/#primaryimage\"},\"image\":{\"@id\":\"https:\\\/\\\/blog.fh-kaernten.at\\\/praxisbuero\\\/akademische-praxisanleitung-und-praxislehre\\\/#primaryimage\"},\"thumbnailUrl\":\"https:\\\/\\\/blog.fh-kaernten.at\\\/praxisbuero\\\/files\\\/2023\\\/05\\\/zertifikatslehrgang.jpg\",\"datePublished\":\"2023-05-10T11:49:21+00:00\",\"dateModified\":\"2025-07-24T13:22:42+00:00\",\"author\":{\"@id\":\"https:\\\/\\\/blog.fh-kaernten.at\\\/praxisbuero\\\/#\\\/schema\\\/person\\\/9d9fe62d1d555df7a417b35dc285f4cd\"},\"breadcrumb\":{\"@id\":\"https:\\\/\\\/blog.fh-kaernten.at\\\/praxisbuero\\\/akademische-praxisanleitung-und-praxislehre\\\/#breadcrumb\"},\"inLanguage\":\"de\",\"potentialAction\":[{\"@type\":\"ReadAction\",\"target\":[\"https:\\\/\\\/blog.fh-kaernten.at\\\/praxisbuero\\\/akademische-praxisanleitung-und-praxislehre\\\/\"]}]},{\"@type\":\"ImageObject\",\"inLanguage\":\"de\",\"@id\":\"https:\\\/\\\/blog.fh-kaernten.at\\\/praxisbuero\\\/akademische-praxisanleitung-und-praxislehre\\\/#primaryimage\",\"url\":\"https:\\\/\\\/blog.fh-kaernten.at\\\/praxisbuero\\\/files\\\/2023\\\/05\\\/zertifikatslehrgang.jpg\",\"contentUrl\":\"https:\\\/\\\/blog.fh-kaernten.at\\\/praxisbuero\\\/files\\\/2023\\\/05\\\/zertifikatslehrgang.jpg\",\"width\":2500,\"height\":1875},{\"@type\":\"BreadcrumbList\",\"@id\":\"https:\\\/\\\/blog.fh-kaernten.at\\\/praxisbuero\\\/akademische-praxisanleitung-und-praxislehre\\\/#breadcrumb\",\"itemListElement\":[{\"@type\":\"ListItem\",\"position\":1,\"name\":\"Startseite\",\"item\":\"https:\\\/\\\/blog.fh-kaernten.at\\\/praxisbuero\\\/\"},{\"@type\":\"ListItem\",\"position\":2,\"name\":\"Akademische Praxisanleitung und Praxislehre\"}]},{\"@type\":\"WebSite\",\"@id\":\"https:\\\/\\\/blog.fh-kaernten.at\\\/praxisbuero\\\/#website\",\"url\":\"https:\\\/\\\/blog.fh-kaernten.at\\\/praxisbuero\\\/\",\"name\":\"Praxisb\u00fcro\",\"description\":\"\",\"potentialAction\":[{\"@type\":\"SearchAction\",\"target\":{\"@type\":\"EntryPoint\",\"urlTemplate\":\"https:\\\/\\\/blog.fh-kaernten.at\\\/praxisbuero\\\/?s={search_term_string}\"},\"query-input\":{\"@type\":\"PropertyValueSpecification\",\"valueRequired\":true,\"valueName\":\"search_term_string\"}}],\"inLanguage\":\"de\"},{\"@type\":\"Person\",\"@id\":\"https:\\\/\\\/blog.fh-kaernten.at\\\/praxisbuero\\\/#\\\/schema\\\/person\\\/9d9fe62d1d555df7a417b35dc285f4cd\",\"name\":\"klingberg\"}]}<\/script>\n<!-- \/ Yoast SEO plugin. -->","yoast_head_json":{"title":"Akademische Praxisanleitung und Praxislehre - Praxisb\u00fcro","robots":{"index":"index","follow":"follow","max-snippet":"max-snippet:-1","max-image-preview":"max-image-preview:large","max-video-preview":"max-video-preview:-1"},"canonical":"https:\/\/blog.fh-kaernten.at\/praxisbuero\/akademische-praxisanleitung-und-praxislehre\/","og_locale":"de_DE","og_type":"article","og_title":"Akademische Praxisanleitung und Praxislehre - Praxisb\u00fcro","og_description":"Akademische Praxisanleitung und Praxislehre Der Lehrgang Akademische Praxisanleitung und Praxislehre bietet eine vertiefende Ausbildung f\u00fcr alle, die ihre Rolle als Anleiterin oder [&hellip;]","og_url":"https:\/\/blog.fh-kaernten.at\/praxisbuero\/akademische-praxisanleitung-und-praxislehre\/","og_site_name":"Praxisb\u00fcro","article_published_time":"2023-05-10T11:49:21+00:00","article_modified_time":"2025-07-24T13:22:42+00:00","og_image":[{"width":2500,"height":1875,"url":"https:\/\/blog.fh-kaernten.at\/praxisbuero\/files\/2023\/05\/zertifikatslehrgang.jpg","type":"image\/jpeg"}],"author":"klingberg","twitter_card":"summary_large_image","twitter_misc":{"Verfasst von":"klingberg","Gesch\u00e4tzte Lesezeit":"1\u00a0Minute"},"schema":{"@context":"https:\/\/schema.org","@graph":[{"@type":"Article","@id":"https:\/\/blog.fh-kaernten.at\/praxisbuero\/akademische-praxisanleitung-und-praxislehre\/#article","isPartOf":{"@id":"https:\/\/blog.fh-kaernten.at\/praxisbuero\/akademische-praxisanleitung-und-praxislehre\/"},"author":{"name":"klingberg","@id":"https:\/\/blog.fh-kaernten.at\/praxisbuero\/#\/schema\/person\/9d9fe62d1d555df7a417b35dc285f4cd"},"headline":"Akademische Praxisanleitung und Praxislehre","datePublished":"2023-05-10T11:49:21+00:00","dateModified":"2025-07-24T13:22:42+00:00","mainEntityOfPage":{"@id":"https:\/\/blog.fh-kaernten.at\/praxisbuero\/akademische-praxisanleitung-und-praxislehre\/"},"wordCount":147,"commentCount":0,"image":{"@id":"https:\/\/blog.fh-kaernten.at\/praxisbuero\/akademische-praxisanleitung-und-praxislehre\/#primaryimage"},"thumbnailUrl":"https:\/\/blog.fh-kaernten.at\/praxisbuero\/files\/2023\/05\/zertifikatslehrgang.jpg","inLanguage":"de","potentialAction":[{"@type":"CommentAction","name":"Comment","target":["https:\/\/blog.fh-kaernten.at\/praxisbuero\/akademische-praxisanleitung-und-praxislehre\/#respond"]}]},{"@type":"WebPage","@id":"https:\/\/blog.fh-kaernten.at\/praxisbuero\/akademische-praxisanleitung-und-praxislehre\/","url":"https:\/\/blog.fh-kaernten.at\/praxisbuero\/akademische-praxisanleitung-und-praxislehre\/","name":"Akademische Praxisanleitung und Praxislehre - Praxisb\u00fcro","isPartOf":{"@id":"https:\/\/blog.fh-kaernten.at\/praxisbuero\/#website"},"primaryImageOfPage":{"@id":"https:\/\/blog.fh-kaernten.at\/praxisbuero\/akademische-praxisanleitung-und-praxislehre\/#primaryimage"},"image":{"@id":"https:\/\/blog.fh-kaernten.at\/praxisbuero\/akademische-praxisanleitung-und-praxislehre\/#primaryimage"},"thumbnailUrl":"https:\/\/blog.fh-kaernten.at\/praxisbuero\/files\/2023\/05\/zertifikatslehrgang.jpg","datePublished":"2023-05-10T11:49:21+00:00","dateModified":"2025-07-24T13:22:42+00:00","author":{"@id":"https:\/\/blog.fh-kaernten.at\/praxisbuero\/#\/schema\/person\/9d9fe62d1d555df7a417b35dc285f4cd"},"breadcrumb":{"@id":"https:\/\/blog.fh-kaernten.at\/praxisbuero\/akademische-praxisanleitung-und-praxislehre\/#breadcrumb"},"inLanguage":"de","potentialAction":[{"@type":"ReadAction","target":["https:\/\/blog.fh-kaernten.at\/praxisbuero\/akademische-praxisanleitung-und-praxislehre\/"]}]},{"@type":"ImageObject","inLanguage":"de","@id":"https:\/\/blog.fh-kaernten.at\/praxisbuero\/akademische-praxisanleitung-und-praxislehre\/#primaryimage","url":"https:\/\/blog.fh-kaernten.at\/praxisbuero\/files\/2023\/05\/zertifikatslehrgang.jpg","contentUrl":"https:\/\/blog.fh-kaernten.at\/praxisbuero\/files\/2023\/05\/zertifikatslehrgang.jpg","width":2500,"height":1875},{"@type":"BreadcrumbList","@id":"https:\/\/blog.fh-kaernten.at\/praxisbuero\/akademische-praxisanleitung-und-praxislehre\/#breadcrumb","itemListElement":[{"@type":"ListItem","position":1,"name":"Startseite","item":"https:\/\/blog.fh-kaernten.at\/praxisbuero\/"},{"@type":"ListItem","position":2,"name":"Akademische Praxisanleitung und Praxislehre"}]},{"@type":"WebSite","@id":"https:\/\/blog.fh-kaernten.at\/praxisbuero\/#website","url":"https:\/\/blog.fh-kaernten.at\/praxisbuero\/","name":"Praxisb\u00fcro","description":"","potentialAction":[{"@type":"SearchAction","target":{"@type":"EntryPoint","urlTemplate":"https:\/\/blog.fh-kaernten.at\/praxisbuero\/?s={search_term_string}"},"query-input":{"@type":"PropertyValueSpecification","valueRequired":true,"valueName":"search_term_string"}}],"inLanguage":"de"},{"@type":"Person","@id":"https:\/\/blog.fh-kaernten.at\/praxisbuero\/#\/schema\/person\/9d9fe62d1d555df7a417b35dc285f4cd","name":"klingberg"}]}},"_links":{"self":[{"href":"https:\/\/blog.fh-kaernten.at\/praxisbuero\/wp-json\/wp\/v2\/posts\/779","targetHints":{"allow":["GET"]}}],"collection":[{"href":"https:\/\/blog.fh-kaernten.at\/praxisbuero\/wp-json\/wp\/v2\/posts"}],"about":[{"href":"https:\/\/blog.fh-kaernten.at\/praxisbuero\/wp-json\/wp\/v2\/types\/post"}],"author":[{"embeddable":true,"href":"https:\/\/blog.fh-kaernten.at\/praxisbuero\/wp-json\/wp\/v2\/users\/48"}],"replies":[{"embeddable":true,"href":"https:\/\/blog.fh-kaernten.at\/praxisbuero\/wp-json\/wp\/v2\/comments?post=779"}],"version-history":[{"count":0,"href":"https:\/\/blog.fh-kaernten.at\/praxisbuero\/wp-json\/wp\/v2\/posts\/779\/revisions"}],"wp:featuredmedia":[{"embeddable":true,"href":"https:\/\/blog.fh-kaernten.at\/praxisbuero\/wp-json\/wp\/v2\/media\/746"}],"wp:attachment":[{"href":"https:\/\/blog.fh-kaernten.at\/praxisbuero\/wp-json\/wp\/v2\/media?parent=779"}],"wp:term":[{"taxonomy":"category","embeddable":true,"href":"https:\/\/blog.fh-kaernten.at\/praxisbuero\/wp-json\/wp\/v2\/categories?post=779"},{"taxonomy":"post_tag","embeddable":true,"href":"https:\/\/blog.fh-kaernten.at\/praxisbuero\/wp-json\/wp\/v2\/tags?post=779"}],"curies":[{"name":"wp","href":"https:\/\/api.w.org\/{rel}","templated":true}]}}