{"id":472,"date":"2022-03-21T09:35:53","date_gmt":"2022-03-21T08:35:53","guid":{"rendered":"https:\/\/blog.fh-kaernten.at\/praxisbuero\/?p=472"},"modified":"2023-05-08T17:51:43","modified_gmt":"2023-05-08T15:51:43","slug":"zertifikatsuebergabe-praxispartner","status":"publish","type":"post","link":"https:\/\/blog.fh-kaernten.at\/praxisbuero\/zertifikatsuebergabe-praxispartner\/","title":{"rendered":"Zertifikats\u00fcbergabe Praxispartner"},"content":{"rendered":"\t\t<div data-elementor-type=\"wp-post\" data-elementor-id=\"472\" class=\"elementor elementor-472\" data-elementor-post-type=\"post\">\n\t\t\t\t\t\t<section class=\"elementor-section elementor-top-section elementor-element elementor-element-665ca51e elementor-section-boxed elementor-section-height-default elementor-section-height-default\" data-id=\"665ca51e\" data-element_type=\"section\" data-e-type=\"section\">\n\t\t\t\t\t\t<div class=\"elementor-container elementor-column-gap-default\">\n\t\t\t\t\t<div class=\"elementor-column elementor-col-100 elementor-top-column elementor-element elementor-element-7ea66b30\" data-id=\"7ea66b30\" data-element_type=\"column\" data-e-type=\"column\">\n\t\t\t<div class=\"elementor-widget-wrap elementor-element-populated\">\n\t\t\t\t\t\t<div class=\"elementor-element elementor-element-96dc35d elementor-widget elementor-widget-heading\" data-id=\"96dc35d\" data-element_type=\"widget\" data-e-type=\"widget\" data-widget_type=\"heading.default\">\n\t\t\t\t<div class=\"elementor-widget-container\">\n\t\t\t\t\t<h2 class=\"elementor-heading-title elementor-size-default\">Zertifikats\u00fcbergabe Praxispartner<\/h2>\t\t\t\t<\/div>\n\t\t\t\t<\/div>\n\t\t\t\t<div class=\"elementor-element elementor-element-5bfd777 elementor-widget elementor-widget-text-editor\" data-id=\"5bfd777\" data-element_type=\"widget\" data-e-type=\"widget\" data-widget_type=\"text-editor.default\">\n\t\t\t\t<div class=\"elementor-widget-container\">\n\t\t\t\t\t\t\t\t\t\n<p>Seit Anfang M\u00e4rz k\u00f6nnen wir nach langem Warten wegen Corona endlich die Zertifikate an unsere zertifizierten Praxispartner pers\u00f6nlich zu \u00fcbergeben und haben sie deshalb in den Einrichtungen besucht. (Mario Bokalic, Christina Anticevic-Harrant, Claudia Wiedner)<\/p>\n\n<p>Durch die offiziell \u00fcberreichten Bilder und Aufkleber sowie die gegenseitig verlinkten Logos auf unseren Homepages m\u00f6chten wir diese Partnerschaften auch in den Unternehmen sowie im Studienbereich Gesundheit &amp; Soziales sichtbar machen.<\/p>\n\n<p>Diese \u00dcbergabe umrahmt zahlreiche Gespr\u00e4che zur nun bestehenden Partnerschaft und soll der Auftakt f\u00fcr viele gelingende und qualit\u00e4tsvolle Praktika sein, viele gute Gespr\u00e4che sowie die Vertiefung der gemeinsamen Zusammenarbeit zwischen der FH K\u00e4rnten \/ Studienbereich Gesundheit &amp; Soziales und unseren zertifizierten Partner*innen. Wir freuen uns auf den gemeinsamen Weg.<\/p>\n\t\t\t\t\t\t\t\t<\/div>\n\t\t\t\t<\/div>\n\t\t\t\t\t<\/div>\n\t\t<\/div>\n\t\t\t\t\t<\/div>\n\t\t<\/section>\n\t\t\t\t<section class=\"elementor-section elementor-top-section elementor-element elementor-element-510e05a elementor-section-boxed elementor-section-height-default elementor-section-height-default\" data-id=\"510e05a\" data-element_type=\"section\" data-e-type=\"section\">\n\t\t\t\t\t\t<div class=\"elementor-container elementor-column-gap-default\">\n\t\t\t\t\t<div class=\"elementor-column elementor-col-100 elementor-top-column elementor-element elementor-element-5039e1f\" data-id=\"5039e1f\" data-element_type=\"column\" data-e-type=\"column\">\n\t\t\t<div class=\"elementor-widget-wrap elementor-element-populated\">\n\t\t\t\t\t\t<div class=\"elementor-element elementor-element-e88d837 elementor-widget elementor-widget-image-gallery\" data-id=\"e88d837\" data-element_type=\"widget\" data-e-type=\"widget\" data-widget_type=\"image-gallery.default\">\n\t\t\t\t<div class=\"elementor-widget-container\">\n\t\t\t\t\t\t\t<div class=\"elementor-image-gallery\">\n\t\t\t<div id='gallery-1' class='gallery galleryid-472 gallery-columns-4 gallery-size-thumbnail'><figure class='gallery-item'>\n\t\t\t<div class='gallery-icon portrait'>\n\t\t\t\t<a data-elementor-open-lightbox=\"yes\" data-elementor-lightbox-slideshow=\"e88d837\" data-elementor-lightbox-title=\"praxisbuero-uebergabe\" data-e-action-hash=\"#elementor-action%3Aaction%3Dlightbox%26settings%3DeyJpZCI6NjY1LCJ1cmwiOiJodHRwczpcL1wvYmxvZy5maC1rYWVybnRlbi5hdFwvcHJheGlzYnVlcm9cL2ZpbGVzXC8yMDIzXC8wM1wvcHJheGlzYnVlcm8tdWViZXJnYWJlLXNjYWxlZC5qcGciLCJzbGlkZXNob3ciOiJlODhkODM3In0%3D\" href='https:\/\/blog.fh-kaernten.at\/praxisbuero\/files\/2023\/03\/praxisbuero-uebergabe-scaled.jpg'><img decoding=\"async\" width=\"150\" height=\"150\" src=\"https:\/\/blog.fh-kaernten.at\/praxisbuero\/files\/2023\/03\/praxisbuero-uebergabe-150x150.jpg\" class=\"attachment-thumbnail size-thumbnail\" alt=\"\" aria-describedby=\"gallery-1-665\" \/><\/a>\n\t\t\t<\/div>\n\t\t\t\t<figcaption class='wp-caption-text gallery-caption' id='gallery-1-665'>\n\t\t\t\tMag. Steffen Felscher, MA MA und  Mag. (FH) Mario Bokalic\n\t\t\t\t<\/figcaption><\/figure><figure class='gallery-item'>\n\t\t\t<div class='gallery-icon portrait'>\n\t\t\t\t<a data-elementor-open-lightbox=\"yes\" data-elementor-lightbox-slideshow=\"e88d837\" data-elementor-lightbox-title=\"praxisbuero-elisabethinen\" data-e-action-hash=\"#elementor-action%3Aaction%3Dlightbox%26settings%3DeyJpZCI6NjU4LCJ1cmwiOiJodHRwczpcL1wvYmxvZy5maC1rYWVybnRlbi5hdFwvcHJheGlzYnVlcm9cL2ZpbGVzXC8yMDIzXC8wM1wvcHJheGlzYnVlcm8tZWxpc2FiZXRoaW5lbi5qcGciLCJzbGlkZXNob3ciOiJlODhkODM3In0%3D\" href='https:\/\/blog.fh-kaernten.at\/praxisbuero\/files\/2023\/03\/praxisbuero-elisabethinen.jpg'><img decoding=\"async\" width=\"150\" height=\"150\" src=\"https:\/\/blog.fh-kaernten.at\/praxisbuero\/files\/2023\/03\/praxisbuero-elisabethinen-150x150.jpg\" class=\"attachment-thumbnail size-thumbnail\" alt=\"\" aria-describedby=\"gallery-1-658\" \/><\/a>\n\t\t\t<\/div>\n\t\t\t\t<figcaption class='wp-caption-text gallery-caption' id='gallery-1-658'>\n\t\t\t\tvon links: Fr. DGKP Woschitz Simone, PAL &#8211; Ausbildungsverantwortliche der Pflegedirektion, PDir. Silvia Lueger, MSc, Fr. Mag. Anticevic- Harrant, PD Ass. Tonitz Katharina, BSc\n\t\t\t\t<\/figcaption><\/figure><figure class='gallery-item'>\n\t\t\t<div class='gallery-icon landscape'>\n\t\t\t\t<a data-elementor-open-lightbox=\"yes\" data-elementor-lightbox-slideshow=\"e88d837\" data-elementor-lightbox-title=\"zertifizierte_praktikumseinrichtung\" data-e-action-hash=\"#elementor-action%3Aaction%3Dlightbox%26settings%3DeyJpZCI6NjEwLCJ1cmwiOiJodHRwczpcL1wvYmxvZy5maC1rYWVybnRlbi5hdFwvcHJheGlzYnVlcm9cL2ZpbGVzXC8yMDIzXC8wM1wvemVydGlmaXppZXJ0ZV9wcmFrdGlrdW1zZWlucmljaHR1bmcuanBnIiwic2xpZGVzaG93IjoiZTg4ZDgzNyJ9\" href='https:\/\/blog.fh-kaernten.at\/praxisbuero\/files\/2023\/03\/zertifizierte_praktikumseinrichtung.jpg'><img decoding=\"async\" width=\"150\" height=\"150\" src=\"https:\/\/blog.fh-kaernten.at\/praxisbuero\/files\/2023\/03\/zertifizierte_praktikumseinrichtung-150x150.jpg\" class=\"attachment-thumbnail size-thumbnail\" alt=\"\" aria-describedby=\"gallery-1-610\" \/><\/a>\n\t\t\t<\/div>\n\t\t\t\t<figcaption class='wp-caption-text gallery-caption' id='gallery-1-610'>\n\t\t\t\tv.l.: Mag. Andrea Samonigg-Mahrer (Gesch\u00e4ftsf\u00fchrerin und Verwaltungsdirektorin), FH-Prof. Dr. Holger Penz und DGKP Michaela Wutti, MBA\n\t\t\t\t<\/figcaption><\/figure><figure class='gallery-item'>\n\t\t\t<div class='gallery-icon landscape'>\n\t\t\t\t<a data-elementor-open-lightbox=\"yes\" data-elementor-lightbox-slideshow=\"e88d837\" data-elementor-lightbox-title=\"Zertifikatsuebergabe-SOS-Kinderdorf-17-03-22-6\" data-e-action-hash=\"#elementor-action%3Aaction%3Dlightbox%26settings%3DeyJpZCI6NDc1LCJ1cmwiOiJodHRwczpcL1wvYmxvZy5maC1rYWVybnRlbi5hdFwvcHJheGlzYnVlcm9cL2ZpbGVzXC8yMDIyXC8wM1wvWmVydGlmaWthdHN1ZWJlcmdhYmUtU09TLUtpbmRlcmRvcmYtMTctMDMtMjItNi1zY2FsZWQuanBnIiwic2xpZGVzaG93IjoiZTg4ZDgzNyJ9\" href='https:\/\/blog.fh-kaernten.at\/praxisbuero\/files\/2022\/03\/Zertifikatsuebergabe-SOS-Kinderdorf-17-03-22-6-scaled.jpg'><img loading=\"lazy\" decoding=\"async\" width=\"150\" height=\"150\" src=\"https:\/\/blog.fh-kaernten.at\/praxisbuero\/files\/2022\/03\/Zertifikatsuebergabe-SOS-Kinderdorf-17-03-22-6-150x150.jpg\" class=\"attachment-thumbnail size-thumbnail\" alt=\"\" aria-describedby=\"gallery-1-475\" \/><\/a>\n\t\t\t<\/div>\n\t\t\t\t<figcaption class='wp-caption-text gallery-caption' id='gallery-1-475'>\n\t\t\t\tSOS Kinderdorf: Mag. Gerald St\u00f6ckl, Leiter SOS Kinderdorf, Team SOS Kinderdorf Moosburg, Mag. Christina Anticevic-Harrant, Praxisb\u00fcro\n\t\t\t\t<\/figcaption><\/figure><figure class='gallery-item'>\n\t\t\t<div class='gallery-icon landscape'>\n\t\t\t\t<a data-elementor-open-lightbox=\"yes\" data-elementor-lightbox-slideshow=\"e88d837\" data-elementor-lightbox-title=\"Zertifikatsuebergabe-Lebenshilfe-1403-22-1\" data-e-action-hash=\"#elementor-action%3Aaction%3Dlightbox%26settings%3DeyJpZCI6NDczLCJ1cmwiOiJodHRwczpcL1wvYmxvZy5maC1rYWVybnRlbi5hdFwvcHJheGlzYnVlcm9cL2ZpbGVzXC8yMDIyXC8wM1wvWmVydGlmaWthdHN1ZWJlcmdhYmUtTGViZW5zaGlsZmUtMTQwMy0yMi0xLmpwZyIsInNsaWRlc2hvdyI6ImU4OGQ4MzcifQ%3D%3D\" href='https:\/\/blog.fh-kaernten.at\/praxisbuero\/files\/2022\/03\/Zertifikatsuebergabe-Lebenshilfe-1403-22-1.jpg'><img loading=\"lazy\" decoding=\"async\" width=\"150\" height=\"150\" src=\"https:\/\/blog.fh-kaernten.at\/praxisbuero\/files\/2022\/03\/Zertifikatsuebergabe-Lebenshilfe-1403-22-1-150x150.jpg\" class=\"attachment-thumbnail size-thumbnail\" alt=\"\" aria-describedby=\"gallery-1-473\" \/><\/a>\n\t\t\t<\/div>\n\t\t\t\t<figcaption class='wp-caption-text gallery-caption' id='gallery-1-473'>\n\t\t\t\tLebenshilfe: Hr. Mag. Steffen Felscher, MA MA, Silke Ehrenbrandtner, MBA Leiterin Lebenshilfe K\u00e4rnten, Claudia Wiedner, BA Praxisb\u00fcro\n\t\t\t\t<\/figcaption><\/figure><figure class='gallery-item'>\n\t\t\t<div class='gallery-icon landscape'>\n\t\t\t\t<a data-elementor-open-lightbox=\"yes\" data-elementor-lightbox-slideshow=\"e88d837\" data-elementor-lightbox-title=\"zertifikat-moki\" data-e-action-hash=\"#elementor-action%3Aaction%3Dlightbox%26settings%3DeyJpZCI6NTU0LCJ1cmwiOiJodHRwczpcL1wvYmxvZy5maC1rYWVybnRlbi5hdFwvcHJheGlzYnVlcm9cL2ZpbGVzXC8yMDIyXC8wNVwvemVydGlmaWthdC1tb2tpLmpwZyIsInNsaWRlc2hvdyI6ImU4OGQ4MzcifQ%3D%3D\" href='https:\/\/blog.fh-kaernten.at\/praxisbuero\/files\/2022\/05\/zertifikat-moki.jpg'><img loading=\"lazy\" decoding=\"async\" width=\"150\" height=\"150\" src=\"https:\/\/blog.fh-kaernten.at\/praxisbuero\/files\/2022\/05\/zertifikat-moki-150x150.jpg\" class=\"attachment-thumbnail size-thumbnail\" alt=\"\" aria-describedby=\"gallery-1-554\" \/><\/a>\n\t\t\t<\/div>\n\t\t\t\t<figcaption class='wp-caption-text gallery-caption' id='gallery-1-554'>\n\t\t\t\tSabine Gr\u00fcnberger, BA, MSc ANP, Mag. Christina Anticevic-Harrant, Praxisb\u00fcro\n\t\t\t\t<\/figcaption><\/figure><figure class='gallery-item'>\n\t\t\t<div class='gallery-icon portrait'>\n\t\t\t\t<a data-elementor-open-lightbox=\"yes\" data-elementor-lightbox-slideshow=\"e88d837\" data-elementor-lightbox-title=\"Zertifikatsuebergabe-Diakonie-1803-2022-1\" data-e-action-hash=\"#elementor-action%3Aaction%3Dlightbox%26settings%3DeyJpZCI6NDg5LCJ1cmwiOiJodHRwczpcL1wvYmxvZy5maC1rYWVybnRlbi5hdFwvcHJheGlzYnVlcm9cL2ZpbGVzXC8yMDIyXC8wM1wvWmVydGlmaWthdHN1ZWJlcmdhYmUtRGlha29uaWUtMTgwMy0yMDIyLTEtc2NhbGVkLmpwZyIsInNsaWRlc2hvdyI6ImU4OGQ4MzcifQ%3D%3D\" href='https:\/\/blog.fh-kaernten.at\/praxisbuero\/files\/2022\/03\/Zertifikatsuebergabe-Diakonie-1803-2022-1-scaled.jpg'><img loading=\"lazy\" decoding=\"async\" width=\"150\" height=\"150\" src=\"https:\/\/blog.fh-kaernten.at\/praxisbuero\/files\/2022\/03\/Zertifikatsuebergabe-Diakonie-1803-2022-1-150x150.jpg\" class=\"attachment-thumbnail size-thumbnail\" alt=\"\" aria-describedby=\"gallery-1-489\" \/><\/a>\n\t\t\t<\/div>\n\t\t\t\t<figcaption class='wp-caption-text gallery-caption' id='gallery-1-489'>\n\t\t\t\tDiakonie de La Tour: Mag. (FH) Mario Bokalic, Praxisb\u00fcro, Mag. Claudia Peters Diakonie de La Tour\n\t\t\t\t<\/figcaption><\/figure><figure class='gallery-item'>\n\t\t\t<div class='gallery-icon landscape'>\n\t\t\t\t<a data-elementor-open-lightbox=\"yes\" data-elementor-lightbox-slideshow=\"e88d837\" data-elementor-lightbox-title=\"Zertifikatsuebergabe-Klinik-Klu-0703-22-1\" data-e-action-hash=\"#elementor-action%3Aaction%3Dlightbox%26settings%3DeyJpZCI6NDc0LCJ1cmwiOiJodHRwczpcL1wvYmxvZy5maC1rYWVybnRlbi5hdFwvcHJheGlzYnVlcm9cL2ZpbGVzXC8yMDIyXC8wM1wvWmVydGlmaWthdHN1ZWJlcmdhYmUtS2xpbmlrLUtsdS0wNzAzLTIyLTEtc2NhbGVkLmpwZyIsInNsaWRlc2hvdyI6ImU4OGQ4MzcifQ%3D%3D\" href='https:\/\/blog.fh-kaernten.at\/praxisbuero\/files\/2022\/03\/Zertifikatsuebergabe-Klinik-Klu-0703-22-1-scaled.jpg'><img loading=\"lazy\" decoding=\"async\" width=\"150\" height=\"150\" src=\"https:\/\/blog.fh-kaernten.at\/praxisbuero\/files\/2022\/03\/Zertifikatsuebergabe-Klinik-Klu-0703-22-1-150x150.jpg\" class=\"attachment-thumbnail size-thumbnail\" alt=\"\" aria-describedby=\"gallery-1-474\" \/><\/a>\n\t\t\t<\/div>\n\t\t\t\t<figcaption class='wp-caption-text gallery-caption' id='gallery-1-474'>\n\t\t\t\tKabeg: Hr. Hubert Eckschlager, M.ed, Hr. Bernhard Rauter, Mba, Pflegedirektor, Mag. Christina Anticevic-Harrant Praxisb\u00fcro\n\t\t\t\t<\/figcaption><\/figure><figure class='gallery-item'>\n\t\t\t<div class='gallery-icon landscape'>\n\t\t\t\t<a data-elementor-open-lightbox=\"yes\" data-elementor-lightbox-slideshow=\"e88d837\" data-elementor-lightbox-title=\"Zertifikatsu\u0308bergabe-KH-Barmherzigebru\u0308der1-2-5-22\" data-e-action-hash=\"#elementor-action%3Aaction%3Dlightbox%26settings%3DeyJpZCI6NTQ4LCJ1cmwiOiJodHRwczpcL1wvYmxvZy5maC1rYWVybnRlbi5hdFwvcHJheGlzYnVlcm9cL2ZpbGVzXC8yMDIyXC8wNVwvWmVydGlmaWthdHN1XHUwMzA4YmVyZ2FiZS1LSC1CYXJtaGVyemlnZWJydVx1MDMwOGRlcjEtMi01LTIyLmpwZyIsInNsaWRlc2hvdyI6ImU4OGQ4MzcifQ%3D%3D\" href='https:\/\/blog.fh-kaernten.at\/praxisbuero\/files\/2022\/05\/Zertifikatsu\u0308bergabe-KH-Barmherzigebru\u0308der1-2-5-22.jpg'><img loading=\"lazy\" decoding=\"async\" width=\"150\" height=\"150\" src=\"https:\/\/blog.fh-kaernten.at\/praxisbuero\/files\/2022\/05\/Zertifikatsu\u0308bergabe-KH-Barmherzigebru\u0308der1-2-5-22-150x150.jpg\" class=\"attachment-thumbnail size-thumbnail\" alt=\"\" aria-describedby=\"gallery-1-548\" \/><\/a>\n\t\t\t<\/div>\n\t\t\t\t<figcaption class='wp-caption-text gallery-caption' id='gallery-1-548'>\n\t\t\t\tVon links nach rechts:  DGKP Elfriede Taxacher MBA, MSC, DGKP Magdalena De Monte, Claudia Wiedner, BA (Praxisb\u00fcro), DGKP Isabella Gitschthaler BSCN MSCN, Christine Grohar MAS\n\t\t\t\t<\/figcaption><\/figure><figure class='gallery-item'>\n\t\t\t<div class='gallery-icon landscape'>\n\t\t\t\t<a data-elementor-open-lightbox=\"yes\" data-elementor-lightbox-slideshow=\"e88d837\" data-elementor-lightbox-title=\"Zertifikatsu\u0308bergabe-KH-Barmherzigebru\u0308der8-2-5-22\" data-e-action-hash=\"#elementor-action%3Aaction%3Dlightbox%26settings%3DeyJpZCI6NTQ5LCJ1cmwiOiJodHRwczpcL1wvYmxvZy5maC1rYWVybnRlbi5hdFwvcHJheGlzYnVlcm9cL2ZpbGVzXC8yMDIyXC8wNVwvWmVydGlmaWthdHN1XHUwMzA4YmVyZ2FiZS1LSC1CYXJtaGVyemlnZWJydVx1MDMwOGRlcjgtMi01LTIyLmpwZyIsInNsaWRlc2hvdyI6ImU4OGQ4MzcifQ%3D%3D\" href='https:\/\/blog.fh-kaernten.at\/praxisbuero\/files\/2022\/05\/Zertifikatsu\u0308bergabe-KH-Barmherzigebru\u0308der8-2-5-22.jpg'><img loading=\"lazy\" decoding=\"async\" width=\"150\" height=\"150\" src=\"https:\/\/blog.fh-kaernten.at\/praxisbuero\/files\/2022\/05\/Zertifikatsu\u0308bergabe-KH-Barmherzigebru\u0308der8-2-5-22-150x150.jpg\" class=\"attachment-thumbnail size-thumbnail\" alt=\"\" aria-describedby=\"gallery-1-549\" \/><\/a>\n\t\t\t<\/div>\n\t\t\t\t<figcaption class='wp-caption-text gallery-caption' id='gallery-1-549'>\n\t\t\t\tVon links nach rechts:  Christine Grohar MAS, DGKP Elfriede Taxacher MBA, MSC, Claudia Wiedner, BA,  DGKP Magdalena De Monte , DGKP Isabella Gitschthaler BSCN MSCN\n\t\t\t\t<\/figcaption><\/figure>\n\t\t<\/div>\n\t\t<\/div>\n\t\t\t\t\t\t<\/div>\n\t\t\t\t<\/div>\n\t\t\t\t\t<\/div>\n\t\t<\/div>\n\t\t\t\t\t<\/div>\n\t\t<\/section>\n\t\t\t\t<section class=\"elementor-section elementor-top-section elementor-element elementor-element-9a4c32f elementor-section-boxed elementor-section-height-default elementor-section-height-default\" data-id=\"9a4c32f\" data-element_type=\"section\" data-e-type=\"section\">\n\t\t\t\t\t\t<div class=\"elementor-container elementor-column-gap-default\">\n\t\t\t\t\t<div class=\"elementor-column elementor-col-100 elementor-top-column elementor-element elementor-element-0e84cc2\" data-id=\"0e84cc2\" data-element_type=\"column\" data-e-type=\"column\">\n\t\t\t<div class=\"elementor-widget-wrap\">\n\t\t\t\t\t\t\t<\/div>\n\t\t<\/div>\n\t\t\t\t\t<\/div>\n\t\t<\/section>\n\t\t\t\t<\/div>\n\t\t","protected":false},"excerpt":{"rendered":"<p>Zertifikats\u00fcbergabe Praxispartner Seit Anfang M\u00e4rz k\u00f6nnen wir nach langem Warten wegen Corona endlich die Zertifikate an unsere zertifizierten Praxispartner pers\u00f6nlich zu \u00fcbergeben [&hellip;]<\/p>\n","protected":false},"author":48,"featured_media":475,"comment_status":"closed","ping_status":"closed","sticky":false,"template":"elementor_header_footer","format":"standard","meta":{"inline_featured_image":false,"footnotes":""},"categories":[1],"tags":[],"class_list":["post-472","post","type-post","status-publish","format-standard","has-post-thumbnail","hentry","category-allgemein"],"yoast_head":"<!-- This site is optimized with the Yoast SEO plugin v27.5 - https:\/\/yoast.com\/product\/yoast-seo-wordpress\/ -->\n<title>Zertifikats\u00fcbergabe Praxispartner - Praxisb\u00fcro<\/title>\n<meta name=\"robots\" content=\"index, follow, max-snippet:-1, max-image-preview:large, max-video-preview:-1\" \/>\n<link rel=\"canonical\" href=\"https:\/\/blog.fh-kaernten.at\/praxisbuero\/zertifikatsuebergabe-praxispartner\/\" \/>\n<meta property=\"og:locale\" content=\"de_DE\" \/>\n<meta property=\"og:type\" content=\"article\" \/>\n<meta property=\"og:title\" content=\"Zertifikats\u00fcbergabe Praxispartner - Praxisb\u00fcro\" \/>\n<meta property=\"og:description\" content=\"Zertifikats\u00fcbergabe Praxispartner Seit Anfang M\u00e4rz k\u00f6nnen wir nach langem Warten wegen Corona endlich die Zertifikate an unsere zertifizierten Praxispartner pers\u00f6nlich zu \u00fcbergeben [&hellip;]\" \/>\n<meta property=\"og:url\" content=\"https:\/\/blog.fh-kaernten.at\/praxisbuero\/zertifikatsuebergabe-praxispartner\/\" \/>\n<meta property=\"og:site_name\" content=\"Praxisb\u00fcro\" \/>\n<meta property=\"article:published_time\" content=\"2022-03-21T08:35:53+00:00\" \/>\n<meta property=\"article:modified_time\" content=\"2023-05-08T15:51:43+00:00\" \/>\n<meta property=\"og:image\" content=\"https:\/\/blog.fh-kaernten.at\/praxisbuero\/files\/2022\/03\/Zertifikatsuebergabe-SOS-Kinderdorf-17-03-22-6-scaled.jpg\" \/>\n\t<meta property=\"og:image:width\" content=\"2560\" \/>\n\t<meta property=\"og:image:height\" content=\"1920\" \/>\n\t<meta property=\"og:image:type\" content=\"image\/jpeg\" \/>\n<meta name=\"author\" content=\"klingberg\" \/>\n<meta name=\"twitter:card\" content=\"summary_large_image\" \/>\n<meta name=\"twitter:label1\" content=\"Verfasst von\" \/>\n\t<meta name=\"twitter:data1\" content=\"klingberg\" \/>\n\t<meta name=\"twitter:label2\" content=\"Gesch\u00e4tzte Lesezeit\" \/>\n\t<meta name=\"twitter:data2\" content=\"4\u00a0Minuten\" \/>\n<script type=\"application\/ld+json\" class=\"yoast-schema-graph\">{\"@context\":\"https:\\\/\\\/schema.org\",\"@graph\":[{\"@type\":\"Article\",\"@id\":\"https:\\\/\\\/blog.fh-kaernten.at\\\/praxisbuero\\\/zertifikatsuebergabe-praxispartner\\\/#article\",\"isPartOf\":{\"@id\":\"https:\\\/\\\/blog.fh-kaernten.at\\\/praxisbuero\\\/zertifikatsuebergabe-praxispartner\\\/\"},\"author\":{\"name\":\"klingberg\",\"@id\":\"https:\\\/\\\/blog.fh-kaernten.at\\\/praxisbuero\\\/#\\\/schema\\\/person\\\/9d9fe62d1d555df7a417b35dc285f4cd\"},\"headline\":\"Zertifikats\u00fcbergabe Praxispartner\",\"datePublished\":\"2022-03-21T08:35:53+00:00\",\"dateModified\":\"2023-05-08T15:51:43+00:00\",\"mainEntityOfPage\":{\"@id\":\"https:\\\/\\\/blog.fh-kaernten.at\\\/praxisbuero\\\/zertifikatsuebergabe-praxispartner\\\/\"},\"wordCount\":312,\"image\":{\"@id\":\"https:\\\/\\\/blog.fh-kaernten.at\\\/praxisbuero\\\/zertifikatsuebergabe-praxispartner\\\/#primaryimage\"},\"thumbnailUrl\":\"https:\\\/\\\/blog.fh-kaernten.at\\\/praxisbuero\\\/files\\\/2022\\\/03\\\/Zertifikatsuebergabe-SOS-Kinderdorf-17-03-22-6-scaled.jpg\",\"inLanguage\":\"de\"},{\"@type\":\"WebPage\",\"@id\":\"https:\\\/\\\/blog.fh-kaernten.at\\\/praxisbuero\\\/zertifikatsuebergabe-praxispartner\\\/\",\"url\":\"https:\\\/\\\/blog.fh-kaernten.at\\\/praxisbuero\\\/zertifikatsuebergabe-praxispartner\\\/\",\"name\":\"Zertifikats\u00fcbergabe Praxispartner - Praxisb\u00fcro\",\"isPartOf\":{\"@id\":\"https:\\\/\\\/blog.fh-kaernten.at\\\/praxisbuero\\\/#website\"},\"primaryImageOfPage\":{\"@id\":\"https:\\\/\\\/blog.fh-kaernten.at\\\/praxisbuero\\\/zertifikatsuebergabe-praxispartner\\\/#primaryimage\"},\"image\":{\"@id\":\"https:\\\/\\\/blog.fh-kaernten.at\\\/praxisbuero\\\/zertifikatsuebergabe-praxispartner\\\/#primaryimage\"},\"thumbnailUrl\":\"https:\\\/\\\/blog.fh-kaernten.at\\\/praxisbuero\\\/files\\\/2022\\\/03\\\/Zertifikatsuebergabe-SOS-Kinderdorf-17-03-22-6-scaled.jpg\",\"datePublished\":\"2022-03-21T08:35:53+00:00\",\"dateModified\":\"2023-05-08T15:51:43+00:00\",\"author\":{\"@id\":\"https:\\\/\\\/blog.fh-kaernten.at\\\/praxisbuero\\\/#\\\/schema\\\/person\\\/9d9fe62d1d555df7a417b35dc285f4cd\"},\"breadcrumb\":{\"@id\":\"https:\\\/\\\/blog.fh-kaernten.at\\\/praxisbuero\\\/zertifikatsuebergabe-praxispartner\\\/#breadcrumb\"},\"inLanguage\":\"de\",\"potentialAction\":[{\"@type\":\"ReadAction\",\"target\":[\"https:\\\/\\\/blog.fh-kaernten.at\\\/praxisbuero\\\/zertifikatsuebergabe-praxispartner\\\/\"]}]},{\"@type\":\"ImageObject\",\"inLanguage\":\"de\",\"@id\":\"https:\\\/\\\/blog.fh-kaernten.at\\\/praxisbuero\\\/zertifikatsuebergabe-praxispartner\\\/#primaryimage\",\"url\":\"https:\\\/\\\/blog.fh-kaernten.at\\\/praxisbuero\\\/files\\\/2022\\\/03\\\/Zertifikatsuebergabe-SOS-Kinderdorf-17-03-22-6-scaled.jpg\",\"contentUrl\":\"https:\\\/\\\/blog.fh-kaernten.at\\\/praxisbuero\\\/files\\\/2022\\\/03\\\/Zertifikatsuebergabe-SOS-Kinderdorf-17-03-22-6-scaled.jpg\",\"width\":2560,\"height\":1920,\"caption\":\"SOS Kinderdorf: Mag. Gerald St\u00f6ckl, Leiter SOS Kinderdorf, Team SOS Kinderdorf Moosburg, Mag. Christina Anticevic-Harrant, Praxisb\u00fcro\"},{\"@type\":\"BreadcrumbList\",\"@id\":\"https:\\\/\\\/blog.fh-kaernten.at\\\/praxisbuero\\\/zertifikatsuebergabe-praxispartner\\\/#breadcrumb\",\"itemListElement\":[{\"@type\":\"ListItem\",\"position\":1,\"name\":\"Startseite\",\"item\":\"https:\\\/\\\/blog.fh-kaernten.at\\\/praxisbuero\\\/\"},{\"@type\":\"ListItem\",\"position\":2,\"name\":\"Zertifikats\u00fcbergabe Praxispartner\"}]},{\"@type\":\"WebSite\",\"@id\":\"https:\\\/\\\/blog.fh-kaernten.at\\\/praxisbuero\\\/#website\",\"url\":\"https:\\\/\\\/blog.fh-kaernten.at\\\/praxisbuero\\\/\",\"name\":\"Praxisb\u00fcro\",\"description\":\"\",\"potentialAction\":[{\"@type\":\"SearchAction\",\"target\":{\"@type\":\"EntryPoint\",\"urlTemplate\":\"https:\\\/\\\/blog.fh-kaernten.at\\\/praxisbuero\\\/?s={search_term_string}\"},\"query-input\":{\"@type\":\"PropertyValueSpecification\",\"valueRequired\":true,\"valueName\":\"search_term_string\"}}],\"inLanguage\":\"de\"},{\"@type\":\"Person\",\"@id\":\"https:\\\/\\\/blog.fh-kaernten.at\\\/praxisbuero\\\/#\\\/schema\\\/person\\\/9d9fe62d1d555df7a417b35dc285f4cd\",\"name\":\"klingberg\"}]}<\/script>\n<!-- \/ Yoast SEO plugin. -->","yoast_head_json":{"title":"Zertifikats\u00fcbergabe Praxispartner - Praxisb\u00fcro","robots":{"index":"index","follow":"follow","max-snippet":"max-snippet:-1","max-image-preview":"max-image-preview:large","max-video-preview":"max-video-preview:-1"},"canonical":"https:\/\/blog.fh-kaernten.at\/praxisbuero\/zertifikatsuebergabe-praxispartner\/","og_locale":"de_DE","og_type":"article","og_title":"Zertifikats\u00fcbergabe Praxispartner - Praxisb\u00fcro","og_description":"Zertifikats\u00fcbergabe Praxispartner Seit Anfang M\u00e4rz k\u00f6nnen wir nach langem Warten wegen Corona endlich die Zertifikate an unsere zertifizierten Praxispartner pers\u00f6nlich zu \u00fcbergeben [&hellip;]","og_url":"https:\/\/blog.fh-kaernten.at\/praxisbuero\/zertifikatsuebergabe-praxispartner\/","og_site_name":"Praxisb\u00fcro","article_published_time":"2022-03-21T08:35:53+00:00","article_modified_time":"2023-05-08T15:51:43+00:00","og_image":[{"width":2560,"height":1920,"url":"https:\/\/blog.fh-kaernten.at\/praxisbuero\/files\/2022\/03\/Zertifikatsuebergabe-SOS-Kinderdorf-17-03-22-6-scaled.jpg","type":"image\/jpeg"}],"author":"klingberg","twitter_card":"summary_large_image","twitter_misc":{"Verfasst von":"klingberg","Gesch\u00e4tzte Lesezeit":"4\u00a0Minuten"},"schema":{"@context":"https:\/\/schema.org","@graph":[{"@type":"Article","@id":"https:\/\/blog.fh-kaernten.at\/praxisbuero\/zertifikatsuebergabe-praxispartner\/#article","isPartOf":{"@id":"https:\/\/blog.fh-kaernten.at\/praxisbuero\/zertifikatsuebergabe-praxispartner\/"},"author":{"name":"klingberg","@id":"https:\/\/blog.fh-kaernten.at\/praxisbuero\/#\/schema\/person\/9d9fe62d1d555df7a417b35dc285f4cd"},"headline":"Zertifikats\u00fcbergabe Praxispartner","datePublished":"2022-03-21T08:35:53+00:00","dateModified":"2023-05-08T15:51:43+00:00","mainEntityOfPage":{"@id":"https:\/\/blog.fh-kaernten.at\/praxisbuero\/zertifikatsuebergabe-praxispartner\/"},"wordCount":312,"image":{"@id":"https:\/\/blog.fh-kaernten.at\/praxisbuero\/zertifikatsuebergabe-praxispartner\/#primaryimage"},"thumbnailUrl":"https:\/\/blog.fh-kaernten.at\/praxisbuero\/files\/2022\/03\/Zertifikatsuebergabe-SOS-Kinderdorf-17-03-22-6-scaled.jpg","inLanguage":"de"},{"@type":"WebPage","@id":"https:\/\/blog.fh-kaernten.at\/praxisbuero\/zertifikatsuebergabe-praxispartner\/","url":"https:\/\/blog.fh-kaernten.at\/praxisbuero\/zertifikatsuebergabe-praxispartner\/","name":"Zertifikats\u00fcbergabe Praxispartner - Praxisb\u00fcro","isPartOf":{"@id":"https:\/\/blog.fh-kaernten.at\/praxisbuero\/#website"},"primaryImageOfPage":{"@id":"https:\/\/blog.fh-kaernten.at\/praxisbuero\/zertifikatsuebergabe-praxispartner\/#primaryimage"},"image":{"@id":"https:\/\/blog.fh-kaernten.at\/praxisbuero\/zertifikatsuebergabe-praxispartner\/#primaryimage"},"thumbnailUrl":"https:\/\/blog.fh-kaernten.at\/praxisbuero\/files\/2022\/03\/Zertifikatsuebergabe-SOS-Kinderdorf-17-03-22-6-scaled.jpg","datePublished":"2022-03-21T08:35:53+00:00","dateModified":"2023-05-08T15:51:43+00:00","author":{"@id":"https:\/\/blog.fh-kaernten.at\/praxisbuero\/#\/schema\/person\/9d9fe62d1d555df7a417b35dc285f4cd"},"breadcrumb":{"@id":"https:\/\/blog.fh-kaernten.at\/praxisbuero\/zertifikatsuebergabe-praxispartner\/#breadcrumb"},"inLanguage":"de","potentialAction":[{"@type":"ReadAction","target":["https:\/\/blog.fh-kaernten.at\/praxisbuero\/zertifikatsuebergabe-praxispartner\/"]}]},{"@type":"ImageObject","inLanguage":"de","@id":"https:\/\/blog.fh-kaernten.at\/praxisbuero\/zertifikatsuebergabe-praxispartner\/#primaryimage","url":"https:\/\/blog.fh-kaernten.at\/praxisbuero\/files\/2022\/03\/Zertifikatsuebergabe-SOS-Kinderdorf-17-03-22-6-scaled.jpg","contentUrl":"https:\/\/blog.fh-kaernten.at\/praxisbuero\/files\/2022\/03\/Zertifikatsuebergabe-SOS-Kinderdorf-17-03-22-6-scaled.jpg","width":2560,"height":1920,"caption":"SOS Kinderdorf: Mag. Gerald St\u00f6ckl, Leiter SOS Kinderdorf, Team SOS Kinderdorf Moosburg, Mag. Christina Anticevic-Harrant, Praxisb\u00fcro"},{"@type":"BreadcrumbList","@id":"https:\/\/blog.fh-kaernten.at\/praxisbuero\/zertifikatsuebergabe-praxispartner\/#breadcrumb","itemListElement":[{"@type":"ListItem","position":1,"name":"Startseite","item":"https:\/\/blog.fh-kaernten.at\/praxisbuero\/"},{"@type":"ListItem","position":2,"name":"Zertifikats\u00fcbergabe Praxispartner"}]},{"@type":"WebSite","@id":"https:\/\/blog.fh-kaernten.at\/praxisbuero\/#website","url":"https:\/\/blog.fh-kaernten.at\/praxisbuero\/","name":"Praxisb\u00fcro","description":"","potentialAction":[{"@type":"SearchAction","target":{"@type":"EntryPoint","urlTemplate":"https:\/\/blog.fh-kaernten.at\/praxisbuero\/?s={search_term_string}"},"query-input":{"@type":"PropertyValueSpecification","valueRequired":true,"valueName":"search_term_string"}}],"inLanguage":"de"},{"@type":"Person","@id":"https:\/\/blog.fh-kaernten.at\/praxisbuero\/#\/schema\/person\/9d9fe62d1d555df7a417b35dc285f4cd","name":"klingberg"}]}},"_links":{"self":[{"href":"https:\/\/blog.fh-kaernten.at\/praxisbuero\/wp-json\/wp\/v2\/posts\/472","targetHints":{"allow":["GET"]}}],"collection":[{"href":"https:\/\/blog.fh-kaernten.at\/praxisbuero\/wp-json\/wp\/v2\/posts"}],"about":[{"href":"https:\/\/blog.fh-kaernten.at\/praxisbuero\/wp-json\/wp\/v2\/types\/post"}],"author":[{"embeddable":true,"href":"https:\/\/blog.fh-kaernten.at\/praxisbuero\/wp-json\/wp\/v2\/users\/48"}],"replies":[{"embeddable":true,"href":"https:\/\/blog.fh-kaernten.at\/praxisbuero\/wp-json\/wp\/v2\/comments?post=472"}],"version-history":[{"count":0,"href":"https:\/\/blog.fh-kaernten.at\/praxisbuero\/wp-json\/wp\/v2\/posts\/472\/revisions"}],"wp:featuredmedia":[{"embeddable":true,"href":"https:\/\/blog.fh-kaernten.at\/praxisbuero\/wp-json\/wp\/v2\/media\/475"}],"wp:attachment":[{"href":"https:\/\/blog.fh-kaernten.at\/praxisbuero\/wp-json\/wp\/v2\/media?parent=472"}],"wp:term":[{"taxonomy":"category","embeddable":true,"href":"https:\/\/blog.fh-kaernten.at\/praxisbuero\/wp-json\/wp\/v2\/categories?post=472"},{"taxonomy":"post_tag","embeddable":true,"href":"https:\/\/blog.fh-kaernten.at\/praxisbuero\/wp-json\/wp\/v2\/tags?post=472"}],"curies":[{"name":"wp","href":"https:\/\/api.w.org\/{rel}","templated":true}]}}