{"id":246,"date":"2021-01-11T13:21:55","date_gmt":"2021-01-11T12:21:55","guid":{"rendered":"https:\/\/blog.fh-kaernten.at\/praxisbuero\/?p=246"},"modified":"2023-05-08T17:48:50","modified_gmt":"2023-05-08T15:48:50","slug":"speziell-arrangierte-praktika-in-zeiten-von-corona","status":"publish","type":"post","link":"https:\/\/blog.fh-kaernten.at\/praxisbuero\/speziell-arrangierte-praktika-in-zeiten-von-corona\/","title":{"rendered":"Speziell arrangierte Praktika in Zeiten von Corona"},"content":{"rendered":"\n<p>In Zeiten von Corona stehen wir alle vor ungeahnten Herausforderungen, f\u00fcr unsere Studierenden ist eine davon sicher die Praktikumsdurchf\u00fchrung. Besonders im Studienbereich G&amp;S gestalten sich die Praktika mitunter extrem schwierig. Aus diesem Anlass finden Sie untenstehend eine \u00dcbersicht zu speziell arrangierten Praktika, \u00fcber die gegebenenfalls nachgedacht werden kann. Diese soll Ihnen einen \u00dcberblick der zentralen Ziele\/Aufgaben, m\u00f6glicher Beispiele, der Voraussetzungen des m\u00f6glichen Kompetenzzuwachses sowie m\u00f6glicher Einrichtungen geben.<\/p>\n\n\n\n<figure class=\"wp-block-image size-large\"><img fetchpriority=\"high\" decoding=\"async\" width=\"1024\" height=\"633\" src=\"https:\/\/blog.fh-kaernten.at\/praxisbuero\/files\/2020\/11\/praktika-corona_e62fdbfb0d-1024x633.png\" alt=\"\" class=\"wp-image-43\" srcset=\"https:\/\/blog.fh-kaernten.at\/praxisbuero\/files\/2020\/11\/praktika-corona_e62fdbfb0d-1024x633.png 1024w, https:\/\/blog.fh-kaernten.at\/praxisbuero\/files\/2020\/11\/praktika-corona_e62fdbfb0d-300x185.png 300w, https:\/\/blog.fh-kaernten.at\/praxisbuero\/files\/2020\/11\/praktika-corona_e62fdbfb0d-768x475.png 768w, https:\/\/blog.fh-kaernten.at\/praxisbuero\/files\/2020\/11\/praktika-corona_e62fdbfb0d-1536x950.png 1536w, https:\/\/blog.fh-kaernten.at\/praxisbuero\/files\/2020\/11\/praktika-corona_e62fdbfb0d-2048x1266.png 2048w, https:\/\/blog.fh-kaernten.at\/praxisbuero\/files\/2020\/11\/praktika-corona_e62fdbfb0d-830x513.png 830w, https:\/\/blog.fh-kaernten.at\/praxisbuero\/files\/2020\/11\/praktika-corona_e62fdbfb0d-230x142.png 230w, https:\/\/blog.fh-kaernten.at\/praxisbuero\/files\/2020\/11\/praktika-corona_e62fdbfb0d-350x216.png 350w, https:\/\/blog.fh-kaernten.at\/praxisbuero\/files\/2020\/11\/praktika-corona_e62fdbfb0d-480x297.png 480w\" sizes=\"(max-width: 1024px) 100vw, 1024px\" \/><\/figure>\n","protected":false},"excerpt":{"rendered":"<p>In Zeiten von Corona stehen wir alle vor ungeahnten Herausforderungen.<\/p>\n","protected":false},"author":48,"featured_media":247,"comment_status":"open","ping_status":"open","sticky":false,"template":"post-templates\/post_nosidebar.php","format":"standard","meta":{"inline_featured_image":false,"footnotes":""},"categories":[4],"tags":[],"class_list":["post-246","post","type-post","status-publish","format-standard","has-post-thumbnail","hentry","category-projekte"],"yoast_head":"<!-- This site is optimized with the Yoast SEO plugin v27.5 - https:\/\/yoast.com\/product\/yoast-seo-wordpress\/ -->\n<title>Speziell arrangierte Praktika in Zeiten von Corona - Praxisb\u00fcro<\/title>\n<meta name=\"robots\" content=\"index, follow, max-snippet:-1, max-image-preview:large, max-video-preview:-1\" \/>\n<link rel=\"canonical\" href=\"https:\/\/blog.fh-kaernten.at\/praxisbuero\/speziell-arrangierte-praktika-in-zeiten-von-corona\/\" \/>\n<meta property=\"og:locale\" content=\"de_DE\" \/>\n<meta property=\"og:type\" content=\"article\" \/>\n<meta property=\"og:title\" content=\"Speziell arrangierte Praktika in Zeiten von Corona - Praxisb\u00fcro\" \/>\n<meta property=\"og:description\" content=\"In Zeiten von Corona stehen wir alle vor ungeahnten Herausforderungen.\" \/>\n<meta property=\"og:url\" content=\"https:\/\/blog.fh-kaernten.at\/praxisbuero\/speziell-arrangierte-praktika-in-zeiten-von-corona\/\" \/>\n<meta property=\"og:site_name\" content=\"Praxisb\u00fcro\" \/>\n<meta property=\"article:published_time\" content=\"2021-01-11T12:21:55+00:00\" \/>\n<meta property=\"article:modified_time\" content=\"2023-05-08T15:48:50+00:00\" \/>\n<meta property=\"og:image\" content=\"https:\/\/blog.fh-kaernten.at\/praxisbuero\/files\/2021\/03\/praktikainzeitenvoncorona-scaled.jpg\" \/>\n\t<meta property=\"og:image:width\" content=\"2560\" \/>\n\t<meta property=\"og:image:height\" content=\"1706\" \/>\n\t<meta property=\"og:image:type\" content=\"image\/jpeg\" \/>\n<meta name=\"author\" content=\"klingberg\" \/>\n<meta name=\"twitter:card\" content=\"summary_large_image\" \/>\n<meta name=\"twitter:label1\" content=\"Verfasst von\" \/>\n\t<meta name=\"twitter:data1\" content=\"klingberg\" \/>\n<script type=\"application\/ld+json\" class=\"yoast-schema-graph\">{\"@context\":\"https:\\\/\\\/schema.org\",\"@graph\":[{\"@type\":\"Article\",\"@id\":\"https:\\\/\\\/blog.fh-kaernten.at\\\/praxisbuero\\\/speziell-arrangierte-praktika-in-zeiten-von-corona\\\/#article\",\"isPartOf\":{\"@id\":\"https:\\\/\\\/blog.fh-kaernten.at\\\/praxisbuero\\\/speziell-arrangierte-praktika-in-zeiten-von-corona\\\/\"},\"author\":{\"name\":\"klingberg\",\"@id\":\"https:\\\/\\\/blog.fh-kaernten.at\\\/praxisbuero\\\/#\\\/schema\\\/person\\\/9d9fe62d1d555df7a417b35dc285f4cd\"},\"headline\":\"Speziell arrangierte Praktika in Zeiten von Corona\",\"datePublished\":\"2021-01-11T12:21:55+00:00\",\"dateModified\":\"2023-05-08T15:48:50+00:00\",\"mainEntityOfPage\":{\"@id\":\"https:\\\/\\\/blog.fh-kaernten.at\\\/praxisbuero\\\/speziell-arrangierte-praktika-in-zeiten-von-corona\\\/\"},\"wordCount\":82,\"commentCount\":0,\"image\":{\"@id\":\"https:\\\/\\\/blog.fh-kaernten.at\\\/praxisbuero\\\/speziell-arrangierte-praktika-in-zeiten-von-corona\\\/#primaryimage\"},\"thumbnailUrl\":\"https:\\\/\\\/blog.fh-kaernten.at\\\/praxisbuero\\\/files\\\/2021\\\/03\\\/praktikainzeitenvoncorona-scaled.jpg\",\"articleSection\":[\"Projekte\"],\"inLanguage\":\"de\",\"potentialAction\":[{\"@type\":\"CommentAction\",\"name\":\"Comment\",\"target\":[\"https:\\\/\\\/blog.fh-kaernten.at\\\/praxisbuero\\\/speziell-arrangierte-praktika-in-zeiten-von-corona\\\/#respond\"]}]},{\"@type\":\"WebPage\",\"@id\":\"https:\\\/\\\/blog.fh-kaernten.at\\\/praxisbuero\\\/speziell-arrangierte-praktika-in-zeiten-von-corona\\\/\",\"url\":\"https:\\\/\\\/blog.fh-kaernten.at\\\/praxisbuero\\\/speziell-arrangierte-praktika-in-zeiten-von-corona\\\/\",\"name\":\"Speziell arrangierte Praktika in Zeiten von Corona - Praxisb\u00fcro\",\"isPartOf\":{\"@id\":\"https:\\\/\\\/blog.fh-kaernten.at\\\/praxisbuero\\\/#website\"},\"primaryImageOfPage\":{\"@id\":\"https:\\\/\\\/blog.fh-kaernten.at\\\/praxisbuero\\\/speziell-arrangierte-praktika-in-zeiten-von-corona\\\/#primaryimage\"},\"image\":{\"@id\":\"https:\\\/\\\/blog.fh-kaernten.at\\\/praxisbuero\\\/speziell-arrangierte-praktika-in-zeiten-von-corona\\\/#primaryimage\"},\"thumbnailUrl\":\"https:\\\/\\\/blog.fh-kaernten.at\\\/praxisbuero\\\/files\\\/2021\\\/03\\\/praktikainzeitenvoncorona-scaled.jpg\",\"datePublished\":\"2021-01-11T12:21:55+00:00\",\"dateModified\":\"2023-05-08T15:48:50+00:00\",\"author\":{\"@id\":\"https:\\\/\\\/blog.fh-kaernten.at\\\/praxisbuero\\\/#\\\/schema\\\/person\\\/9d9fe62d1d555df7a417b35dc285f4cd\"},\"breadcrumb\":{\"@id\":\"https:\\\/\\\/blog.fh-kaernten.at\\\/praxisbuero\\\/speziell-arrangierte-praktika-in-zeiten-von-corona\\\/#breadcrumb\"},\"inLanguage\":\"de\",\"potentialAction\":[{\"@type\":\"ReadAction\",\"target\":[\"https:\\\/\\\/blog.fh-kaernten.at\\\/praxisbuero\\\/speziell-arrangierte-praktika-in-zeiten-von-corona\\\/\"]}]},{\"@type\":\"ImageObject\",\"inLanguage\":\"de\",\"@id\":\"https:\\\/\\\/blog.fh-kaernten.at\\\/praxisbuero\\\/speziell-arrangierte-praktika-in-zeiten-von-corona\\\/#primaryimage\",\"url\":\"https:\\\/\\\/blog.fh-kaernten.at\\\/praxisbuero\\\/files\\\/2021\\\/03\\\/praktikainzeitenvoncorona-scaled.jpg\",\"contentUrl\":\"https:\\\/\\\/blog.fh-kaernten.at\\\/praxisbuero\\\/files\\\/2021\\\/03\\\/praktikainzeitenvoncorona-scaled.jpg\",\"width\":2560,\"height\":1706},{\"@type\":\"BreadcrumbList\",\"@id\":\"https:\\\/\\\/blog.fh-kaernten.at\\\/praxisbuero\\\/speziell-arrangierte-praktika-in-zeiten-von-corona\\\/#breadcrumb\",\"itemListElement\":[{\"@type\":\"ListItem\",\"position\":1,\"name\":\"Startseite\",\"item\":\"https:\\\/\\\/blog.fh-kaernten.at\\\/praxisbuero\\\/\"},{\"@type\":\"ListItem\",\"position\":2,\"name\":\"Speziell arrangierte Praktika in Zeiten von Corona\"}]},{\"@type\":\"WebSite\",\"@id\":\"https:\\\/\\\/blog.fh-kaernten.at\\\/praxisbuero\\\/#website\",\"url\":\"https:\\\/\\\/blog.fh-kaernten.at\\\/praxisbuero\\\/\",\"name\":\"Praxisb\u00fcro\",\"description\":\"\",\"potentialAction\":[{\"@type\":\"SearchAction\",\"target\":{\"@type\":\"EntryPoint\",\"urlTemplate\":\"https:\\\/\\\/blog.fh-kaernten.at\\\/praxisbuero\\\/?s={search_term_string}\"},\"query-input\":{\"@type\":\"PropertyValueSpecification\",\"valueRequired\":true,\"valueName\":\"search_term_string\"}}],\"inLanguage\":\"de\"},{\"@type\":\"Person\",\"@id\":\"https:\\\/\\\/blog.fh-kaernten.at\\\/praxisbuero\\\/#\\\/schema\\\/person\\\/9d9fe62d1d555df7a417b35dc285f4cd\",\"name\":\"klingberg\"}]}<\/script>\n<!-- \/ Yoast SEO plugin. -->","yoast_head_json":{"title":"Speziell arrangierte Praktika in Zeiten von Corona - Praxisb\u00fcro","robots":{"index":"index","follow":"follow","max-snippet":"max-snippet:-1","max-image-preview":"max-image-preview:large","max-video-preview":"max-video-preview:-1"},"canonical":"https:\/\/blog.fh-kaernten.at\/praxisbuero\/speziell-arrangierte-praktika-in-zeiten-von-corona\/","og_locale":"de_DE","og_type":"article","og_title":"Speziell arrangierte Praktika in Zeiten von Corona - Praxisb\u00fcro","og_description":"In Zeiten von Corona stehen wir alle vor ungeahnten Herausforderungen.","og_url":"https:\/\/blog.fh-kaernten.at\/praxisbuero\/speziell-arrangierte-praktika-in-zeiten-von-corona\/","og_site_name":"Praxisb\u00fcro","article_published_time":"2021-01-11T12:21:55+00:00","article_modified_time":"2023-05-08T15:48:50+00:00","og_image":[{"width":2560,"height":1706,"url":"https:\/\/blog.fh-kaernten.at\/praxisbuero\/files\/2021\/03\/praktikainzeitenvoncorona-scaled.jpg","type":"image\/jpeg"}],"author":"klingberg","twitter_card":"summary_large_image","twitter_misc":{"Verfasst von":"klingberg"},"schema":{"@context":"https:\/\/schema.org","@graph":[{"@type":"Article","@id":"https:\/\/blog.fh-kaernten.at\/praxisbuero\/speziell-arrangierte-praktika-in-zeiten-von-corona\/#article","isPartOf":{"@id":"https:\/\/blog.fh-kaernten.at\/praxisbuero\/speziell-arrangierte-praktika-in-zeiten-von-corona\/"},"author":{"name":"klingberg","@id":"https:\/\/blog.fh-kaernten.at\/praxisbuero\/#\/schema\/person\/9d9fe62d1d555df7a417b35dc285f4cd"},"headline":"Speziell arrangierte Praktika in Zeiten von Corona","datePublished":"2021-01-11T12:21:55+00:00","dateModified":"2023-05-08T15:48:50+00:00","mainEntityOfPage":{"@id":"https:\/\/blog.fh-kaernten.at\/praxisbuero\/speziell-arrangierte-praktika-in-zeiten-von-corona\/"},"wordCount":82,"commentCount":0,"image":{"@id":"https:\/\/blog.fh-kaernten.at\/praxisbuero\/speziell-arrangierte-praktika-in-zeiten-von-corona\/#primaryimage"},"thumbnailUrl":"https:\/\/blog.fh-kaernten.at\/praxisbuero\/files\/2021\/03\/praktikainzeitenvoncorona-scaled.jpg","articleSection":["Projekte"],"inLanguage":"de","potentialAction":[{"@type":"CommentAction","name":"Comment","target":["https:\/\/blog.fh-kaernten.at\/praxisbuero\/speziell-arrangierte-praktika-in-zeiten-von-corona\/#respond"]}]},{"@type":"WebPage","@id":"https:\/\/blog.fh-kaernten.at\/praxisbuero\/speziell-arrangierte-praktika-in-zeiten-von-corona\/","url":"https:\/\/blog.fh-kaernten.at\/praxisbuero\/speziell-arrangierte-praktika-in-zeiten-von-corona\/","name":"Speziell arrangierte Praktika in Zeiten von Corona - Praxisb\u00fcro","isPartOf":{"@id":"https:\/\/blog.fh-kaernten.at\/praxisbuero\/#website"},"primaryImageOfPage":{"@id":"https:\/\/blog.fh-kaernten.at\/praxisbuero\/speziell-arrangierte-praktika-in-zeiten-von-corona\/#primaryimage"},"image":{"@id":"https:\/\/blog.fh-kaernten.at\/praxisbuero\/speziell-arrangierte-praktika-in-zeiten-von-corona\/#primaryimage"},"thumbnailUrl":"https:\/\/blog.fh-kaernten.at\/praxisbuero\/files\/2021\/03\/praktikainzeitenvoncorona-scaled.jpg","datePublished":"2021-01-11T12:21:55+00:00","dateModified":"2023-05-08T15:48:50+00:00","author":{"@id":"https:\/\/blog.fh-kaernten.at\/praxisbuero\/#\/schema\/person\/9d9fe62d1d555df7a417b35dc285f4cd"},"breadcrumb":{"@id":"https:\/\/blog.fh-kaernten.at\/praxisbuero\/speziell-arrangierte-praktika-in-zeiten-von-corona\/#breadcrumb"},"inLanguage":"de","potentialAction":[{"@type":"ReadAction","target":["https:\/\/blog.fh-kaernten.at\/praxisbuero\/speziell-arrangierte-praktika-in-zeiten-von-corona\/"]}]},{"@type":"ImageObject","inLanguage":"de","@id":"https:\/\/blog.fh-kaernten.at\/praxisbuero\/speziell-arrangierte-praktika-in-zeiten-von-corona\/#primaryimage","url":"https:\/\/blog.fh-kaernten.at\/praxisbuero\/files\/2021\/03\/praktikainzeitenvoncorona-scaled.jpg","contentUrl":"https:\/\/blog.fh-kaernten.at\/praxisbuero\/files\/2021\/03\/praktikainzeitenvoncorona-scaled.jpg","width":2560,"height":1706},{"@type":"BreadcrumbList","@id":"https:\/\/blog.fh-kaernten.at\/praxisbuero\/speziell-arrangierte-praktika-in-zeiten-von-corona\/#breadcrumb","itemListElement":[{"@type":"ListItem","position":1,"name":"Startseite","item":"https:\/\/blog.fh-kaernten.at\/praxisbuero\/"},{"@type":"ListItem","position":2,"name":"Speziell arrangierte Praktika in Zeiten von Corona"}]},{"@type":"WebSite","@id":"https:\/\/blog.fh-kaernten.at\/praxisbuero\/#website","url":"https:\/\/blog.fh-kaernten.at\/praxisbuero\/","name":"Praxisb\u00fcro","description":"","potentialAction":[{"@type":"SearchAction","target":{"@type":"EntryPoint","urlTemplate":"https:\/\/blog.fh-kaernten.at\/praxisbuero\/?s={search_term_string}"},"query-input":{"@type":"PropertyValueSpecification","valueRequired":true,"valueName":"search_term_string"}}],"inLanguage":"de"},{"@type":"Person","@id":"https:\/\/blog.fh-kaernten.at\/praxisbuero\/#\/schema\/person\/9d9fe62d1d555df7a417b35dc285f4cd","name":"klingberg"}]}},"_links":{"self":[{"href":"https:\/\/blog.fh-kaernten.at\/praxisbuero\/wp-json\/wp\/v2\/posts\/246","targetHints":{"allow":["GET"]}}],"collection":[{"href":"https:\/\/blog.fh-kaernten.at\/praxisbuero\/wp-json\/wp\/v2\/posts"}],"about":[{"href":"https:\/\/blog.fh-kaernten.at\/praxisbuero\/wp-json\/wp\/v2\/types\/post"}],"author":[{"embeddable":true,"href":"https:\/\/blog.fh-kaernten.at\/praxisbuero\/wp-json\/wp\/v2\/users\/48"}],"replies":[{"embeddable":true,"href":"https:\/\/blog.fh-kaernten.at\/praxisbuero\/wp-json\/wp\/v2\/comments?post=246"}],"version-history":[{"count":0,"href":"https:\/\/blog.fh-kaernten.at\/praxisbuero\/wp-json\/wp\/v2\/posts\/246\/revisions"}],"wp:featuredmedia":[{"embeddable":true,"href":"https:\/\/blog.fh-kaernten.at\/praxisbuero\/wp-json\/wp\/v2\/media\/247"}],"wp:attachment":[{"href":"https:\/\/blog.fh-kaernten.at\/praxisbuero\/wp-json\/wp\/v2\/media?parent=246"}],"wp:term":[{"taxonomy":"category","embeddable":true,"href":"https:\/\/blog.fh-kaernten.at\/praxisbuero\/wp-json\/wp\/v2\/categories?post=246"},{"taxonomy":"post_tag","embeddable":true,"href":"https:\/\/blog.fh-kaernten.at\/praxisbuero\/wp-json\/wp\/v2\/tags?post=246"}],"curies":[{"name":"wp","href":"https:\/\/api.w.org\/{rel}","templated":true}]}}