{"id":1744,"date":"2025-09-30T10:29:12","date_gmt":"2025-09-30T08:29:12","guid":{"rendered":"https:\/\/blog.fh-kaernten.at\/praxisbuero\/?p=1744"},"modified":"2025-09-30T10:31:24","modified_gmt":"2025-09-30T08:31:24","slug":"edith-blaschitz-physiotherapeutin-am-lkh-wolfsberg","status":"publish","type":"post","link":"https:\/\/blog.fh-kaernten.at\/praxisbuero\/edith-blaschitz-physiotherapeutin-am-lkh-wolfsberg\/","title":{"rendered":"Edith Blaschitz, Physiotherapeutin am LKH Wolfsberg"},"content":{"rendered":"\n<p>\u201eSeit vielen Jahren begleite ich Studierende im Praktikum. Um mich weiterzuentwickeln, habe ich den Lehrgang Professionelle Praxisanleitung absolviert \u2013 als erste Praxisanleiterin in unserem multiprofessionellen Team.<br>Besonders bereichernd waren f\u00fcr mich die Module Kommunikation und Gespr\u00e4chsf\u00fchrung sowie P\u00e4dagogische und psychologische Grundlagen. Ich habe gelernt, professioneller mit Studierenden umzugehen, Gespr\u00e4che strukturiert zu f\u00fchren und neue Methoden passend zu verschiedenen Lerntypen einzusetzen. Auch Berufs- und Rechtskunde war \u00fcberraschend praxisnah.<br>Inzwischen gibt es bei uns eine Praktikumsmappe f\u00fcr alle Studierenden sowie klare Gespr\u00e4chsstrukturen. Meine Haltung in der Rolle als Praxisanleiterin hat sich nachhaltig ver\u00e4nder<br>Ich empfehle diesen Lehrgang voller \u00dcberzeugung weiter und m\u00f6chte gerne als Multiplikatorin wirken.\u201c<\/p>\n","protected":false},"excerpt":{"rendered":"<p>Seit vielen Jahren begleite ich Studierende im Praktikum. Um mich weiterzuentwickeln, habe ich den Lehrgang Professionelle Praxisanleitung absolviert \u2013 als erste Praxisanleiterin in unserem multiprofessionellen Team.<\/p>\n","protected":false},"author":48,"featured_media":1745,"comment_status":"open","ping_status":"open","sticky":false,"template":"post-templates\/post_nosidebar.php","format":"standard","meta":{"inline_featured_image":false,"footnotes":""},"categories":[19],"tags":[],"class_list":["post-1744","post","type-post","status-publish","format-standard","has-post-thumbnail","hentry","category-testimonials"],"yoast_head":"<!-- This site is optimized with the Yoast SEO plugin v27.5 - https:\/\/yoast.com\/product\/yoast-seo-wordpress\/ -->\n<title>Edith Blaschitz, Physiotherapeutin am LKH Wolfsberg - Praxisb\u00fcro<\/title>\n<meta name=\"robots\" content=\"index, follow, max-snippet:-1, max-image-preview:large, max-video-preview:-1\" \/>\n<link rel=\"canonical\" href=\"https:\/\/blog.fh-kaernten.at\/praxisbuero\/edith-blaschitz-physiotherapeutin-am-lkh-wolfsberg\/\" \/>\n<meta property=\"og:locale\" content=\"de_DE\" \/>\n<meta property=\"og:type\" content=\"article\" \/>\n<meta property=\"og:title\" content=\"Edith Blaschitz, Physiotherapeutin am LKH Wolfsberg - Praxisb\u00fcro\" \/>\n<meta property=\"og:description\" content=\"Seit vielen Jahren begleite ich Studierende im Praktikum. Um mich weiterzuentwickeln, habe ich den Lehrgang Professionelle Praxisanleitung absolviert \u2013 als erste Praxisanleiterin in unserem multiprofessionellen Team.\" \/>\n<meta property=\"og:url\" content=\"https:\/\/blog.fh-kaernten.at\/praxisbuero\/edith-blaschitz-physiotherapeutin-am-lkh-wolfsberg\/\" \/>\n<meta property=\"og:site_name\" content=\"Praxisb\u00fcro\" \/>\n<meta property=\"article:published_time\" content=\"2025-09-30T08:29:12+00:00\" \/>\n<meta property=\"article:modified_time\" content=\"2025-09-30T08:31:24+00:00\" \/>\n<meta property=\"og:image\" content=\"https:\/\/blog.fh-kaernten.at\/praxisbuero\/files\/2025\/09\/Testimonial-Edith-Blaschitz-scaled.jpg\" \/>\n\t<meta property=\"og:image:width\" content=\"2560\" \/>\n\t<meta property=\"og:image:height\" content=\"1901\" \/>\n\t<meta property=\"og:image:type\" content=\"image\/jpeg\" \/>\n<meta name=\"author\" content=\"klingberg\" \/>\n<meta name=\"twitter:card\" content=\"summary_large_image\" \/>\n<meta name=\"twitter:label1\" content=\"Verfasst von\" \/>\n\t<meta name=\"twitter:data1\" content=\"klingberg\" \/>\n\t<meta name=\"twitter:label2\" content=\"Gesch\u00e4tzte Lesezeit\" \/>\n\t<meta name=\"twitter:data2\" content=\"1\u00a0Minute\" \/>\n<script type=\"application\/ld+json\" class=\"yoast-schema-graph\">{\"@context\":\"https:\\\/\\\/schema.org\",\"@graph\":[{\"@type\":\"Article\",\"@id\":\"https:\\\/\\\/blog.fh-kaernten.at\\\/praxisbuero\\\/edith-blaschitz-physiotherapeutin-am-lkh-wolfsberg\\\/#article\",\"isPartOf\":{\"@id\":\"https:\\\/\\\/blog.fh-kaernten.at\\\/praxisbuero\\\/edith-blaschitz-physiotherapeutin-am-lkh-wolfsberg\\\/\"},\"author\":{\"name\":\"klingberg\",\"@id\":\"https:\\\/\\\/blog.fh-kaernten.at\\\/praxisbuero\\\/#\\\/schema\\\/person\\\/9d9fe62d1d555df7a417b35dc285f4cd\"},\"headline\":\"Edith Blaschitz, Physiotherapeutin am LKH Wolfsberg\",\"datePublished\":\"2025-09-30T08:29:12+00:00\",\"dateModified\":\"2025-09-30T08:31:24+00:00\",\"mainEntityOfPage\":{\"@id\":\"https:\\\/\\\/blog.fh-kaernten.at\\\/praxisbuero\\\/edith-blaschitz-physiotherapeutin-am-lkh-wolfsberg\\\/\"},\"wordCount\":118,\"commentCount\":0,\"image\":{\"@id\":\"https:\\\/\\\/blog.fh-kaernten.at\\\/praxisbuero\\\/edith-blaschitz-physiotherapeutin-am-lkh-wolfsberg\\\/#primaryimage\"},\"thumbnailUrl\":\"https:\\\/\\\/blog.fh-kaernten.at\\\/praxisbuero\\\/files\\\/2025\\\/09\\\/Testimonial-Edith-Blaschitz-scaled.jpg\",\"articleSection\":[\"Testimonials\"],\"inLanguage\":\"de\",\"potentialAction\":[{\"@type\":\"CommentAction\",\"name\":\"Comment\",\"target\":[\"https:\\\/\\\/blog.fh-kaernten.at\\\/praxisbuero\\\/edith-blaschitz-physiotherapeutin-am-lkh-wolfsberg\\\/#respond\"]}]},{\"@type\":\"WebPage\",\"@id\":\"https:\\\/\\\/blog.fh-kaernten.at\\\/praxisbuero\\\/edith-blaschitz-physiotherapeutin-am-lkh-wolfsberg\\\/\",\"url\":\"https:\\\/\\\/blog.fh-kaernten.at\\\/praxisbuero\\\/edith-blaschitz-physiotherapeutin-am-lkh-wolfsberg\\\/\",\"name\":\"Edith Blaschitz, Physiotherapeutin am LKH Wolfsberg - Praxisb\u00fcro\",\"isPartOf\":{\"@id\":\"https:\\\/\\\/blog.fh-kaernten.at\\\/praxisbuero\\\/#website\"},\"primaryImageOfPage\":{\"@id\":\"https:\\\/\\\/blog.fh-kaernten.at\\\/praxisbuero\\\/edith-blaschitz-physiotherapeutin-am-lkh-wolfsberg\\\/#primaryimage\"},\"image\":{\"@id\":\"https:\\\/\\\/blog.fh-kaernten.at\\\/praxisbuero\\\/edith-blaschitz-physiotherapeutin-am-lkh-wolfsberg\\\/#primaryimage\"},\"thumbnailUrl\":\"https:\\\/\\\/blog.fh-kaernten.at\\\/praxisbuero\\\/files\\\/2025\\\/09\\\/Testimonial-Edith-Blaschitz-scaled.jpg\",\"datePublished\":\"2025-09-30T08:29:12+00:00\",\"dateModified\":\"2025-09-30T08:31:24+00:00\",\"author\":{\"@id\":\"https:\\\/\\\/blog.fh-kaernten.at\\\/praxisbuero\\\/#\\\/schema\\\/person\\\/9d9fe62d1d555df7a417b35dc285f4cd\"},\"breadcrumb\":{\"@id\":\"https:\\\/\\\/blog.fh-kaernten.at\\\/praxisbuero\\\/edith-blaschitz-physiotherapeutin-am-lkh-wolfsberg\\\/#breadcrumb\"},\"inLanguage\":\"de\",\"potentialAction\":[{\"@type\":\"ReadAction\",\"target\":[\"https:\\\/\\\/blog.fh-kaernten.at\\\/praxisbuero\\\/edith-blaschitz-physiotherapeutin-am-lkh-wolfsberg\\\/\"]}]},{\"@type\":\"ImageObject\",\"inLanguage\":\"de\",\"@id\":\"https:\\\/\\\/blog.fh-kaernten.at\\\/praxisbuero\\\/edith-blaschitz-physiotherapeutin-am-lkh-wolfsberg\\\/#primaryimage\",\"url\":\"https:\\\/\\\/blog.fh-kaernten.at\\\/praxisbuero\\\/files\\\/2025\\\/09\\\/Testimonial-Edith-Blaschitz-scaled.jpg\",\"contentUrl\":\"https:\\\/\\\/blog.fh-kaernten.at\\\/praxisbuero\\\/files\\\/2025\\\/09\\\/Testimonial-Edith-Blaschitz-scaled.jpg\",\"width\":2560,\"height\":1901},{\"@type\":\"BreadcrumbList\",\"@id\":\"https:\\\/\\\/blog.fh-kaernten.at\\\/praxisbuero\\\/edith-blaschitz-physiotherapeutin-am-lkh-wolfsberg\\\/#breadcrumb\",\"itemListElement\":[{\"@type\":\"ListItem\",\"position\":1,\"name\":\"Startseite\",\"item\":\"https:\\\/\\\/blog.fh-kaernten.at\\\/praxisbuero\\\/\"},{\"@type\":\"ListItem\",\"position\":2,\"name\":\"Edith Blaschitz, Physiotherapeutin am LKH Wolfsberg\"}]},{\"@type\":\"WebSite\",\"@id\":\"https:\\\/\\\/blog.fh-kaernten.at\\\/praxisbuero\\\/#website\",\"url\":\"https:\\\/\\\/blog.fh-kaernten.at\\\/praxisbuero\\\/\",\"name\":\"Praxisb\u00fcro\",\"description\":\"\",\"potentialAction\":[{\"@type\":\"SearchAction\",\"target\":{\"@type\":\"EntryPoint\",\"urlTemplate\":\"https:\\\/\\\/blog.fh-kaernten.at\\\/praxisbuero\\\/?s={search_term_string}\"},\"query-input\":{\"@type\":\"PropertyValueSpecification\",\"valueRequired\":true,\"valueName\":\"search_term_string\"}}],\"inLanguage\":\"de\"},{\"@type\":\"Person\",\"@id\":\"https:\\\/\\\/blog.fh-kaernten.at\\\/praxisbuero\\\/#\\\/schema\\\/person\\\/9d9fe62d1d555df7a417b35dc285f4cd\",\"name\":\"klingberg\"}]}<\/script>\n<!-- \/ Yoast SEO plugin. -->","yoast_head_json":{"title":"Edith Blaschitz, Physiotherapeutin am LKH Wolfsberg - Praxisb\u00fcro","robots":{"index":"index","follow":"follow","max-snippet":"max-snippet:-1","max-image-preview":"max-image-preview:large","max-video-preview":"max-video-preview:-1"},"canonical":"https:\/\/blog.fh-kaernten.at\/praxisbuero\/edith-blaschitz-physiotherapeutin-am-lkh-wolfsberg\/","og_locale":"de_DE","og_type":"article","og_title":"Edith Blaschitz, Physiotherapeutin am LKH Wolfsberg - Praxisb\u00fcro","og_description":"Seit vielen Jahren begleite ich Studierende im Praktikum. Um mich weiterzuentwickeln, habe ich den Lehrgang Professionelle Praxisanleitung absolviert \u2013 als erste Praxisanleiterin in unserem multiprofessionellen Team.","og_url":"https:\/\/blog.fh-kaernten.at\/praxisbuero\/edith-blaschitz-physiotherapeutin-am-lkh-wolfsberg\/","og_site_name":"Praxisb\u00fcro","article_published_time":"2025-09-30T08:29:12+00:00","article_modified_time":"2025-09-30T08:31:24+00:00","og_image":[{"width":2560,"height":1901,"url":"https:\/\/blog.fh-kaernten.at\/praxisbuero\/files\/2025\/09\/Testimonial-Edith-Blaschitz-scaled.jpg","type":"image\/jpeg"}],"author":"klingberg","twitter_card":"summary_large_image","twitter_misc":{"Verfasst von":"klingberg","Gesch\u00e4tzte Lesezeit":"1\u00a0Minute"},"schema":{"@context":"https:\/\/schema.org","@graph":[{"@type":"Article","@id":"https:\/\/blog.fh-kaernten.at\/praxisbuero\/edith-blaschitz-physiotherapeutin-am-lkh-wolfsberg\/#article","isPartOf":{"@id":"https:\/\/blog.fh-kaernten.at\/praxisbuero\/edith-blaschitz-physiotherapeutin-am-lkh-wolfsberg\/"},"author":{"name":"klingberg","@id":"https:\/\/blog.fh-kaernten.at\/praxisbuero\/#\/schema\/person\/9d9fe62d1d555df7a417b35dc285f4cd"},"headline":"Edith Blaschitz, Physiotherapeutin am LKH Wolfsberg","datePublished":"2025-09-30T08:29:12+00:00","dateModified":"2025-09-30T08:31:24+00:00","mainEntityOfPage":{"@id":"https:\/\/blog.fh-kaernten.at\/praxisbuero\/edith-blaschitz-physiotherapeutin-am-lkh-wolfsberg\/"},"wordCount":118,"commentCount":0,"image":{"@id":"https:\/\/blog.fh-kaernten.at\/praxisbuero\/edith-blaschitz-physiotherapeutin-am-lkh-wolfsberg\/#primaryimage"},"thumbnailUrl":"https:\/\/blog.fh-kaernten.at\/praxisbuero\/files\/2025\/09\/Testimonial-Edith-Blaschitz-scaled.jpg","articleSection":["Testimonials"],"inLanguage":"de","potentialAction":[{"@type":"CommentAction","name":"Comment","target":["https:\/\/blog.fh-kaernten.at\/praxisbuero\/edith-blaschitz-physiotherapeutin-am-lkh-wolfsberg\/#respond"]}]},{"@type":"WebPage","@id":"https:\/\/blog.fh-kaernten.at\/praxisbuero\/edith-blaschitz-physiotherapeutin-am-lkh-wolfsberg\/","url":"https:\/\/blog.fh-kaernten.at\/praxisbuero\/edith-blaschitz-physiotherapeutin-am-lkh-wolfsberg\/","name":"Edith Blaschitz, Physiotherapeutin am LKH Wolfsberg - Praxisb\u00fcro","isPartOf":{"@id":"https:\/\/blog.fh-kaernten.at\/praxisbuero\/#website"},"primaryImageOfPage":{"@id":"https:\/\/blog.fh-kaernten.at\/praxisbuero\/edith-blaschitz-physiotherapeutin-am-lkh-wolfsberg\/#primaryimage"},"image":{"@id":"https:\/\/blog.fh-kaernten.at\/praxisbuero\/edith-blaschitz-physiotherapeutin-am-lkh-wolfsberg\/#primaryimage"},"thumbnailUrl":"https:\/\/blog.fh-kaernten.at\/praxisbuero\/files\/2025\/09\/Testimonial-Edith-Blaschitz-scaled.jpg","datePublished":"2025-09-30T08:29:12+00:00","dateModified":"2025-09-30T08:31:24+00:00","author":{"@id":"https:\/\/blog.fh-kaernten.at\/praxisbuero\/#\/schema\/person\/9d9fe62d1d555df7a417b35dc285f4cd"},"breadcrumb":{"@id":"https:\/\/blog.fh-kaernten.at\/praxisbuero\/edith-blaschitz-physiotherapeutin-am-lkh-wolfsberg\/#breadcrumb"},"inLanguage":"de","potentialAction":[{"@type":"ReadAction","target":["https:\/\/blog.fh-kaernten.at\/praxisbuero\/edith-blaschitz-physiotherapeutin-am-lkh-wolfsberg\/"]}]},{"@type":"ImageObject","inLanguage":"de","@id":"https:\/\/blog.fh-kaernten.at\/praxisbuero\/edith-blaschitz-physiotherapeutin-am-lkh-wolfsberg\/#primaryimage","url":"https:\/\/blog.fh-kaernten.at\/praxisbuero\/files\/2025\/09\/Testimonial-Edith-Blaschitz-scaled.jpg","contentUrl":"https:\/\/blog.fh-kaernten.at\/praxisbuero\/files\/2025\/09\/Testimonial-Edith-Blaschitz-scaled.jpg","width":2560,"height":1901},{"@type":"BreadcrumbList","@id":"https:\/\/blog.fh-kaernten.at\/praxisbuero\/edith-blaschitz-physiotherapeutin-am-lkh-wolfsberg\/#breadcrumb","itemListElement":[{"@type":"ListItem","position":1,"name":"Startseite","item":"https:\/\/blog.fh-kaernten.at\/praxisbuero\/"},{"@type":"ListItem","position":2,"name":"Edith Blaschitz, Physiotherapeutin am LKH Wolfsberg"}]},{"@type":"WebSite","@id":"https:\/\/blog.fh-kaernten.at\/praxisbuero\/#website","url":"https:\/\/blog.fh-kaernten.at\/praxisbuero\/","name":"Praxisb\u00fcro","description":"","potentialAction":[{"@type":"SearchAction","target":{"@type":"EntryPoint","urlTemplate":"https:\/\/blog.fh-kaernten.at\/praxisbuero\/?s={search_term_string}"},"query-input":{"@type":"PropertyValueSpecification","valueRequired":true,"valueName":"search_term_string"}}],"inLanguage":"de"},{"@type":"Person","@id":"https:\/\/blog.fh-kaernten.at\/praxisbuero\/#\/schema\/person\/9d9fe62d1d555df7a417b35dc285f4cd","name":"klingberg"}]}},"_links":{"self":[{"href":"https:\/\/blog.fh-kaernten.at\/praxisbuero\/wp-json\/wp\/v2\/posts\/1744","targetHints":{"allow":["GET"]}}],"collection":[{"href":"https:\/\/blog.fh-kaernten.at\/praxisbuero\/wp-json\/wp\/v2\/posts"}],"about":[{"href":"https:\/\/blog.fh-kaernten.at\/praxisbuero\/wp-json\/wp\/v2\/types\/post"}],"author":[{"embeddable":true,"href":"https:\/\/blog.fh-kaernten.at\/praxisbuero\/wp-json\/wp\/v2\/users\/48"}],"replies":[{"embeddable":true,"href":"https:\/\/blog.fh-kaernten.at\/praxisbuero\/wp-json\/wp\/v2\/comments?post=1744"}],"version-history":[{"count":0,"href":"https:\/\/blog.fh-kaernten.at\/praxisbuero\/wp-json\/wp\/v2\/posts\/1744\/revisions"}],"wp:featuredmedia":[{"embeddable":true,"href":"https:\/\/blog.fh-kaernten.at\/praxisbuero\/wp-json\/wp\/v2\/media\/1745"}],"wp:attachment":[{"href":"https:\/\/blog.fh-kaernten.at\/praxisbuero\/wp-json\/wp\/v2\/media?parent=1744"}],"wp:term":[{"taxonomy":"category","embeddable":true,"href":"https:\/\/blog.fh-kaernten.at\/praxisbuero\/wp-json\/wp\/v2\/categories?post=1744"},{"taxonomy":"post_tag","embeddable":true,"href":"https:\/\/blog.fh-kaernten.at\/praxisbuero\/wp-json\/wp\/v2\/tags?post=1744"}],"curies":[{"name":"wp","href":"https:\/\/api.w.org\/{rel}","templated":true}]}}