{"id":1022,"date":"2024-02-02T14:20:59","date_gmt":"2024-02-02T13:20:59","guid":{"rendered":"https:\/\/blog.fh-kaernten.at\/praxisbuero\/?p=1022"},"modified":"2024-02-07T17:26:18","modified_gmt":"2024-02-07T16:26:18","slug":"feierliche-zertifikatsuebergabe-sanlas-holding-neuer-partner-des-studienbereichs-gesundheit-soziales","status":"publish","type":"post","link":"https:\/\/blog.fh-kaernten.at\/praxisbuero\/feierliche-zertifikatsuebergabe-sanlas-holding-neuer-partner-des-studienbereichs-gesundheit-soziales\/","title":{"rendered":"Feierliche Zertifikats\u00fcbergabe SANLAS Holding &#8211; neuer Partner des Studienbereichs Gesundheit &amp; Soziales"},"content":{"rendered":"\t\t<div data-elementor-type=\"wp-post\" data-elementor-id=\"1022\" class=\"elementor elementor-1022\" data-elementor-post-type=\"post\">\n\t\t\t\t\t\t<section class=\"elementor-section elementor-top-section elementor-element elementor-element-19f04b7 elementor-section-boxed elementor-section-height-default elementor-section-height-default\" data-id=\"19f04b7\" data-element_type=\"section\" data-e-type=\"section\">\n\t\t\t\t\t\t<div class=\"elementor-container elementor-column-gap-default\">\n\t\t\t\t\t<div class=\"elementor-column elementor-col-100 elementor-top-column elementor-element elementor-element-411de53\" data-id=\"411de53\" data-element_type=\"column\" data-e-type=\"column\">\n\t\t\t<div class=\"elementor-widget-wrap elementor-element-populated\">\n\t\t\t\t\t\t<div class=\"elementor-element elementor-element-3b03296 elementor-widget elementor-widget-heading\" data-id=\"3b03296\" data-element_type=\"widget\" data-e-type=\"widget\" data-widget_type=\"heading.default\">\n\t\t\t\t<div class=\"elementor-widget-container\">\n\t\t\t\t\t<h2 class=\"elementor-heading-title elementor-size-default\">Feierliche Zertifikats\u00fcbergabe SANLAS Holding-neuer Partner des Studienbereichs Gesundheit &amp; Soziales<\/h2>\t\t\t\t<\/div>\n\t\t\t\t<\/div>\n\t\t\t\t\t<\/div>\n\t\t<\/div>\n\t\t\t\t\t<\/div>\n\t\t<\/section>\n\t\t\t\t<section class=\"elementor-section elementor-top-section elementor-element elementor-element-8710d25 elementor-section-boxed elementor-section-height-default elementor-section-height-default\" data-id=\"8710d25\" data-element_type=\"section\" data-e-type=\"section\">\n\t\t\t\t\t\t<div class=\"elementor-container elementor-column-gap-default\">\n\t\t\t\t\t<div class=\"elementor-column elementor-col-100 elementor-top-column elementor-element elementor-element-6d07058\" data-id=\"6d07058\" data-element_type=\"column\" data-e-type=\"column\">\n\t\t\t<div class=\"elementor-widget-wrap elementor-element-populated\">\n\t\t\t\t\t\t<section class=\"elementor-section elementor-inner-section elementor-element elementor-element-edf596a elementor-section-boxed elementor-section-height-default elementor-section-height-default\" data-id=\"edf596a\" data-element_type=\"section\" data-e-type=\"section\">\n\t\t\t\t\t\t<div class=\"elementor-container elementor-column-gap-default\">\n\t\t\t\t\t<div class=\"elementor-column elementor-col-50 elementor-inner-column elementor-element elementor-element-67386e5\" data-id=\"67386e5\" data-element_type=\"column\" data-e-type=\"column\">\n\t\t\t<div class=\"elementor-widget-wrap elementor-element-populated\">\n\t\t\t\t\t\t<div class=\"elementor-element elementor-element-bb3e270 elementor-widget elementor-widget-text-editor\" data-id=\"bb3e270\" data-element_type=\"widget\" data-e-type=\"widget\" data-widget_type=\"text-editor.default\">\n\t\t\t\t<div class=\"elementor-widget-container\">\n\t\t\t\t\t\t\t\t\t<p>Am 24.1. 2024 wurde Mario Bokalic, Leiter des Praxisb\u00fcros, und Christine Zimmerl, Praktikumskoordinatorin des Studiengangs Gesundheits- und Krankenpflege, zur feierlichen \u00dcbergabe der G&amp;S Zertifikatsplakette auf der Lassnitzh\u00f6he eingeladen. Vor der malerischen steierm\u00e4rkischen Landschaft und bei strahlendem Sonnenschein trafen die Kolleginnen den Gr\u00fcnder der SANLAS Holding, Prim. Prof. Dr. G\u00fcnter Nebel. Neben einem kulinarischen Verw\u00f6hnprogramm der Extraklasse durften Bokalic &amp; Zimmerl eine Privatf\u00fchrung durch die Seniorenresidenz und durch die Privatklinik La\u00dfnitzh\u00f6he genie\u00dfen.<\/p><p>Insgesamt arbeiten \u00fcber 1.200 Mitarbeiter in den 5 Privatkliniken, den 2 Ambulanzen und 6 Pflege-Partnerbetrieben der SANLAS Holding.<\/p><p>Wir bedanken uns sehr herzlich f\u00fcr den tollen Empfang bei der SANLAS Holding und freuen uns \u00fcber die zuk\u00fcnftige Zusammenarbeit in Sachen Praktika.<\/p>\t\t\t\t\t\t\t\t<\/div>\n\t\t\t\t<\/div>\n\t\t\t\t\t<\/div>\n\t\t<\/div>\n\t\t\t\t<div class=\"elementor-column elementor-col-50 elementor-inner-column elementor-element elementor-element-4ded5a0\" data-id=\"4ded5a0\" data-element_type=\"column\" data-e-type=\"column\">\n\t\t\t<div class=\"elementor-widget-wrap elementor-element-populated\">\n\t\t\t\t\t\t<div class=\"elementor-element elementor-element-4692b70 elementor-widget elementor-widget-image\" data-id=\"4692b70\" data-element_type=\"widget\" data-e-type=\"widget\" data-widget_type=\"image.default\">\n\t\t\t\t<div class=\"elementor-widget-container\">\n\t\t\t\t\t\t\t\t\t\t\t\t<figure class=\"wp-caption\">\n\t\t\t\t\t\t\t\t\t\t<img fetchpriority=\"high\" decoding=\"async\" width=\"1024\" height=\"768\" src=\"https:\/\/blog.fh-kaernten.at\/praxisbuero\/files\/2024\/02\/sanlas-holding-zertifikat-1024x768.jpg\" class=\"attachment-large size-large wp-image-1023\" alt=\"\" srcset=\"https:\/\/blog.fh-kaernten.at\/praxisbuero\/files\/2024\/02\/sanlas-holding-zertifikat-1024x768.jpg 1024w, https:\/\/blog.fh-kaernten.at\/praxisbuero\/files\/2024\/02\/sanlas-holding-zertifikat-300x225.jpg 300w, https:\/\/blog.fh-kaernten.at\/praxisbuero\/files\/2024\/02\/sanlas-holding-zertifikat-768x576.jpg 768w, https:\/\/blog.fh-kaernten.at\/praxisbuero\/files\/2024\/02\/sanlas-holding-zertifikat-1000x750.jpg 1000w, https:\/\/blog.fh-kaernten.at\/praxisbuero\/files\/2024\/02\/sanlas-holding-zertifikat-230x173.jpg 230w, https:\/\/blog.fh-kaernten.at\/praxisbuero\/files\/2024\/02\/sanlas-holding-zertifikat-350x263.jpg 350w, https:\/\/blog.fh-kaernten.at\/praxisbuero\/files\/2024\/02\/sanlas-holding-zertifikat-480x360.jpg 480w, https:\/\/blog.fh-kaernten.at\/praxisbuero\/files\/2024\/02\/sanlas-holding-zertifikat.jpg 1112w\" sizes=\"(max-width: 1024px) 100vw, 1024px\" \/>\t\t\t\t\t\t\t\t\t\t\t<figcaption class=\"widget-image-caption wp-caption-text\">Mag.(FH) Mario Bokalic-Leiter Praxisb\u00fcro G&amp;S, Mag.<sup>a<\/sup> Eva Plaschke-QM Sanlas, Christine Zimmerl, MA-Praktikumskoordinatorin GUK, OMR Prim. Prof. Dr. G\u00fcnther Nebel, Sophia Gruber-Office Management SANLAS, Kerstin Pletzl, MSc, zentrale Praktikumskoordinatorin SANLAS. Nicht am Bild: Mag. Andreas Schwarz, MBA-Gesch\u00e4ftsf\u00fchrer SANLAS<\/figcaption>\n\t\t\t\t\t\t\t\t\t\t<\/figure>\n\t\t\t\t\t\t\t\t\t<\/div>\n\t\t\t\t<\/div>\n\t\t\t\t\t<\/div>\n\t\t<\/div>\n\t\t\t\t\t<\/div>\n\t\t<\/section>\n\t\t\t\t\t<\/div>\n\t\t<\/div>\n\t\t\t\t\t<\/div>\n\t\t<\/section>\n\t\t\t\t<\/div>\n\t\t","protected":false},"excerpt":{"rendered":"<p>Feierliche Zertifikats\u00fcbergabe SANLAS Holding-neuer Partner des Studienbereichs Gesundheit &amp; Soziales Am 24.1. 2024 wurde Mario Bokalic, Leiter des Praxisb\u00fcros, und Christine Zimmerl, [&hellip;]<\/p>\n","protected":false},"author":48,"featured_media":1023,"comment_status":"open","ping_status":"open","sticky":false,"template":"elementor_header_footer","format":"standard","meta":{"inline_featured_image":false,"footnotes":""},"categories":[1],"tags":[],"class_list":["post-1022","post","type-post","status-publish","format-standard","has-post-thumbnail","hentry","category-allgemein"],"yoast_head":"<!-- This site is optimized with the Yoast SEO plugin v27.5 - https:\/\/yoast.com\/product\/yoast-seo-wordpress\/ -->\n<title>Feierliche Zertifikats\u00fcbergabe SANLAS Holding - neuer Partner des Studienbereichs Gesundheit &amp; Soziales - Praxisb\u00fcro<\/title>\n<meta name=\"robots\" content=\"index, follow, max-snippet:-1, max-image-preview:large, max-video-preview:-1\" \/>\n<link rel=\"canonical\" href=\"https:\/\/blog.fh-kaernten.at\/praxisbuero\/feierliche-zertifikatsuebergabe-sanlas-holding-neuer-partner-des-studienbereichs-gesundheit-soziales\/\" \/>\n<meta property=\"og:locale\" content=\"de_DE\" \/>\n<meta property=\"og:type\" content=\"article\" \/>\n<meta property=\"og:title\" content=\"Feierliche Zertifikats\u00fcbergabe SANLAS Holding - neuer Partner des Studienbereichs Gesundheit &amp; Soziales - Praxisb\u00fcro\" \/>\n<meta property=\"og:description\" content=\"Feierliche Zertifikats\u00fcbergabe SANLAS Holding-neuer Partner des Studienbereichs Gesundheit &amp; Soziales Am 24.1. 2024 wurde Mario Bokalic, Leiter des Praxisb\u00fcros, und Christine Zimmerl, [&hellip;]\" \/>\n<meta property=\"og:url\" content=\"https:\/\/blog.fh-kaernten.at\/praxisbuero\/feierliche-zertifikatsuebergabe-sanlas-holding-neuer-partner-des-studienbereichs-gesundheit-soziales\/\" \/>\n<meta property=\"og:site_name\" content=\"Praxisb\u00fcro\" \/>\n<meta property=\"article:published_time\" content=\"2024-02-02T13:20:59+00:00\" \/>\n<meta property=\"article:modified_time\" content=\"2024-02-07T16:26:18+00:00\" \/>\n<meta property=\"og:image\" content=\"https:\/\/blog.fh-kaernten.at\/praxisbuero\/files\/2024\/02\/sanlas-holding-zertifikat.jpg\" \/>\n\t<meta property=\"og:image:width\" content=\"1112\" \/>\n\t<meta property=\"og:image:height\" content=\"834\" \/>\n\t<meta property=\"og:image:type\" content=\"image\/jpeg\" \/>\n<meta name=\"author\" content=\"klingberg\" \/>\n<meta name=\"twitter:card\" content=\"summary_large_image\" \/>\n<meta name=\"twitter:label1\" content=\"Verfasst von\" \/>\n\t<meta name=\"twitter:data1\" content=\"klingberg\" \/>\n\t<meta name=\"twitter:label2\" content=\"Gesch\u00e4tzte Lesezeit\" \/>\n\t<meta name=\"twitter:data2\" content=\"2\u00a0Minuten\" \/>\n<script type=\"application\/ld+json\" class=\"yoast-schema-graph\">{\"@context\":\"https:\\\/\\\/schema.org\",\"@graph\":[{\"@type\":\"Article\",\"@id\":\"https:\\\/\\\/blog.fh-kaernten.at\\\/praxisbuero\\\/feierliche-zertifikatsuebergabe-sanlas-holding-neuer-partner-des-studienbereichs-gesundheit-soziales\\\/#article\",\"isPartOf\":{\"@id\":\"https:\\\/\\\/blog.fh-kaernten.at\\\/praxisbuero\\\/feierliche-zertifikatsuebergabe-sanlas-holding-neuer-partner-des-studienbereichs-gesundheit-soziales\\\/\"},\"author\":{\"name\":\"klingberg\",\"@id\":\"https:\\\/\\\/blog.fh-kaernten.at\\\/praxisbuero\\\/#\\\/schema\\\/person\\\/9d9fe62d1d555df7a417b35dc285f4cd\"},\"headline\":\"Feierliche Zertifikats\u00fcbergabe SANLAS Holding &#8211; neuer Partner des Studienbereichs Gesundheit &amp; Soziales\",\"datePublished\":\"2024-02-02T13:20:59+00:00\",\"dateModified\":\"2024-02-07T16:26:18+00:00\",\"mainEntityOfPage\":{\"@id\":\"https:\\\/\\\/blog.fh-kaernten.at\\\/praxisbuero\\\/feierliche-zertifikatsuebergabe-sanlas-holding-neuer-partner-des-studienbereichs-gesundheit-soziales\\\/\"},\"wordCount\":189,\"commentCount\":0,\"image\":{\"@id\":\"https:\\\/\\\/blog.fh-kaernten.at\\\/praxisbuero\\\/feierliche-zertifikatsuebergabe-sanlas-holding-neuer-partner-des-studienbereichs-gesundheit-soziales\\\/#primaryimage\"},\"thumbnailUrl\":\"https:\\\/\\\/blog.fh-kaernten.at\\\/praxisbuero\\\/files\\\/2024\\\/02\\\/sanlas-holding-zertifikat.jpg\",\"inLanguage\":\"de\",\"potentialAction\":[{\"@type\":\"CommentAction\",\"name\":\"Comment\",\"target\":[\"https:\\\/\\\/blog.fh-kaernten.at\\\/praxisbuero\\\/feierliche-zertifikatsuebergabe-sanlas-holding-neuer-partner-des-studienbereichs-gesundheit-soziales\\\/#respond\"]}]},{\"@type\":\"WebPage\",\"@id\":\"https:\\\/\\\/blog.fh-kaernten.at\\\/praxisbuero\\\/feierliche-zertifikatsuebergabe-sanlas-holding-neuer-partner-des-studienbereichs-gesundheit-soziales\\\/\",\"url\":\"https:\\\/\\\/blog.fh-kaernten.at\\\/praxisbuero\\\/feierliche-zertifikatsuebergabe-sanlas-holding-neuer-partner-des-studienbereichs-gesundheit-soziales\\\/\",\"name\":\"Feierliche Zertifikats\u00fcbergabe SANLAS Holding - neuer Partner des Studienbereichs Gesundheit &amp; Soziales - Praxisb\u00fcro\",\"isPartOf\":{\"@id\":\"https:\\\/\\\/blog.fh-kaernten.at\\\/praxisbuero\\\/#website\"},\"primaryImageOfPage\":{\"@id\":\"https:\\\/\\\/blog.fh-kaernten.at\\\/praxisbuero\\\/feierliche-zertifikatsuebergabe-sanlas-holding-neuer-partner-des-studienbereichs-gesundheit-soziales\\\/#primaryimage\"},\"image\":{\"@id\":\"https:\\\/\\\/blog.fh-kaernten.at\\\/praxisbuero\\\/feierliche-zertifikatsuebergabe-sanlas-holding-neuer-partner-des-studienbereichs-gesundheit-soziales\\\/#primaryimage\"},\"thumbnailUrl\":\"https:\\\/\\\/blog.fh-kaernten.at\\\/praxisbuero\\\/files\\\/2024\\\/02\\\/sanlas-holding-zertifikat.jpg\",\"datePublished\":\"2024-02-02T13:20:59+00:00\",\"dateModified\":\"2024-02-07T16:26:18+00:00\",\"author\":{\"@id\":\"https:\\\/\\\/blog.fh-kaernten.at\\\/praxisbuero\\\/#\\\/schema\\\/person\\\/9d9fe62d1d555df7a417b35dc285f4cd\"},\"breadcrumb\":{\"@id\":\"https:\\\/\\\/blog.fh-kaernten.at\\\/praxisbuero\\\/feierliche-zertifikatsuebergabe-sanlas-holding-neuer-partner-des-studienbereichs-gesundheit-soziales\\\/#breadcrumb\"},\"inLanguage\":\"de\",\"potentialAction\":[{\"@type\":\"ReadAction\",\"target\":[\"https:\\\/\\\/blog.fh-kaernten.at\\\/praxisbuero\\\/feierliche-zertifikatsuebergabe-sanlas-holding-neuer-partner-des-studienbereichs-gesundheit-soziales\\\/\"]}]},{\"@type\":\"ImageObject\",\"inLanguage\":\"de\",\"@id\":\"https:\\\/\\\/blog.fh-kaernten.at\\\/praxisbuero\\\/feierliche-zertifikatsuebergabe-sanlas-holding-neuer-partner-des-studienbereichs-gesundheit-soziales\\\/#primaryimage\",\"url\":\"https:\\\/\\\/blog.fh-kaernten.at\\\/praxisbuero\\\/files\\\/2024\\\/02\\\/sanlas-holding-zertifikat.jpg\",\"contentUrl\":\"https:\\\/\\\/blog.fh-kaernten.at\\\/praxisbuero\\\/files\\\/2024\\\/02\\\/sanlas-holding-zertifikat.jpg\",\"width\":1112,\"height\":834},{\"@type\":\"BreadcrumbList\",\"@id\":\"https:\\\/\\\/blog.fh-kaernten.at\\\/praxisbuero\\\/feierliche-zertifikatsuebergabe-sanlas-holding-neuer-partner-des-studienbereichs-gesundheit-soziales\\\/#breadcrumb\",\"itemListElement\":[{\"@type\":\"ListItem\",\"position\":1,\"name\":\"Startseite\",\"item\":\"https:\\\/\\\/blog.fh-kaernten.at\\\/praxisbuero\\\/\"},{\"@type\":\"ListItem\",\"position\":2,\"name\":\"Feierliche Zertifikats\u00fcbergabe SANLAS Holding &#8211; neuer Partner des Studienbereichs Gesundheit &amp; Soziales\"}]},{\"@type\":\"WebSite\",\"@id\":\"https:\\\/\\\/blog.fh-kaernten.at\\\/praxisbuero\\\/#website\",\"url\":\"https:\\\/\\\/blog.fh-kaernten.at\\\/praxisbuero\\\/\",\"name\":\"Praxisb\u00fcro\",\"description\":\"\",\"potentialAction\":[{\"@type\":\"SearchAction\",\"target\":{\"@type\":\"EntryPoint\",\"urlTemplate\":\"https:\\\/\\\/blog.fh-kaernten.at\\\/praxisbuero\\\/?s={search_term_string}\"},\"query-input\":{\"@type\":\"PropertyValueSpecification\",\"valueRequired\":true,\"valueName\":\"search_term_string\"}}],\"inLanguage\":\"de\"},{\"@type\":\"Person\",\"@id\":\"https:\\\/\\\/blog.fh-kaernten.at\\\/praxisbuero\\\/#\\\/schema\\\/person\\\/9d9fe62d1d555df7a417b35dc285f4cd\",\"name\":\"klingberg\"}]}<\/script>\n<!-- \/ Yoast SEO plugin. -->","yoast_head_json":{"title":"Feierliche Zertifikats\u00fcbergabe SANLAS Holding - neuer Partner des Studienbereichs Gesundheit &amp; Soziales - Praxisb\u00fcro","robots":{"index":"index","follow":"follow","max-snippet":"max-snippet:-1","max-image-preview":"max-image-preview:large","max-video-preview":"max-video-preview:-1"},"canonical":"https:\/\/blog.fh-kaernten.at\/praxisbuero\/feierliche-zertifikatsuebergabe-sanlas-holding-neuer-partner-des-studienbereichs-gesundheit-soziales\/","og_locale":"de_DE","og_type":"article","og_title":"Feierliche Zertifikats\u00fcbergabe SANLAS Holding - neuer Partner des Studienbereichs Gesundheit &amp; Soziales - Praxisb\u00fcro","og_description":"Feierliche Zertifikats\u00fcbergabe SANLAS Holding-neuer Partner des Studienbereichs Gesundheit &amp; Soziales Am 24.1. 2024 wurde Mario Bokalic, Leiter des Praxisb\u00fcros, und Christine Zimmerl, [&hellip;]","og_url":"https:\/\/blog.fh-kaernten.at\/praxisbuero\/feierliche-zertifikatsuebergabe-sanlas-holding-neuer-partner-des-studienbereichs-gesundheit-soziales\/","og_site_name":"Praxisb\u00fcro","article_published_time":"2024-02-02T13:20:59+00:00","article_modified_time":"2024-02-07T16:26:18+00:00","og_image":[{"width":1112,"height":834,"url":"https:\/\/blog.fh-kaernten.at\/praxisbuero\/files\/2024\/02\/sanlas-holding-zertifikat.jpg","type":"image\/jpeg"}],"author":"klingberg","twitter_card":"summary_large_image","twitter_misc":{"Verfasst von":"klingberg","Gesch\u00e4tzte Lesezeit":"2\u00a0Minuten"},"schema":{"@context":"https:\/\/schema.org","@graph":[{"@type":"Article","@id":"https:\/\/blog.fh-kaernten.at\/praxisbuero\/feierliche-zertifikatsuebergabe-sanlas-holding-neuer-partner-des-studienbereichs-gesundheit-soziales\/#article","isPartOf":{"@id":"https:\/\/blog.fh-kaernten.at\/praxisbuero\/feierliche-zertifikatsuebergabe-sanlas-holding-neuer-partner-des-studienbereichs-gesundheit-soziales\/"},"author":{"name":"klingberg","@id":"https:\/\/blog.fh-kaernten.at\/praxisbuero\/#\/schema\/person\/9d9fe62d1d555df7a417b35dc285f4cd"},"headline":"Feierliche Zertifikats\u00fcbergabe SANLAS Holding &#8211; neuer Partner des Studienbereichs Gesundheit &amp; Soziales","datePublished":"2024-02-02T13:20:59+00:00","dateModified":"2024-02-07T16:26:18+00:00","mainEntityOfPage":{"@id":"https:\/\/blog.fh-kaernten.at\/praxisbuero\/feierliche-zertifikatsuebergabe-sanlas-holding-neuer-partner-des-studienbereichs-gesundheit-soziales\/"},"wordCount":189,"commentCount":0,"image":{"@id":"https:\/\/blog.fh-kaernten.at\/praxisbuero\/feierliche-zertifikatsuebergabe-sanlas-holding-neuer-partner-des-studienbereichs-gesundheit-soziales\/#primaryimage"},"thumbnailUrl":"https:\/\/blog.fh-kaernten.at\/praxisbuero\/files\/2024\/02\/sanlas-holding-zertifikat.jpg","inLanguage":"de","potentialAction":[{"@type":"CommentAction","name":"Comment","target":["https:\/\/blog.fh-kaernten.at\/praxisbuero\/feierliche-zertifikatsuebergabe-sanlas-holding-neuer-partner-des-studienbereichs-gesundheit-soziales\/#respond"]}]},{"@type":"WebPage","@id":"https:\/\/blog.fh-kaernten.at\/praxisbuero\/feierliche-zertifikatsuebergabe-sanlas-holding-neuer-partner-des-studienbereichs-gesundheit-soziales\/","url":"https:\/\/blog.fh-kaernten.at\/praxisbuero\/feierliche-zertifikatsuebergabe-sanlas-holding-neuer-partner-des-studienbereichs-gesundheit-soziales\/","name":"Feierliche Zertifikats\u00fcbergabe SANLAS Holding - neuer Partner des Studienbereichs Gesundheit &amp; Soziales - Praxisb\u00fcro","isPartOf":{"@id":"https:\/\/blog.fh-kaernten.at\/praxisbuero\/#website"},"primaryImageOfPage":{"@id":"https:\/\/blog.fh-kaernten.at\/praxisbuero\/feierliche-zertifikatsuebergabe-sanlas-holding-neuer-partner-des-studienbereichs-gesundheit-soziales\/#primaryimage"},"image":{"@id":"https:\/\/blog.fh-kaernten.at\/praxisbuero\/feierliche-zertifikatsuebergabe-sanlas-holding-neuer-partner-des-studienbereichs-gesundheit-soziales\/#primaryimage"},"thumbnailUrl":"https:\/\/blog.fh-kaernten.at\/praxisbuero\/files\/2024\/02\/sanlas-holding-zertifikat.jpg","datePublished":"2024-02-02T13:20:59+00:00","dateModified":"2024-02-07T16:26:18+00:00","author":{"@id":"https:\/\/blog.fh-kaernten.at\/praxisbuero\/#\/schema\/person\/9d9fe62d1d555df7a417b35dc285f4cd"},"breadcrumb":{"@id":"https:\/\/blog.fh-kaernten.at\/praxisbuero\/feierliche-zertifikatsuebergabe-sanlas-holding-neuer-partner-des-studienbereichs-gesundheit-soziales\/#breadcrumb"},"inLanguage":"de","potentialAction":[{"@type":"ReadAction","target":["https:\/\/blog.fh-kaernten.at\/praxisbuero\/feierliche-zertifikatsuebergabe-sanlas-holding-neuer-partner-des-studienbereichs-gesundheit-soziales\/"]}]},{"@type":"ImageObject","inLanguage":"de","@id":"https:\/\/blog.fh-kaernten.at\/praxisbuero\/feierliche-zertifikatsuebergabe-sanlas-holding-neuer-partner-des-studienbereichs-gesundheit-soziales\/#primaryimage","url":"https:\/\/blog.fh-kaernten.at\/praxisbuero\/files\/2024\/02\/sanlas-holding-zertifikat.jpg","contentUrl":"https:\/\/blog.fh-kaernten.at\/praxisbuero\/files\/2024\/02\/sanlas-holding-zertifikat.jpg","width":1112,"height":834},{"@type":"BreadcrumbList","@id":"https:\/\/blog.fh-kaernten.at\/praxisbuero\/feierliche-zertifikatsuebergabe-sanlas-holding-neuer-partner-des-studienbereichs-gesundheit-soziales\/#breadcrumb","itemListElement":[{"@type":"ListItem","position":1,"name":"Startseite","item":"https:\/\/blog.fh-kaernten.at\/praxisbuero\/"},{"@type":"ListItem","position":2,"name":"Feierliche Zertifikats\u00fcbergabe SANLAS Holding &#8211; neuer Partner des Studienbereichs Gesundheit &amp; Soziales"}]},{"@type":"WebSite","@id":"https:\/\/blog.fh-kaernten.at\/praxisbuero\/#website","url":"https:\/\/blog.fh-kaernten.at\/praxisbuero\/","name":"Praxisb\u00fcro","description":"","potentialAction":[{"@type":"SearchAction","target":{"@type":"EntryPoint","urlTemplate":"https:\/\/blog.fh-kaernten.at\/praxisbuero\/?s={search_term_string}"},"query-input":{"@type":"PropertyValueSpecification","valueRequired":true,"valueName":"search_term_string"}}],"inLanguage":"de"},{"@type":"Person","@id":"https:\/\/blog.fh-kaernten.at\/praxisbuero\/#\/schema\/person\/9d9fe62d1d555df7a417b35dc285f4cd","name":"klingberg"}]}},"_links":{"self":[{"href":"https:\/\/blog.fh-kaernten.at\/praxisbuero\/wp-json\/wp\/v2\/posts\/1022","targetHints":{"allow":["GET"]}}],"collection":[{"href":"https:\/\/blog.fh-kaernten.at\/praxisbuero\/wp-json\/wp\/v2\/posts"}],"about":[{"href":"https:\/\/blog.fh-kaernten.at\/praxisbuero\/wp-json\/wp\/v2\/types\/post"}],"author":[{"embeddable":true,"href":"https:\/\/blog.fh-kaernten.at\/praxisbuero\/wp-json\/wp\/v2\/users\/48"}],"replies":[{"embeddable":true,"href":"https:\/\/blog.fh-kaernten.at\/praxisbuero\/wp-json\/wp\/v2\/comments?post=1022"}],"version-history":[{"count":0,"href":"https:\/\/blog.fh-kaernten.at\/praxisbuero\/wp-json\/wp\/v2\/posts\/1022\/revisions"}],"wp:featuredmedia":[{"embeddable":true,"href":"https:\/\/blog.fh-kaernten.at\/praxisbuero\/wp-json\/wp\/v2\/media\/1023"}],"wp:attachment":[{"href":"https:\/\/blog.fh-kaernten.at\/praxisbuero\/wp-json\/wp\/v2\/media?parent=1022"}],"wp:term":[{"taxonomy":"category","embeddable":true,"href":"https:\/\/blog.fh-kaernten.at\/praxisbuero\/wp-json\/wp\/v2\/categories?post=1022"},{"taxonomy":"post_tag","embeddable":true,"href":"https:\/\/blog.fh-kaernten.at\/praxisbuero\/wp-json\/wp\/v2\/tags?post=1022"}],"curies":[{"name":"wp","href":"https:\/\/api.w.org\/{rel}","templated":true}]}}