{"id":1006,"date":"2023-12-04T09:59:10","date_gmt":"2023-12-04T08:59:10","guid":{"rendered":"https:\/\/blog.fh-kaernten.at\/praxisbuero\/?p=1006"},"modified":"2023-12-04T10:01:57","modified_gmt":"2023-12-04T09:01:57","slug":"networking-bei-der-diakonie-de-la-tour-in-klagenfurt","status":"publish","type":"post","link":"https:\/\/blog.fh-kaernten.at\/praxisbuero\/networking-bei-der-diakonie-de-la-tour-in-klagenfurt\/","title":{"rendered":"Networking bei der Diakonie de La Tour in Klagenfurt"},"content":{"rendered":"\t\t<div data-elementor-type=\"wp-post\" data-elementor-id=\"1006\" class=\"elementor elementor-1006\" data-elementor-post-type=\"post\">\n\t\t\t\t\t\t<section class=\"elementor-section elementor-top-section elementor-element elementor-element-19f04b7 elementor-section-boxed elementor-section-height-default elementor-section-height-default\" data-id=\"19f04b7\" data-element_type=\"section\" data-e-type=\"section\">\n\t\t\t\t\t\t<div class=\"elementor-container elementor-column-gap-default\">\n\t\t\t\t\t<div class=\"elementor-column elementor-col-100 elementor-top-column elementor-element elementor-element-411de53\" data-id=\"411de53\" data-element_type=\"column\" data-e-type=\"column\">\n\t\t\t<div class=\"elementor-widget-wrap elementor-element-populated\">\n\t\t\t\t\t\t<div class=\"elementor-element elementor-element-3b03296 elementor-widget elementor-widget-heading\" data-id=\"3b03296\" data-element_type=\"widget\" data-e-type=\"widget\" data-widget_type=\"heading.default\">\n\t\t\t\t<div class=\"elementor-widget-container\">\n\t\t\t\t\t<h2 class=\"elementor-heading-title elementor-size-default\">Networking bei der Diakonie de La Tour in Klagenfurt<\/h2>\t\t\t\t<\/div>\n\t\t\t\t<\/div>\n\t\t\t\t\t<\/div>\n\t\t<\/div>\n\t\t\t\t\t<\/div>\n\t\t<\/section>\n\t\t\t\t<section class=\"elementor-section elementor-top-section elementor-element elementor-element-8710d25 elementor-section-boxed elementor-section-height-default elementor-section-height-default\" data-id=\"8710d25\" data-element_type=\"section\" data-e-type=\"section\">\n\t\t\t\t\t\t<div class=\"elementor-container elementor-column-gap-default\">\n\t\t\t\t\t<div class=\"elementor-column elementor-col-100 elementor-top-column elementor-element elementor-element-6d07058\" data-id=\"6d07058\" data-element_type=\"column\" data-e-type=\"column\">\n\t\t\t<div class=\"elementor-widget-wrap elementor-element-populated\">\n\t\t\t\t\t\t<section class=\"elementor-section elementor-inner-section elementor-element elementor-element-edf596a elementor-section-boxed elementor-section-height-default elementor-section-height-default\" data-id=\"edf596a\" data-element_type=\"section\" data-e-type=\"section\">\n\t\t\t\t\t\t<div class=\"elementor-container elementor-column-gap-default\">\n\t\t\t\t\t<div class=\"elementor-column elementor-col-50 elementor-inner-column elementor-element elementor-element-67386e5\" data-id=\"67386e5\" data-element_type=\"column\" data-e-type=\"column\">\n\t\t\t<div class=\"elementor-widget-wrap elementor-element-populated\">\n\t\t\t\t\t\t<div class=\"elementor-element elementor-element-bb3e270 elementor-widget elementor-widget-text-editor\" data-id=\"bb3e270\" data-element_type=\"widget\" data-e-type=\"widget\" data-widget_type=\"text-editor.default\">\n\t\t\t\t<div class=\"elementor-widget-container\">\n\t\t\t\t\t\t\t\t\t<p>Am Nachmittag des 30.11.2023 fand ein Vernetzungstreffen in den R\u00e4umlichkeiten der Diakonie de La Tour in Klagenfurt statt. Teilnehmer waren unser zertifizierter Praktikumspartner und verschiedene Bildungseinrichtungen, mit denen die Umsetzung von Praktika koordiniert wird.<\/p><p>Das Praxisb\u00fcro Gesundheit &amp; Soziales, in Kooperation mit dem Studiengang Gesundheits- und Krankenpflege der Fachhochschule K\u00e4rnten, repr\u00e4sentierte stolz die Institution. Christine Zimmerl, die Praktikumskoordinatorin des Studiengangs GUK, \u00e4u\u00dferte sich begeistert: \u201eIn unserem Studiengang sind die Praxisphasen ein entscheidender Bestandteil der Ausbildung. Sie machen immerhin 2300 Stunden und damit 50 % des GuK-Curriculums aus. J\u00e4hrlich entsenden wir etwa 300 Studierende in die Praktika und sind besonders erfreut, wenn unsere zertifizierten Partner Kontakte kn\u00fcpfen und die Zusammenarbeit vertieft wird.\u201c<\/p><p>Die Diakonie de La Tour vergibt insgesamt 500 Praktika pro Jahr in verschiedenen Bereichen wie Soziale Arbeit, Pflege, Physiotherapie sowie Logotherapie. Dabei z\u00e4hlt sie zu den 20 gro\u00dfen Tr\u00e4gern im Bereich Gesundheit und Soziales in der K\u00e4rntner Praktikumslandschaft.<\/p>\t\t\t\t\t\t\t\t<\/div>\n\t\t\t\t<\/div>\n\t\t\t\t\t<\/div>\n\t\t<\/div>\n\t\t\t\t<div class=\"elementor-column elementor-col-50 elementor-inner-column elementor-element elementor-element-4ded5a0\" data-id=\"4ded5a0\" data-element_type=\"column\" data-e-type=\"column\">\n\t\t\t<div class=\"elementor-widget-wrap elementor-element-populated\">\n\t\t\t\t\t\t<div class=\"elementor-element elementor-element-4692b70 elementor-widget elementor-widget-image\" data-id=\"4692b70\" data-element_type=\"widget\" data-e-type=\"widget\" data-widget_type=\"image.default\">\n\t\t\t\t<div class=\"elementor-widget-container\">\n\t\t\t\t\t\t\t\t\t\t\t\t\t\t\t<img fetchpriority=\"high\" decoding=\"async\" width=\"1024\" height=\"768\" src=\"https:\/\/blog.fh-kaernten.at\/praxisbuero\/files\/2023\/12\/networking_delatour-1024x768.jpg\" class=\"attachment-large size-large wp-image-1007\" alt=\"\" srcset=\"https:\/\/blog.fh-kaernten.at\/praxisbuero\/files\/2023\/12\/networking_delatour-1024x768.jpg 1024w, https:\/\/blog.fh-kaernten.at\/praxisbuero\/files\/2023\/12\/networking_delatour-300x225.jpg 300w, https:\/\/blog.fh-kaernten.at\/praxisbuero\/files\/2023\/12\/networking_delatour-768x576.jpg 768w, https:\/\/blog.fh-kaernten.at\/praxisbuero\/files\/2023\/12\/networking_delatour-1536x1152.jpg 1536w, https:\/\/blog.fh-kaernten.at\/praxisbuero\/files\/2023\/12\/networking_delatour-2048x1536.jpg 2048w, https:\/\/blog.fh-kaernten.at\/praxisbuero\/files\/2023\/12\/networking_delatour-1000x750.jpg 1000w, https:\/\/blog.fh-kaernten.at\/praxisbuero\/files\/2023\/12\/networking_delatour-230x173.jpg 230w, https:\/\/blog.fh-kaernten.at\/praxisbuero\/files\/2023\/12\/networking_delatour-350x263.jpg 350w, https:\/\/blog.fh-kaernten.at\/praxisbuero\/files\/2023\/12\/networking_delatour-480x360.jpg 480w\" sizes=\"(max-width: 1024px) 100vw, 1024px\" \/>\t\t\t\t\t\t\t\t\t\t\t\t\t\t\t<\/div>\n\t\t\t\t<\/div>\n\t\t\t\t\t<\/div>\n\t\t<\/div>\n\t\t\t\t\t<\/div>\n\t\t<\/section>\n\t\t\t\t\t<\/div>\n\t\t<\/div>\n\t\t\t\t\t<\/div>\n\t\t<\/section>\n\t\t\t\t<section class=\"elementor-section elementor-top-section elementor-element elementor-element-a05689c elementor-section-boxed elementor-section-height-default elementor-section-height-default\" data-id=\"a05689c\" data-element_type=\"section\" data-e-type=\"section\">\n\t\t\t\t\t\t<div class=\"elementor-container elementor-column-gap-default\">\n\t\t\t\t\t<div class=\"elementor-column elementor-col-100 elementor-top-column elementor-element elementor-element-9ec105d\" data-id=\"9ec105d\" data-element_type=\"column\" data-e-type=\"column\">\n\t\t\t<div class=\"elementor-widget-wrap elementor-element-populated\">\n\t\t\t\t\t\t<div class=\"elementor-element elementor-element-2e2bde8 elementor-widget elementor-widget-text-editor\" data-id=\"2e2bde8\" data-element_type=\"widget\" data-e-type=\"widget\" data-widget_type=\"text-editor.default\">\n\t\t\t\t<div class=\"elementor-widget-container\">\n\t\t\t\t\t\t\t\t\t<p>Das Vernetzungstreffen bot einen exzellenten Rahmen, um sich intensiv \u00fcber die Zusammenarbeit und die Rahmenbedingungen auszutauschen. Der erfolgreiche Nachmittag fand seinen H\u00f6hepunkt in einem Besuch von Einrichtungen der Diakonie de La Tour in Klagenfurt sowie einer gem\u00fctlichen Einkehr im Cafe-Bistro \u201egernda\u201c.<\/p><p>Das Praxisb\u00fcro G&amp;S und der Studiengang Gesundheits- und Krankenpflege bedanken sich herzlich f\u00fcr die Einladung und freuen sich auf die weiterhin spannende Zusammenarbeit mit der Diakonie de La Tour, sowohl f\u00fcr als auch mit unseren Praktikant*innen.<\/p>\t\t\t\t\t\t\t\t<\/div>\n\t\t\t\t<\/div>\n\t\t\t\t\t<\/div>\n\t\t<\/div>\n\t\t\t\t\t<\/div>\n\t\t<\/section>\n\t\t\t\t<\/div>\n\t\t","protected":false},"excerpt":{"rendered":"<p>Networking bei der Diakonie de La Tour in Klagenfurt Am Nachmittag des 30.11.2023 fand ein Vernetzungstreffen in den R\u00e4umlichkeiten der Diakonie de [&hellip;]<\/p>\n","protected":false},"author":48,"featured_media":1007,"comment_status":"open","ping_status":"open","sticky":false,"template":"elementor_header_footer","format":"standard","meta":{"inline_featured_image":false,"footnotes":""},"categories":[1],"tags":[],"class_list":["post-1006","post","type-post","status-publish","format-standard","has-post-thumbnail","hentry","category-allgemein"],"yoast_head":"<!-- This site is optimized with the Yoast SEO plugin v27.5 - https:\/\/yoast.com\/product\/yoast-seo-wordpress\/ -->\n<title>Networking bei der Diakonie de La Tour in Klagenfurt - Praxisb\u00fcro<\/title>\n<meta name=\"robots\" content=\"index, follow, max-snippet:-1, max-image-preview:large, max-video-preview:-1\" \/>\n<link rel=\"canonical\" href=\"https:\/\/blog.fh-kaernten.at\/praxisbuero\/networking-bei-der-diakonie-de-la-tour-in-klagenfurt\/\" \/>\n<meta property=\"og:locale\" content=\"de_DE\" \/>\n<meta property=\"og:type\" content=\"article\" \/>\n<meta property=\"og:title\" content=\"Networking bei der Diakonie de La Tour in Klagenfurt - Praxisb\u00fcro\" \/>\n<meta property=\"og:description\" content=\"Networking bei der Diakonie de La Tour in Klagenfurt Am Nachmittag des 30.11.2023 fand ein Vernetzungstreffen in den R\u00e4umlichkeiten der Diakonie de [&hellip;]\" \/>\n<meta property=\"og:url\" content=\"https:\/\/blog.fh-kaernten.at\/praxisbuero\/networking-bei-der-diakonie-de-la-tour-in-klagenfurt\/\" \/>\n<meta property=\"og:site_name\" content=\"Praxisb\u00fcro\" \/>\n<meta property=\"article:published_time\" content=\"2023-12-04T08:59:10+00:00\" \/>\n<meta property=\"article:modified_time\" content=\"2023-12-04T09:01:57+00:00\" \/>\n<meta property=\"og:image\" content=\"https:\/\/blog.fh-kaernten.at\/praxisbuero\/files\/2023\/12\/networking_delatour-scaled.jpg\" \/>\n\t<meta property=\"og:image:width\" content=\"2560\" \/>\n\t<meta property=\"og:image:height\" content=\"1920\" \/>\n\t<meta property=\"og:image:type\" content=\"image\/jpeg\" \/>\n<meta name=\"author\" content=\"klingberg\" \/>\n<meta name=\"twitter:card\" content=\"summary_large_image\" \/>\n<meta name=\"twitter:label1\" content=\"Verfasst von\" \/>\n\t<meta name=\"twitter:data1\" content=\"klingberg\" \/>\n\t<meta name=\"twitter:label2\" content=\"Gesch\u00e4tzte Lesezeit\" \/>\n\t<meta name=\"twitter:data2\" content=\"2\u00a0Minuten\" \/>\n<script type=\"application\/ld+json\" class=\"yoast-schema-graph\">{\"@context\":\"https:\\\/\\\/schema.org\",\"@graph\":[{\"@type\":\"Article\",\"@id\":\"https:\\\/\\\/blog.fh-kaernten.at\\\/praxisbuero\\\/networking-bei-der-diakonie-de-la-tour-in-klagenfurt\\\/#article\",\"isPartOf\":{\"@id\":\"https:\\\/\\\/blog.fh-kaernten.at\\\/praxisbuero\\\/networking-bei-der-diakonie-de-la-tour-in-klagenfurt\\\/\"},\"author\":{\"name\":\"klingberg\",\"@id\":\"https:\\\/\\\/blog.fh-kaernten.at\\\/praxisbuero\\\/#\\\/schema\\\/person\\\/9d9fe62d1d555df7a417b35dc285f4cd\"},\"headline\":\"Networking bei der Diakonie de La Tour in Klagenfurt\",\"datePublished\":\"2023-12-04T08:59:10+00:00\",\"dateModified\":\"2023-12-04T09:01:57+00:00\",\"mainEntityOfPage\":{\"@id\":\"https:\\\/\\\/blog.fh-kaernten.at\\\/praxisbuero\\\/networking-bei-der-diakonie-de-la-tour-in-klagenfurt\\\/\"},\"wordCount\":256,\"commentCount\":0,\"image\":{\"@id\":\"https:\\\/\\\/blog.fh-kaernten.at\\\/praxisbuero\\\/networking-bei-der-diakonie-de-la-tour-in-klagenfurt\\\/#primaryimage\"},\"thumbnailUrl\":\"https:\\\/\\\/blog.fh-kaernten.at\\\/praxisbuero\\\/files\\\/2023\\\/12\\\/networking_delatour-scaled.jpg\",\"inLanguage\":\"de\",\"potentialAction\":[{\"@type\":\"CommentAction\",\"name\":\"Comment\",\"target\":[\"https:\\\/\\\/blog.fh-kaernten.at\\\/praxisbuero\\\/networking-bei-der-diakonie-de-la-tour-in-klagenfurt\\\/#respond\"]}]},{\"@type\":\"WebPage\",\"@id\":\"https:\\\/\\\/blog.fh-kaernten.at\\\/praxisbuero\\\/networking-bei-der-diakonie-de-la-tour-in-klagenfurt\\\/\",\"url\":\"https:\\\/\\\/blog.fh-kaernten.at\\\/praxisbuero\\\/networking-bei-der-diakonie-de-la-tour-in-klagenfurt\\\/\",\"name\":\"Networking bei der Diakonie de La Tour in Klagenfurt - Praxisb\u00fcro\",\"isPartOf\":{\"@id\":\"https:\\\/\\\/blog.fh-kaernten.at\\\/praxisbuero\\\/#website\"},\"primaryImageOfPage\":{\"@id\":\"https:\\\/\\\/blog.fh-kaernten.at\\\/praxisbuero\\\/networking-bei-der-diakonie-de-la-tour-in-klagenfurt\\\/#primaryimage\"},\"image\":{\"@id\":\"https:\\\/\\\/blog.fh-kaernten.at\\\/praxisbuero\\\/networking-bei-der-diakonie-de-la-tour-in-klagenfurt\\\/#primaryimage\"},\"thumbnailUrl\":\"https:\\\/\\\/blog.fh-kaernten.at\\\/praxisbuero\\\/files\\\/2023\\\/12\\\/networking_delatour-scaled.jpg\",\"datePublished\":\"2023-12-04T08:59:10+00:00\",\"dateModified\":\"2023-12-04T09:01:57+00:00\",\"author\":{\"@id\":\"https:\\\/\\\/blog.fh-kaernten.at\\\/praxisbuero\\\/#\\\/schema\\\/person\\\/9d9fe62d1d555df7a417b35dc285f4cd\"},\"breadcrumb\":{\"@id\":\"https:\\\/\\\/blog.fh-kaernten.at\\\/praxisbuero\\\/networking-bei-der-diakonie-de-la-tour-in-klagenfurt\\\/#breadcrumb\"},\"inLanguage\":\"de\",\"potentialAction\":[{\"@type\":\"ReadAction\",\"target\":[\"https:\\\/\\\/blog.fh-kaernten.at\\\/praxisbuero\\\/networking-bei-der-diakonie-de-la-tour-in-klagenfurt\\\/\"]}]},{\"@type\":\"ImageObject\",\"inLanguage\":\"de\",\"@id\":\"https:\\\/\\\/blog.fh-kaernten.at\\\/praxisbuero\\\/networking-bei-der-diakonie-de-la-tour-in-klagenfurt\\\/#primaryimage\",\"url\":\"https:\\\/\\\/blog.fh-kaernten.at\\\/praxisbuero\\\/files\\\/2023\\\/12\\\/networking_delatour-scaled.jpg\",\"contentUrl\":\"https:\\\/\\\/blog.fh-kaernten.at\\\/praxisbuero\\\/files\\\/2023\\\/12\\\/networking_delatour-scaled.jpg\",\"width\":2560,\"height\":1920},{\"@type\":\"BreadcrumbList\",\"@id\":\"https:\\\/\\\/blog.fh-kaernten.at\\\/praxisbuero\\\/networking-bei-der-diakonie-de-la-tour-in-klagenfurt\\\/#breadcrumb\",\"itemListElement\":[{\"@type\":\"ListItem\",\"position\":1,\"name\":\"Startseite\",\"item\":\"https:\\\/\\\/blog.fh-kaernten.at\\\/praxisbuero\\\/\"},{\"@type\":\"ListItem\",\"position\":2,\"name\":\"Networking bei der Diakonie de La Tour in Klagenfurt\"}]},{\"@type\":\"WebSite\",\"@id\":\"https:\\\/\\\/blog.fh-kaernten.at\\\/praxisbuero\\\/#website\",\"url\":\"https:\\\/\\\/blog.fh-kaernten.at\\\/praxisbuero\\\/\",\"name\":\"Praxisb\u00fcro\",\"description\":\"\",\"potentialAction\":[{\"@type\":\"SearchAction\",\"target\":{\"@type\":\"EntryPoint\",\"urlTemplate\":\"https:\\\/\\\/blog.fh-kaernten.at\\\/praxisbuero\\\/?s={search_term_string}\"},\"query-input\":{\"@type\":\"PropertyValueSpecification\",\"valueRequired\":true,\"valueName\":\"search_term_string\"}}],\"inLanguage\":\"de\"},{\"@type\":\"Person\",\"@id\":\"https:\\\/\\\/blog.fh-kaernten.at\\\/praxisbuero\\\/#\\\/schema\\\/person\\\/9d9fe62d1d555df7a417b35dc285f4cd\",\"name\":\"klingberg\"}]}<\/script>\n<!-- \/ Yoast SEO plugin. -->","yoast_head_json":{"title":"Networking bei der Diakonie de La Tour in Klagenfurt - Praxisb\u00fcro","robots":{"index":"index","follow":"follow","max-snippet":"max-snippet:-1","max-image-preview":"max-image-preview:large","max-video-preview":"max-video-preview:-1"},"canonical":"https:\/\/blog.fh-kaernten.at\/praxisbuero\/networking-bei-der-diakonie-de-la-tour-in-klagenfurt\/","og_locale":"de_DE","og_type":"article","og_title":"Networking bei der Diakonie de La Tour in Klagenfurt - Praxisb\u00fcro","og_description":"Networking bei der Diakonie de La Tour in Klagenfurt Am Nachmittag des 30.11.2023 fand ein Vernetzungstreffen in den R\u00e4umlichkeiten der Diakonie de [&hellip;]","og_url":"https:\/\/blog.fh-kaernten.at\/praxisbuero\/networking-bei-der-diakonie-de-la-tour-in-klagenfurt\/","og_site_name":"Praxisb\u00fcro","article_published_time":"2023-12-04T08:59:10+00:00","article_modified_time":"2023-12-04T09:01:57+00:00","og_image":[{"width":2560,"height":1920,"url":"https:\/\/blog.fh-kaernten.at\/praxisbuero\/files\/2023\/12\/networking_delatour-scaled.jpg","type":"image\/jpeg"}],"author":"klingberg","twitter_card":"summary_large_image","twitter_misc":{"Verfasst von":"klingberg","Gesch\u00e4tzte Lesezeit":"2\u00a0Minuten"},"schema":{"@context":"https:\/\/schema.org","@graph":[{"@type":"Article","@id":"https:\/\/blog.fh-kaernten.at\/praxisbuero\/networking-bei-der-diakonie-de-la-tour-in-klagenfurt\/#article","isPartOf":{"@id":"https:\/\/blog.fh-kaernten.at\/praxisbuero\/networking-bei-der-diakonie-de-la-tour-in-klagenfurt\/"},"author":{"name":"klingberg","@id":"https:\/\/blog.fh-kaernten.at\/praxisbuero\/#\/schema\/person\/9d9fe62d1d555df7a417b35dc285f4cd"},"headline":"Networking bei der Diakonie de La Tour in Klagenfurt","datePublished":"2023-12-04T08:59:10+00:00","dateModified":"2023-12-04T09:01:57+00:00","mainEntityOfPage":{"@id":"https:\/\/blog.fh-kaernten.at\/praxisbuero\/networking-bei-der-diakonie-de-la-tour-in-klagenfurt\/"},"wordCount":256,"commentCount":0,"image":{"@id":"https:\/\/blog.fh-kaernten.at\/praxisbuero\/networking-bei-der-diakonie-de-la-tour-in-klagenfurt\/#primaryimage"},"thumbnailUrl":"https:\/\/blog.fh-kaernten.at\/praxisbuero\/files\/2023\/12\/networking_delatour-scaled.jpg","inLanguage":"de","potentialAction":[{"@type":"CommentAction","name":"Comment","target":["https:\/\/blog.fh-kaernten.at\/praxisbuero\/networking-bei-der-diakonie-de-la-tour-in-klagenfurt\/#respond"]}]},{"@type":"WebPage","@id":"https:\/\/blog.fh-kaernten.at\/praxisbuero\/networking-bei-der-diakonie-de-la-tour-in-klagenfurt\/","url":"https:\/\/blog.fh-kaernten.at\/praxisbuero\/networking-bei-der-diakonie-de-la-tour-in-klagenfurt\/","name":"Networking bei der Diakonie de La Tour in Klagenfurt - Praxisb\u00fcro","isPartOf":{"@id":"https:\/\/blog.fh-kaernten.at\/praxisbuero\/#website"},"primaryImageOfPage":{"@id":"https:\/\/blog.fh-kaernten.at\/praxisbuero\/networking-bei-der-diakonie-de-la-tour-in-klagenfurt\/#primaryimage"},"image":{"@id":"https:\/\/blog.fh-kaernten.at\/praxisbuero\/networking-bei-der-diakonie-de-la-tour-in-klagenfurt\/#primaryimage"},"thumbnailUrl":"https:\/\/blog.fh-kaernten.at\/praxisbuero\/files\/2023\/12\/networking_delatour-scaled.jpg","datePublished":"2023-12-04T08:59:10+00:00","dateModified":"2023-12-04T09:01:57+00:00","author":{"@id":"https:\/\/blog.fh-kaernten.at\/praxisbuero\/#\/schema\/person\/9d9fe62d1d555df7a417b35dc285f4cd"},"breadcrumb":{"@id":"https:\/\/blog.fh-kaernten.at\/praxisbuero\/networking-bei-der-diakonie-de-la-tour-in-klagenfurt\/#breadcrumb"},"inLanguage":"de","potentialAction":[{"@type":"ReadAction","target":["https:\/\/blog.fh-kaernten.at\/praxisbuero\/networking-bei-der-diakonie-de-la-tour-in-klagenfurt\/"]}]},{"@type":"ImageObject","inLanguage":"de","@id":"https:\/\/blog.fh-kaernten.at\/praxisbuero\/networking-bei-der-diakonie-de-la-tour-in-klagenfurt\/#primaryimage","url":"https:\/\/blog.fh-kaernten.at\/praxisbuero\/files\/2023\/12\/networking_delatour-scaled.jpg","contentUrl":"https:\/\/blog.fh-kaernten.at\/praxisbuero\/files\/2023\/12\/networking_delatour-scaled.jpg","width":2560,"height":1920},{"@type":"BreadcrumbList","@id":"https:\/\/blog.fh-kaernten.at\/praxisbuero\/networking-bei-der-diakonie-de-la-tour-in-klagenfurt\/#breadcrumb","itemListElement":[{"@type":"ListItem","position":1,"name":"Startseite","item":"https:\/\/blog.fh-kaernten.at\/praxisbuero\/"},{"@type":"ListItem","position":2,"name":"Networking bei der Diakonie de La Tour in Klagenfurt"}]},{"@type":"WebSite","@id":"https:\/\/blog.fh-kaernten.at\/praxisbuero\/#website","url":"https:\/\/blog.fh-kaernten.at\/praxisbuero\/","name":"Praxisb\u00fcro","description":"","potentialAction":[{"@type":"SearchAction","target":{"@type":"EntryPoint","urlTemplate":"https:\/\/blog.fh-kaernten.at\/praxisbuero\/?s={search_term_string}"},"query-input":{"@type":"PropertyValueSpecification","valueRequired":true,"valueName":"search_term_string"}}],"inLanguage":"de"},{"@type":"Person","@id":"https:\/\/blog.fh-kaernten.at\/praxisbuero\/#\/schema\/person\/9d9fe62d1d555df7a417b35dc285f4cd","name":"klingberg"}]}},"_links":{"self":[{"href":"https:\/\/blog.fh-kaernten.at\/praxisbuero\/wp-json\/wp\/v2\/posts\/1006","targetHints":{"allow":["GET"]}}],"collection":[{"href":"https:\/\/blog.fh-kaernten.at\/praxisbuero\/wp-json\/wp\/v2\/posts"}],"about":[{"href":"https:\/\/blog.fh-kaernten.at\/praxisbuero\/wp-json\/wp\/v2\/types\/post"}],"author":[{"embeddable":true,"href":"https:\/\/blog.fh-kaernten.at\/praxisbuero\/wp-json\/wp\/v2\/users\/48"}],"replies":[{"embeddable":true,"href":"https:\/\/blog.fh-kaernten.at\/praxisbuero\/wp-json\/wp\/v2\/comments?post=1006"}],"version-history":[{"count":0,"href":"https:\/\/blog.fh-kaernten.at\/praxisbuero\/wp-json\/wp\/v2\/posts\/1006\/revisions"}],"wp:featuredmedia":[{"embeddable":true,"href":"https:\/\/blog.fh-kaernten.at\/praxisbuero\/wp-json\/wp\/v2\/media\/1007"}],"wp:attachment":[{"href":"https:\/\/blog.fh-kaernten.at\/praxisbuero\/wp-json\/wp\/v2\/media?parent=1006"}],"wp:term":[{"taxonomy":"category","embeddable":true,"href":"https:\/\/blog.fh-kaernten.at\/praxisbuero\/wp-json\/wp\/v2\/categories?post=1006"},{"taxonomy":"post_tag","embeddable":true,"href":"https:\/\/blog.fh-kaernten.at\/praxisbuero\/wp-json\/wp\/v2\/tags?post=1006"}],"curies":[{"name":"wp","href":"https:\/\/api.w.org\/{rel}","templated":true}]}}