{"id":462,"date":"2026-04-07T06:14:01","date_gmt":"2026-04-07T04:14:01","guid":{"rendered":"https:\/\/blog.fh-kaernten.at\/lernstation-guk\/?p=462"},"modified":"2026-04-07T06:14:02","modified_gmt":"2026-04-07T04:14:02","slug":"ein-neuer-abschnitt-beginnt-start-der-nursing-train-unit-2026","status":"publish","type":"post","link":"https:\/\/blog.fh-kaernten.at\/lernstation-guk\/2026\/04\/07\/ein-neuer-abschnitt-beginnt-start-der-nursing-train-unit-2026\/","title":{"rendered":"Ein neuer Abschnitt beginnt: Start der Nursing Train Unit 2026"},"content":{"rendered":"\n<p>Mit einer Mischung aus Vorfreude, Neugier und sp\u00fcrbarer Aufregung starten auch heuer insgesamt 13 Auszubildende in ihre Zeit auf der Nurse Train Unit (NTU). F\u00fcr alle bedeutet dies nicht nur ein neuer spannender Abschnitt der Ausbildung, sondern eine gro\u00dfartige Gelegenheit, Verantwortung zu \u00fcbernehmen und sich pers\u00f6nlich sowie fachlich weiterzuentwickeln.<\/p>\n\n\n\n<p>Bereits im Vorfeld konnten sich die Auszubildenden bei der Kick-Off Veranstaltung mit dem Stationsteam vertraut machen. In einer offenen, aber gesch\u00fctzten Atmosph\u00e4re entstand ein erster Austausch, bei dem Fragen gestellt, Unsicherheiten besprochen und Erwartungen gekl\u00e4rt werden konnten. Gleichzeitig bot sich die M\u00f6glichkeit die Abl\u00e4ufe im Detail zu er\u00f6rtern.&nbsp;Dieser erste Kontakt half dabei die Hemmungen abzubauen, ein Gef\u00fchl von Zugeh\u00f6rigkeit zu schaffen und st\u00e4rkte&nbsp;insgesamt sichtlich&nbsp;die Zuversicht, Transparenz und&nbsp;das&nbsp;Vertrauen&nbsp;untereinander.<\/p>\n\n\n\n<p>Neben dem gegenseitigen Kennenlernen wurden auch wichtige organisatorische Themen angesprochen. Darunter fielen zentrale Informationen und relevante Vorschriften des Elisabethinen-Krankenhauses zur Sprache. Somit wurden die Studierenden gut vorbereitet, um in ihren neuen Aufgabenbereich starten zu k\u00f6nnen.<\/p>\n\n\n\n<p>Zu den organisatorischen Informationen z\u00e4hlten:<\/p>\n\n\n\n<ul class=\"wp-block-list\">\n<li>Das besprechen der anstehenden Reflexionen w\u00e4hrend des Praktikums\u00a0Die Unterteilungen der Wochen (was steht in welcher Woche am Plan)<\/li>\n\n\n\n<li>Zeitr\u00e4ume f\u00fcr die Abgabe der Blogs<\/li>\n\n\n\n<li>Wie geht es nach dem Praktikum weiter?<\/li>\n<\/ul>\n\n\n\n<p>In der ersten Woche (07.04-13.04) beginnt die Vorbereitung f\u00fcr das Praktikum.<br>In Woche 2 bis 5 findet dann die sogenannte \u201eGoing live\u201c Phase statt.<br>Und schlussendlich ist in der sechsten Woche dann die Reflexionswoche.<\/p>\n\n\n\n<p>Die NTU bietet nicht nur Raum f\u00fcr praktisches Lernen, sondern auch f\u00fcr pers\u00f6nlichen Wachstum, Teamarbeit und Sicherheit im beruflichen Handeln. Mit Engagement und Motivation blicken die Auszubildenden nun auf die kommende Zeit, bereit neue Erfahrungen zu sammeln und ihren Platz im Pflegealltag aktiv mitzugestalten.<\/p>\n","protected":false},"excerpt":{"rendered":"<p>Mit einer Mischung aus Vorfreude, Neugier und sp\u00fcrbarer Aufregung starten auch heuer insgesamt 13 Auszubildende in ihre Zeit auf der Nurse Train Unit (NTU).<\/p>\n","protected":false},"author":48,"featured_media":463,"comment_status":"open","ping_status":"open","sticky":false,"template":"post-templates\/post_nosidebar.php","format":"standard","meta":{"inline_featured_image":false,"footnotes":""},"categories":[1],"tags":[],"class_list":["post-462","post","type-post","status-publish","format-standard","has-post-thumbnail","hentry","category-allgemein"],"_links":{"self":[{"href":"https:\/\/blog.fh-kaernten.at\/lernstation-guk\/wp-json\/wp\/v2\/posts\/462","targetHints":{"allow":["GET"]}}],"collection":[{"href":"https:\/\/blog.fh-kaernten.at\/lernstation-guk\/wp-json\/wp\/v2\/posts"}],"about":[{"href":"https:\/\/blog.fh-kaernten.at\/lernstation-guk\/wp-json\/wp\/v2\/types\/post"}],"author":[{"embeddable":true,"href":"https:\/\/blog.fh-kaernten.at\/lernstation-guk\/wp-json\/wp\/v2\/users\/48"}],"replies":[{"embeddable":true,"href":"https:\/\/blog.fh-kaernten.at\/lernstation-guk\/wp-json\/wp\/v2\/comments?post=462"}],"version-history":[{"count":1,"href":"https:\/\/blog.fh-kaernten.at\/lernstation-guk\/wp-json\/wp\/v2\/posts\/462\/revisions"}],"predecessor-version":[{"id":464,"href":"https:\/\/blog.fh-kaernten.at\/lernstation-guk\/wp-json\/wp\/v2\/posts\/462\/revisions\/464"}],"wp:featuredmedia":[{"embeddable":true,"href":"https:\/\/blog.fh-kaernten.at\/lernstation-guk\/wp-json\/wp\/v2\/media\/463"}],"wp:attachment":[{"href":"https:\/\/blog.fh-kaernten.at\/lernstation-guk\/wp-json\/wp\/v2\/media?parent=462"}],"wp:term":[{"taxonomy":"category","embeddable":true,"href":"https:\/\/blog.fh-kaernten.at\/lernstation-guk\/wp-json\/wp\/v2\/categories?post=462"},{"taxonomy":"post_tag","embeddable":true,"href":"https:\/\/blog.fh-kaernten.at\/lernstation-guk\/wp-json\/wp\/v2\/tags?post=462"}],"curies":[{"name":"wp","href":"https:\/\/api.w.org\/{rel}","templated":true}]}}