{"id":420,"date":"2024-05-15T15:47:18","date_gmt":"2024-05-15T13:47:18","guid":{"rendered":"https:\/\/blog.fh-kaernten.at\/lernstation-guk\/?p=420"},"modified":"2024-05-15T15:50:25","modified_gmt":"2024-05-15T13:50:25","slug":"selbstbewusst-zu-delegieren-muss-man-ueben","status":"publish","type":"post","link":"https:\/\/blog.fh-kaernten.at\/lernstation-guk\/2024\/05\/15\/selbstbewusst-zu-delegieren-muss-man-ueben\/","title":{"rendered":"Selbstbewusst zu delegieren, muss man \u00fcben!"},"content":{"rendered":"\n<p>Wir sind angekommen: Im Stationsablauf und im Team. Es f\u00fchlt sich beinahe seltsam an, dass wir schon wieder auf das Ende der NTU extended 2024 zusteuern. Dabei kommt es uns so vor, als w\u00fcrde dieses Abenteuer gerade erst richtig losgehen.<\/p>\n\n\n\n<p>Die dritte und vierte Woche der NTU extended ist jene Zeit, in der die Arbeitsabl\u00e4ufe fl\u00fcssig werden und der Stress nachl\u00e4sst. Das beobachteten wir h\u00e4ufiger auch w\u00e4hrend anderer Praktika, die wir alle in den zwei Jahren davor absolviert haben. Die Hektik nimmt ab, denn jede*r hat in seinen*ihren Rhythmus gefunden und wei\u00df, wo die Materialien zu finden sind (ein Problem das eindeutig untersch\u00e4tzt wird ). Das Team kennt sich nun mit dem Dokumentationssystem am Computer aus.<\/p>\n\n\n\n<p>Diese Wochen unseres Praktikums sind bisher die sch\u00f6nsten, denn mit zunehmendem Selbstbewusstsein kommt noch mehr Freude an der Arbeit auf. Auch mit den Praxisanleiter*innen und Pflegeassistent*innen bilden wir inzwischen ein eingespieltes Team: Unsere Praxisanleiter*innen k\u00f6nnen sich immer h\u00e4ufiger zur\u00fccklehnen und den Anblick der flei\u00dfigen Bienen genie\u00dfen. Es ist eine Riesenunterst\u00fctzung und tut gut zu wissen, dass es jemanden gibt, der hinter uns steht und jederzeit ein offenes Ohr f\u00fcr uns hat.<\/p>\n\n\n\n<p>Die Pflegeassistent*innen wollen wir in diesem Bericht besonders erw\u00e4hnen, denn hier gab es viele neue Lernerfahrungen f\u00fcr unser Team. In wiederholten Gespr\u00e4chen mit Praxisanleiter*innen und Kolleg*innen zeigte sich: In allen bisherigen Praktika war es unsere Aufgabe, \u201ealles f\u00fcr jede*n\u201c zu \u00fcbernehmen&#8230; das ist auf der NTU extended anders. Pl\u00f6tzlich gewinnt die Zusammenarbeit mit den Assistenzberufen eine noch gr\u00f6\u00dfere Bedeutung. Au\u00dferdem galt es, den Altersunterschied zu meistern: Die Mitarbeiter*innen in den Assistenzberufen sind zumeist \u00e4lter als wir, weshalb Aufgaben zu delegieren eine ziemliche Herausforderung f\u00fcr uns dargestellt hat und noch immer darstellt. Den Stationsalltag h\u00e4tten wir niemals alleine ohne Assistenzberufe geschafft. Zu unserem Gl\u00fcck greifen die Kolleg*innen uns von Tag 1 unter die Arme und unterst\u00fctzen uns tatkr\u00e4ftig.<\/p>\n\n\n\n<p>W\u00e4hrend sich jede*r von uns pers\u00f6nlich rasant weiterentwickelt, passiert dies parallel mit unserem Team als gesamtes. Und: Es bleibt immer wieder Zeit f\u00fcr kleine Sp\u00e4\u00dfe und es gibt immer eine Schulter zum Anlehnen in Momenten, in denen man sie braucht. Das komische Gef\u00fchl, eine Aufgabe nicht sofort selbst zu erledigen, sondern sie weiterzugeben, wird immer leiser und daf\u00fcr die gegenseitige Dankbarkeit lauter.<\/p>\n\n\n\n<p>Bis jetzt war die diesj\u00e4hrige NTU ein absoluter Erfolg!<\/p>\n\n\n\n<p>Mari und Nina<\/p>\n\n\n\n<figure class=\"wp-block-embed is-type-video is-provider-youtube wp-block-embed-youtube wp-embed-aspect-16-9 wp-has-aspect-ratio\"><div class=\"wp-block-embed__wrapper\">\n<iframe title=\"Ein voller Erfolg\" width=\"1170\" height=\"658\" src=\"about:blank\" frameborder=\"0\" allow=\"accelerometer; autoplay; clipboard-write; encrypted-media; gyroscope; picture-in-picture; web-share\" referrerpolicy=\"strict-origin-when-cross-origin\" allowfullscreen=\"\" class=\"lazyload\" data-src=\"https:\/\/www.youtube.com\/embed\/HPOD8CRH7G8?feature=oembed\"><\/iframe>\n<\/div><\/figure>\n","protected":false},"excerpt":{"rendered":"<p>Wir sind angekommen: Im Stationsablauf und im Team.<\/p>\n","protected":false},"author":48,"featured_media":421,"comment_status":"open","ping_status":"open","sticky":false,"template":"post-templates\/post_nosidebar.php","format":"standard","meta":{"inline_featured_image":false,"footnotes":""},"categories":[1],"tags":[],"class_list":["post-420","post","type-post","status-publish","format-standard","has-post-thumbnail","hentry","category-allgemein"],"_links":{"self":[{"href":"https:\/\/blog.fh-kaernten.at\/lernstation-guk\/wp-json\/wp\/v2\/posts\/420","targetHints":{"allow":["GET"]}}],"collection":[{"href":"https:\/\/blog.fh-kaernten.at\/lernstation-guk\/wp-json\/wp\/v2\/posts"}],"about":[{"href":"https:\/\/blog.fh-kaernten.at\/lernstation-guk\/wp-json\/wp\/v2\/types\/post"}],"author":[{"embeddable":true,"href":"https:\/\/blog.fh-kaernten.at\/lernstation-guk\/wp-json\/wp\/v2\/users\/48"}],"replies":[{"embeddable":true,"href":"https:\/\/blog.fh-kaernten.at\/lernstation-guk\/wp-json\/wp\/v2\/comments?post=420"}],"version-history":[{"count":0,"href":"https:\/\/blog.fh-kaernten.at\/lernstation-guk\/wp-json\/wp\/v2\/posts\/420\/revisions"}],"wp:featuredmedia":[{"embeddable":true,"href":"https:\/\/blog.fh-kaernten.at\/lernstation-guk\/wp-json\/wp\/v2\/media\/421"}],"wp:attachment":[{"href":"https:\/\/blog.fh-kaernten.at\/lernstation-guk\/wp-json\/wp\/v2\/media?parent=420"}],"wp:term":[{"taxonomy":"category","embeddable":true,"href":"https:\/\/blog.fh-kaernten.at\/lernstation-guk\/wp-json\/wp\/v2\/categories?post=420"},{"taxonomy":"post_tag","embeddable":true,"href":"https:\/\/blog.fh-kaernten.at\/lernstation-guk\/wp-json\/wp\/v2\/tags?post=420"}],"curies":[{"name":"wp","href":"https:\/\/api.w.org\/{rel}","templated":true}]}}