{"id":402,"date":"2024-05-03T12:06:05","date_gmt":"2024-05-03T10:06:05","guid":{"rendered":"https:\/\/blog.fh-kaernten.at\/lernstation-guk\/?p=402"},"modified":"2024-05-03T12:06:54","modified_gmt":"2024-05-03T10:06:54","slug":"ntu-goes-hollywood","status":"publish","type":"post","link":"https:\/\/blog.fh-kaernten.at\/lernstation-guk\/2024\/05\/03\/ntu-goes-hollywood\/","title":{"rendered":"NTU goes Hollywood\u2026"},"content":{"rendered":"\n<p>&#8230;. war das Motto unserer zweiten Woche auf der Lernstation. Wir bekamen noch w\u00e4hrend des Nachtdienstes Besuch von Marco Ventre und seinem Kamerateam. Im Interview f\u00fcr die Sendung &#8222;Guten Morgen \u00d6sterreich&#8220; hat man uns als \u201eYoung Stars der Pflege\u201c pr\u00e4sentiert. Um 6:30 Uhr gab es die erste kurze Live-Schaltung.<\/p>\n\n\n\n<p>Die Zuschauer*innen erhielten in drei fesselnden Live-Sendungen einen Einblick in die tempor\u00e4re Lernstation und unseren Aufgaben, etwa \u00fcber die Planung und Durchf\u00fchrung des Stationsablaufs. Dar\u00fcber gaben die Pflegedirektorin Frau Lueger und einige Student*innen abwechselnd Auskunft. Marco Ventres Blick hinter die Kulissen des Pflegeberufs verwandelte den laufenden Stationsbetrieb einen Vormittag lang in eine besondere Kulisse. Das Fernsehteam auf der Station war beeindruckt von unserer Ambition und sprach uns daf\u00fcr ein gro\u00dfes Lob aus. Au\u00dferdem wurde parallel ein Radiointerview von der \u201eNTU Extended 2024\u201c bei Mike Diwald in der Morgenshow in Radio K\u00e4rnten \u00fcbertragen. F\u00fcr uns war dieser Vormittag ein komplett neues und aufregendes Erlebnis. Erst sp\u00e4ter haben wir erfahren, dass \u00fcber 440.000 Menschen in \u00d6sterreich diese Sendung verfolgt haben. Viele Leute sprachen uns auch auf den Radio-Beitrag an.<\/p>\n\n\n\n<p>Wenige Tage sp\u00e4ter hatten wir dann die Ehre, Frau Bundesministerin MMag. Dr. Susanne Raab auf der Station begr\u00fc\u00dfen zu d\u00fcrfen. Das war eine gro\u00dfe Anerkennung f\u00fcr unser Projekt. Die Ministerin machte sich pers\u00f6nlich ein Bild davon, wie Studierende mit der Verantwortung, eine eigene Station zu managen, zurechtkommen. Die Ministerin zeigte sich sehr erfreut dar\u00fcber, dass auch junge M\u00e4nner in einem Pflegeberuf auf der Station t\u00e4tig sind.<\/p>\n\n\n\n<p>Bleibt gespannt auf unsere weiteren Beitr\u00e4ge\u2026.<br>Anja<\/p>\n\n\n\n<figure class=\"wp-block-gallery has-nested-images columns-default is-cropped wp-block-gallery-1 is-layout-flex wp-block-gallery-is-layout-flex\">\n<figure class=\"wp-block-image size-large\"><img fetchpriority=\"high\" decoding=\"async\" width=\"768\" height=\"1024\" data-id=\"408\" src=\"https:\/\/blog.fh-kaernten.at\/lernstation-guk\/files\/2024\/05\/IMG_0453-768x1024.jpg\" alt=\"\" class=\"wp-image-408\" srcset=\"https:\/\/blog.fh-kaernten.at\/lernstation-guk\/files\/2024\/05\/IMG_0453-768x1024.jpg 768w, https:\/\/blog.fh-kaernten.at\/lernstation-guk\/files\/2024\/05\/IMG_0453-225x300.jpg 225w, https:\/\/blog.fh-kaernten.at\/lernstation-guk\/files\/2024\/05\/IMG_0453-1152x1536.jpg 1152w, https:\/\/blog.fh-kaernten.at\/lernstation-guk\/files\/2024\/05\/IMG_0453-1536x2048.jpg 1536w, https:\/\/blog.fh-kaernten.at\/lernstation-guk\/files\/2024\/05\/IMG_0453-1000x1333.jpg 1000w, https:\/\/blog.fh-kaernten.at\/lernstation-guk\/files\/2024\/05\/IMG_0453-230x307.jpg 230w, https:\/\/blog.fh-kaernten.at\/lernstation-guk\/files\/2024\/05\/IMG_0453-350x467.jpg 350w, https:\/\/blog.fh-kaernten.at\/lernstation-guk\/files\/2024\/05\/IMG_0453-480x640.jpg 480w, https:\/\/blog.fh-kaernten.at\/lernstation-guk\/files\/2024\/05\/IMG_0453.jpg 1875w\" sizes=\"(max-width: 768px) 100vw, 768px\" \/><\/figure>\n\n\n\n<figure class=\"wp-block-image size-large\"><img decoding=\"async\" width=\"768\" height=\"1024\" data-id=\"407\" src=\"https:\/\/blog.fh-kaernten.at\/lernstation-guk\/files\/2024\/05\/IMG_0445-768x1024.jpg\" alt=\"\" class=\"wp-image-407\" srcset=\"https:\/\/blog.fh-kaernten.at\/lernstation-guk\/files\/2024\/05\/IMG_0445-768x1024.jpg 768w, https:\/\/blog.fh-kaernten.at\/lernstation-guk\/files\/2024\/05\/IMG_0445-225x300.jpg 225w, https:\/\/blog.fh-kaernten.at\/lernstation-guk\/files\/2024\/05\/IMG_0445-1152x1536.jpg 1152w, https:\/\/blog.fh-kaernten.at\/lernstation-guk\/files\/2024\/05\/IMG_0445-1536x2048.jpg 1536w, https:\/\/blog.fh-kaernten.at\/lernstation-guk\/files\/2024\/05\/IMG_0445-1000x1333.jpg 1000w, https:\/\/blog.fh-kaernten.at\/lernstation-guk\/files\/2024\/05\/IMG_0445-230x307.jpg 230w, https:\/\/blog.fh-kaernten.at\/lernstation-guk\/files\/2024\/05\/IMG_0445-350x467.jpg 350w, https:\/\/blog.fh-kaernten.at\/lernstation-guk\/files\/2024\/05\/IMG_0445-480x640.jpg 480w, https:\/\/blog.fh-kaernten.at\/lernstation-guk\/files\/2024\/05\/IMG_0445.jpg 1875w\" sizes=\"(max-width: 768px) 100vw, 768px\" \/><\/figure>\n\n\n\n<figure class=\"wp-block-image size-large\"><img decoding=\"async\" width=\"768\" height=\"1024\" data-id=\"406\" src=\"https:\/\/blog.fh-kaernten.at\/lernstation-guk\/files\/2024\/05\/IMG_0431-768x1024.jpg\" alt=\"\" class=\"wp-image-406\" srcset=\"https:\/\/blog.fh-kaernten.at\/lernstation-guk\/files\/2024\/05\/IMG_0431-768x1024.jpg 768w, https:\/\/blog.fh-kaernten.at\/lernstation-guk\/files\/2024\/05\/IMG_0431-225x300.jpg 225w, https:\/\/blog.fh-kaernten.at\/lernstation-guk\/files\/2024\/05\/IMG_0431-1152x1536.jpg 1152w, https:\/\/blog.fh-kaernten.at\/lernstation-guk\/files\/2024\/05\/IMG_0431-1536x2048.jpg 1536w, https:\/\/blog.fh-kaernten.at\/lernstation-guk\/files\/2024\/05\/IMG_0431-1000x1333.jpg 1000w, https:\/\/blog.fh-kaernten.at\/lernstation-guk\/files\/2024\/05\/IMG_0431-230x307.jpg 230w, https:\/\/blog.fh-kaernten.at\/lernstation-guk\/files\/2024\/05\/IMG_0431-350x467.jpg 350w, https:\/\/blog.fh-kaernten.at\/lernstation-guk\/files\/2024\/05\/IMG_0431-480x640.jpg 480w, https:\/\/blog.fh-kaernten.at\/lernstation-guk\/files\/2024\/05\/IMG_0431.jpg 1875w\" sizes=\"(max-width: 768px) 100vw, 768px\" \/><\/figure>\n\n\n\n<figure class=\"wp-block-image size-large\"><img loading=\"lazy\" decoding=\"async\" width=\"768\" height=\"1024\" data-id=\"405\" src=\"https:\/\/blog.fh-kaernten.at\/lernstation-guk\/files\/2024\/05\/IMG_0418-768x1024.jpg\" alt=\"\" class=\"wp-image-405\" srcset=\"https:\/\/blog.fh-kaernten.at\/lernstation-guk\/files\/2024\/05\/IMG_0418-768x1024.jpg 768w, https:\/\/blog.fh-kaernten.at\/lernstation-guk\/files\/2024\/05\/IMG_0418-225x300.jpg 225w, https:\/\/blog.fh-kaernten.at\/lernstation-guk\/files\/2024\/05\/IMG_0418-1152x1536.jpg 1152w, https:\/\/blog.fh-kaernten.at\/lernstation-guk\/files\/2024\/05\/IMG_0418-1536x2048.jpg 1536w, https:\/\/blog.fh-kaernten.at\/lernstation-guk\/files\/2024\/05\/IMG_0418-1000x1333.jpg 1000w, https:\/\/blog.fh-kaernten.at\/lernstation-guk\/files\/2024\/05\/IMG_0418-230x307.jpg 230w, https:\/\/blog.fh-kaernten.at\/lernstation-guk\/files\/2024\/05\/IMG_0418-350x467.jpg 350w, https:\/\/blog.fh-kaernten.at\/lernstation-guk\/files\/2024\/05\/IMG_0418-480x640.jpg 480w, https:\/\/blog.fh-kaernten.at\/lernstation-guk\/files\/2024\/05\/IMG_0418.jpg 1875w\" sizes=\"(max-width: 768px) 100vw, 768px\" \/><\/figure>\n\n\n\n<figure class=\"wp-block-image size-large\"><img loading=\"lazy\" decoding=\"async\" width=\"1024\" height=\"768\" data-id=\"404\" src=\"https:\/\/blog.fh-kaernten.at\/lernstation-guk\/files\/2024\/05\/IMG_0075-1024x768.jpg\" alt=\"\" class=\"wp-image-404\" srcset=\"https:\/\/blog.fh-kaernten.at\/lernstation-guk\/files\/2024\/05\/IMG_0075-1024x768.jpg 1024w, https:\/\/blog.fh-kaernten.at\/lernstation-guk\/files\/2024\/05\/IMG_0075-300x225.jpg 300w, https:\/\/blog.fh-kaernten.at\/lernstation-guk\/files\/2024\/05\/IMG_0075-768x576.jpg 768w, https:\/\/blog.fh-kaernten.at\/lernstation-guk\/files\/2024\/05\/IMG_0075-1536x1152.jpg 1536w, https:\/\/blog.fh-kaernten.at\/lernstation-guk\/files\/2024\/05\/IMG_0075-2048x1536.jpg 2048w, https:\/\/blog.fh-kaernten.at\/lernstation-guk\/files\/2024\/05\/IMG_0075-1000x750.jpg 1000w, https:\/\/blog.fh-kaernten.at\/lernstation-guk\/files\/2024\/05\/IMG_0075-230x173.jpg 230w, https:\/\/blog.fh-kaernten.at\/lernstation-guk\/files\/2024\/05\/IMG_0075-350x263.jpg 350w, https:\/\/blog.fh-kaernten.at\/lernstation-guk\/files\/2024\/05\/IMG_0075-480x360.jpg 480w\" sizes=\"(max-width: 1024px) 100vw, 1024px\" \/><\/figure>\n\n\n\n<figure class=\"wp-block-image size-large\"><img loading=\"lazy\" decoding=\"async\" width=\"768\" height=\"1024\" data-id=\"403\" src=\"https:\/\/blog.fh-kaernten.at\/lernstation-guk\/files\/2024\/05\/IMG_0064-768x1024.jpg\" alt=\"\" class=\"wp-image-403\" srcset=\"https:\/\/blog.fh-kaernten.at\/lernstation-guk\/files\/2024\/05\/IMG_0064-768x1024.jpg 768w, https:\/\/blog.fh-kaernten.at\/lernstation-guk\/files\/2024\/05\/IMG_0064-225x300.jpg 225w, https:\/\/blog.fh-kaernten.at\/lernstation-guk\/files\/2024\/05\/IMG_0064-1152x1536.jpg 1152w, https:\/\/blog.fh-kaernten.at\/lernstation-guk\/files\/2024\/05\/IMG_0064-1536x2048.jpg 1536w, https:\/\/blog.fh-kaernten.at\/lernstation-guk\/files\/2024\/05\/IMG_0064-1000x1333.jpg 1000w, https:\/\/blog.fh-kaernten.at\/lernstation-guk\/files\/2024\/05\/IMG_0064-230x307.jpg 230w, https:\/\/blog.fh-kaernten.at\/lernstation-guk\/files\/2024\/05\/IMG_0064-350x467.jpg 350w, https:\/\/blog.fh-kaernten.at\/lernstation-guk\/files\/2024\/05\/IMG_0064-480x640.jpg 480w, https:\/\/blog.fh-kaernten.at\/lernstation-guk\/files\/2024\/05\/IMG_0064.jpg 1875w\" sizes=\"(max-width: 768px) 100vw, 768px\" \/><\/figure>\n<\/figure>\n","protected":false},"excerpt":{"rendered":"<p>&#8230;. war das Motto unserer zweiten Woche auf der Lernstation. <\/p>\n","protected":false},"author":48,"featured_media":409,"comment_status":"open","ping_status":"open","sticky":false,"template":"post-templates\/post_nosidebar.php","format":"standard","meta":{"inline_featured_image":false,"footnotes":""},"categories":[1],"tags":[],"class_list":["post-402","post","type-post","status-publish","format-standard","has-post-thumbnail","hentry","category-allgemein"],"_links":{"self":[{"href":"https:\/\/blog.fh-kaernten.at\/lernstation-guk\/wp-json\/wp\/v2\/posts\/402","targetHints":{"allow":["GET"]}}],"collection":[{"href":"https:\/\/blog.fh-kaernten.at\/lernstation-guk\/wp-json\/wp\/v2\/posts"}],"about":[{"href":"https:\/\/blog.fh-kaernten.at\/lernstation-guk\/wp-json\/wp\/v2\/types\/post"}],"author":[{"embeddable":true,"href":"https:\/\/blog.fh-kaernten.at\/lernstation-guk\/wp-json\/wp\/v2\/users\/48"}],"replies":[{"embeddable":true,"href":"https:\/\/blog.fh-kaernten.at\/lernstation-guk\/wp-json\/wp\/v2\/comments?post=402"}],"version-history":[{"count":0,"href":"https:\/\/blog.fh-kaernten.at\/lernstation-guk\/wp-json\/wp\/v2\/posts\/402\/revisions"}],"wp:featuredmedia":[{"embeddable":true,"href":"https:\/\/blog.fh-kaernten.at\/lernstation-guk\/wp-json\/wp\/v2\/media\/409"}],"wp:attachment":[{"href":"https:\/\/blog.fh-kaernten.at\/lernstation-guk\/wp-json\/wp\/v2\/media?parent=402"}],"wp:term":[{"taxonomy":"category","embeddable":true,"href":"https:\/\/blog.fh-kaernten.at\/lernstation-guk\/wp-json\/wp\/v2\/categories?post=402"},{"taxonomy":"post_tag","embeddable":true,"href":"https:\/\/blog.fh-kaernten.at\/lernstation-guk\/wp-json\/wp\/v2\/tags?post=402"}],"curies":[{"name":"wp","href":"https:\/\/api.w.org\/{rel}","templated":true}]}}