{"id":386,"date":"2024-04-26T16:19:27","date_gmt":"2024-04-26T14:19:27","guid":{"rendered":"https:\/\/blog.fh-kaernten.at\/lernstation-guk\/?p=386"},"modified":"2024-04-29T07:49:30","modified_gmt":"2024-04-29T05:49:30","slug":"die-erste-woche-going-live-einblicke-in-einen-tagesablauf-der-ntu","status":"publish","type":"post","link":"https:\/\/blog.fh-kaernten.at\/lernstation-guk\/2024\/04\/26\/die-erste-woche-going-live-einblicke-in-einen-tagesablauf-der-ntu\/","title":{"rendered":"Die erste Woche going live: Einblicke in einen Tagesablauf der NTU"},"content":{"rendered":"\n<p><strong><em>Vor dem Beginn der ersten Woche \u201egoing live\u201c hatten wir Sorgen, ob wir alle Aufgaben rechtzeitig schaffen werden und die vielen To-do`s, die es im Tagesablauf zu bew\u00e4ltigen gilt, gemeinsam stemmen k\u00f6nnen. In diesem Blogbeitrag m\u00f6chten wir einen Einblick in einen typischen Tagesablauf als bereichsverantwortliche Pflegeperson geben und zeigen welche T\u00e4tigkeiten auf uns zukamen.<\/em><\/strong><\/p>\n\n\n\n<p>Jeden Morgen um 6:30 Uhr berichten uns zwei Studierenden des Nachtdienstes bei der Dienst\u00fcbergabe ausf\u00fchrlich \u00fcber die Patient*innen. Alle wichtigen Informationen und Auff\u00e4lligkeiten werden uns weitergegeben, damit wir gut f\u00fcr den Tagdienst vorbereitet sind. Danach wird von unserer Stationsleitung die Bereichseinteilung durchgef\u00fchrt. Jeder von uns ist im Tagdienst f\u00fcr sechs bis sieben Patient*innen w\u00e4hrend der Dienstzeit zust\u00e4ndig.<\/p>\n\n\n\n<p>Am Morgen werden die Medikamente verteilt und die Vitalzeichen sowie das Wohlbefinden der Patient*innen erhoben. Gemeinsam mit den Pflegeassistent*innen f\u00fchren wir die K\u00f6rperpflege an den Patient*innen durch. Am Vormittag erfolgen die Visiten mit den zust\u00e4ndigen \u00c4rzt*innen sowie die geplanten Ab- und Zug\u00e4nge. Au\u00dferdem arbeiten wir mit der Kollegin der Physiotherapie zusammen und tauschen unsere Informationen zu den einzelnen Patient*innen aus. Nach einer kurzen Verschnaufpause geht es p\u00fcnktlich vor dem Mittagessen mit dem Austeilen der Mittagsmedikation und der Unterst\u00fctzung der Patient*innen bei der Nahrungsaufnahme weiter.<\/p>\n\n\n\n<p>Am Nachmittag wechseln wir Verb\u00e4nde, erledigen geplante Pflegeinterventionen, schreiben Pflegeberichte und f\u00fchren Beratungsgespr\u00e4che mit Patient*innen und deren Bezugspersonen durch. Wir dokumentieren w\u00e4hrend des gesamten Tagesverlaufs wichtige Informationen, durchgef\u00fchrte Interventionen, Auff\u00e4lligkeiten und planen den gesamten Pflegeprozess. Zu den weiteren Aufgaben des Nachmittags z\u00e4hlt die Kontrolle der Gebarung der Suchtmittel gemeinsam mit den Praxisanleiter*innen, sowie die Verabreichung von niedermolekularem Heparin.<\/p>\n\n\n\n<p>Um 16:00 Uhr, bevor das Abendessen kommt, verteilen wir die Abendmedikation und im Anschluss das Essen. Danach machen wir gemeinsam mit den Pflegeassistent*innen die Abendrunde. Dabei unterst\u00fctzen wir Patient*innen, zum Beispiel bei der K\u00f6rperpflege, der Ausscheidung, der Mobilisation oder f\u00fchren Kontrollen der Vitalzeichen durch. Am Ende des Tages geben wir unsere Informationen aus dem Tagdienst an den Nachtdienst weiter.<\/p>\n\n\n\n<p><strong><em>Die ersten Tage waren f\u00fcr uns eine Herausforderung, weil wir lernen mussten, den Tagesablauf selbstverantwortlich zu bew\u00e4ltigen und uns zu strukturieren. Aber wir haben uns als Team schnell eingespielt und konnten den Stationsalltag erfolgreich \u201erocken\u201c <\/em><\/strong><strong><em>\ud83d\ude0a<\/em><\/strong><strong><em><\/em><\/strong><\/p>\n\n\n\n<p>Seid gespannt auf den n\u00e4chsten Beitrag, dann k\u00f6nnen wir \u00fcber ein ganz besonderes Erlebnis berichten\u2026.<\/p>\n\n\n\n<p>Nicol, Anja, Anna und Silma<\/p>\n\n\n\n<figure class=\"wp-block-gallery has-nested-images columns-default is-cropped wp-block-gallery-1 is-layout-flex wp-block-gallery-is-layout-flex\">\n<figure class=\"wp-block-image size-large\"><img fetchpriority=\"high\" decoding=\"async\" width=\"768\" height=\"1024\" data-id=\"388\" src=\"https:\/\/blog.fh-kaernten.at\/lernstation-guk\/files\/2024\/04\/IMG_0402-768x1024.jpg\" alt=\"\" class=\"wp-image-388\" srcset=\"https:\/\/blog.fh-kaernten.at\/lernstation-guk\/files\/2024\/04\/IMG_0402-768x1024.jpg 768w, https:\/\/blog.fh-kaernten.at\/lernstation-guk\/files\/2024\/04\/IMG_0402-225x300.jpg 225w, https:\/\/blog.fh-kaernten.at\/lernstation-guk\/files\/2024\/04\/IMG_0402-1152x1536.jpg 1152w, https:\/\/blog.fh-kaernten.at\/lernstation-guk\/files\/2024\/04\/IMG_0402-1536x2048.jpg 1536w, https:\/\/blog.fh-kaernten.at\/lernstation-guk\/files\/2024\/04\/IMG_0402-1000x1333.jpg 1000w, https:\/\/blog.fh-kaernten.at\/lernstation-guk\/files\/2024\/04\/IMG_0402-230x307.jpg 230w, https:\/\/blog.fh-kaernten.at\/lernstation-guk\/files\/2024\/04\/IMG_0402-350x467.jpg 350w, https:\/\/blog.fh-kaernten.at\/lernstation-guk\/files\/2024\/04\/IMG_0402-480x640.jpg 480w, https:\/\/blog.fh-kaernten.at\/lernstation-guk\/files\/2024\/04\/IMG_0402.jpg 1875w\" sizes=\"(max-width: 768px) 100vw, 768px\" \/><\/figure>\n\n\n\n<figure class=\"wp-block-image size-large\"><img decoding=\"async\" width=\"768\" height=\"1024\" data-id=\"391\" src=\"https:\/\/blog.fh-kaernten.at\/lernstation-guk\/files\/2024\/04\/IMG_0407-768x1024.jpg\" alt=\"\" class=\"wp-image-391\" srcset=\"https:\/\/blog.fh-kaernten.at\/lernstation-guk\/files\/2024\/04\/IMG_0407-768x1024.jpg 768w, https:\/\/blog.fh-kaernten.at\/lernstation-guk\/files\/2024\/04\/IMG_0407-225x300.jpg 225w, https:\/\/blog.fh-kaernten.at\/lernstation-guk\/files\/2024\/04\/IMG_0407-1152x1536.jpg 1152w, https:\/\/blog.fh-kaernten.at\/lernstation-guk\/files\/2024\/04\/IMG_0407-1536x2048.jpg 1536w, https:\/\/blog.fh-kaernten.at\/lernstation-guk\/files\/2024\/04\/IMG_0407-1000x1333.jpg 1000w, https:\/\/blog.fh-kaernten.at\/lernstation-guk\/files\/2024\/04\/IMG_0407-230x307.jpg 230w, https:\/\/blog.fh-kaernten.at\/lernstation-guk\/files\/2024\/04\/IMG_0407-350x467.jpg 350w, https:\/\/blog.fh-kaernten.at\/lernstation-guk\/files\/2024\/04\/IMG_0407-480x640.jpg 480w, https:\/\/blog.fh-kaernten.at\/lernstation-guk\/files\/2024\/04\/IMG_0407.jpg 1875w\" sizes=\"(max-width: 768px) 100vw, 768px\" \/><\/figure>\n\n\n\n<figure class=\"wp-block-image size-large\"><img decoding=\"async\" width=\"768\" height=\"1024\" data-id=\"390\" src=\"https:\/\/blog.fh-kaernten.at\/lernstation-guk\/files\/2024\/04\/IMG_0412-768x1024.jpg\" alt=\"\" class=\"wp-image-390\" srcset=\"https:\/\/blog.fh-kaernten.at\/lernstation-guk\/files\/2024\/04\/IMG_0412-768x1024.jpg 768w, https:\/\/blog.fh-kaernten.at\/lernstation-guk\/files\/2024\/04\/IMG_0412-225x300.jpg 225w, https:\/\/blog.fh-kaernten.at\/lernstation-guk\/files\/2024\/04\/IMG_0412-1152x1536.jpg 1152w, https:\/\/blog.fh-kaernten.at\/lernstation-guk\/files\/2024\/04\/IMG_0412-1536x2048.jpg 1536w, https:\/\/blog.fh-kaernten.at\/lernstation-guk\/files\/2024\/04\/IMG_0412-1000x1333.jpg 1000w, https:\/\/blog.fh-kaernten.at\/lernstation-guk\/files\/2024\/04\/IMG_0412-230x307.jpg 230w, https:\/\/blog.fh-kaernten.at\/lernstation-guk\/files\/2024\/04\/IMG_0412-350x467.jpg 350w, https:\/\/blog.fh-kaernten.at\/lernstation-guk\/files\/2024\/04\/IMG_0412-480x640.jpg 480w, https:\/\/blog.fh-kaernten.at\/lernstation-guk\/files\/2024\/04\/IMG_0412.jpg 1875w\" sizes=\"(max-width: 768px) 100vw, 768px\" \/><\/figure>\n<\/figure>\n","protected":false},"excerpt":{"rendered":"<p>Vor dem Beginn der ersten Woche \u201egoing live\u201c hatten wir Sorgen, ob wir alle Aufgaben rechtzeitig schaffen werden&#8230;<\/p>\n","protected":false},"author":48,"featured_media":397,"comment_status":"open","ping_status":"open","sticky":false,"template":"","format":"standard","meta":{"inline_featured_image":false,"footnotes":""},"categories":[1],"tags":[],"class_list":["post-386","post","type-post","status-publish","format-standard","has-post-thumbnail","hentry","category-allgemein"],"_links":{"self":[{"href":"https:\/\/blog.fh-kaernten.at\/lernstation-guk\/wp-json\/wp\/v2\/posts\/386","targetHints":{"allow":["GET"]}}],"collection":[{"href":"https:\/\/blog.fh-kaernten.at\/lernstation-guk\/wp-json\/wp\/v2\/posts"}],"about":[{"href":"https:\/\/blog.fh-kaernten.at\/lernstation-guk\/wp-json\/wp\/v2\/types\/post"}],"author":[{"embeddable":true,"href":"https:\/\/blog.fh-kaernten.at\/lernstation-guk\/wp-json\/wp\/v2\/users\/48"}],"replies":[{"embeddable":true,"href":"https:\/\/blog.fh-kaernten.at\/lernstation-guk\/wp-json\/wp\/v2\/comments?post=386"}],"version-history":[{"count":0,"href":"https:\/\/blog.fh-kaernten.at\/lernstation-guk\/wp-json\/wp\/v2\/posts\/386\/revisions"}],"wp:featuredmedia":[{"embeddable":true,"href":"https:\/\/blog.fh-kaernten.at\/lernstation-guk\/wp-json\/wp\/v2\/media\/397"}],"wp:attachment":[{"href":"https:\/\/blog.fh-kaernten.at\/lernstation-guk\/wp-json\/wp\/v2\/media?parent=386"}],"wp:term":[{"taxonomy":"category","embeddable":true,"href":"https:\/\/blog.fh-kaernten.at\/lernstation-guk\/wp-json\/wp\/v2\/categories?post=386"},{"taxonomy":"post_tag","embeddable":true,"href":"https:\/\/blog.fh-kaernten.at\/lernstation-guk\/wp-json\/wp\/v2\/tags?post=386"}],"curies":[{"name":"wp","href":"https:\/\/api.w.org\/{rel}","templated":true}]}}