{"id":328,"date":"2023-04-24T07:15:22","date_gmt":"2023-04-24T05:15:22","guid":{"rendered":"https:\/\/blog.fh-kaernten.at\/lernstation-guk\/?p=328"},"modified":"2023-04-24T07:28:25","modified_gmt":"2023-04-24T05:28:25","slug":"going-live","status":"publish","type":"post","link":"https:\/\/blog.fh-kaernten.at\/lernstation-guk\/2023\/04\/24\/going-live\/","title":{"rendered":"Going-Live"},"content":{"rendered":"\n<p>Halbzeit auf der 3A und der diesj\u00e4hrigen NTU im Extended Format \ud83d\ude0a<\/p>\n\n\n\n<p>Wir z\u00e4hlen bereits die 3. \u201eGoing-Live\u201c Woche und wollen euch mal einen kleinen Einblick geben, was bisher alles so passiert ist und wie es auf Station 3A l\u00e4uft.<\/p>\n\n\n\n<p>Wie ihr aus unserem letzten Beitrag schon wisst, besteht unser Team dieses Jahr nicht nur aus einem gro\u00dfen Haufen motivierter Student*innen aus dem Studiengang \u201eGesundheits- und Krankenpflege\u201c, sondern auch einer Studentin aus dem Bereich \u201ePhysiotherapie\u201c.<\/p>\n\n\n\n<p>Es hei\u00dft nun noch mehr als zuvor, die Interdisziplinarit\u00e4t in den Vordergrund zu stellen. Und wir erlauben uns hiermit ganz offiziell zu verk\u00fcndigen: Wir alle machen das richtig gut und haben echt Spa\u00df dabei \ud83d\ude0a<\/p>\n\n\n\n<p>Was sicher einen gro\u00dfen Beitrag zum gelungenen Start hatte, war die Einf\u00fchrungswoche. Nach einem mega tollen Empfang mit \u201eCome-Together\u201c gings direkt los mit Hygiene-Schulung, pflegerelevanten Workshops, Vortr\u00e4gen, Einarbeitung in das Dokumentationssystem und der Vorstellung und dem Kennenlernen auf der Station 3A.<\/p>\n\n\n\n<p>Bei den Workshops konnten wir einen groben Einblick in die Praxis erlangen, wie zum Beispiel den Umgang mit dem Dokumentationsprogramm und den Praxis-Theorie-Transfer, wo wir praktische Fertigkeiten an unserer \u00dcbungspuppe durchf\u00fchrten.<\/p>\n\n\n\n<p>Da nat\u00fcrlich auch die Physiotherapie eingeschult werden muss, gings f\u00fcr Carmen schon Ende der Einf\u00fchrungswoche ab auf die Station, um nicht nur die Patient*innen, sondern auch die Hausgepflogenheiten, die Therapieger\u00e4te und das gesamte Team kennenzulernen.<\/p>\n\n\n\n<p>Die erste Woche startete dann mit weniger \u201eStartschwierigkeiten\u201c als gedacht \ud83d\ude0a<\/p>\n\n\n\n<p>Wir wurden nicht nur von den Patient*innen herzlich aufgenommen, sondern auch von den Mitarbeiter*innen im EKH. Gab es doch ein paar Stolpersteine, haben uns nicht nur die zust\u00e4ndigen Praxisanleiter*innen auf der Station geholfen, sondern das gesamte Student*innen Team hat sich gegenseitig unterst\u00fctzt und tut es auch jetzt noch.<\/p>\n\n\n\n<p>Wir lebten uns schnell in den Stationsalltag ein und dadurch f\u00fchlten wir uns auch sicherer. Neben dem Medikamentenmanagement f\u00fchren wir Aufnahmen und Entlassungen der Patient*innen durch, unterst\u00fctzen bei der K\u00f6rperpflege und begleiten die t\u00e4glichen \u00e4rztlichen Visiten. Ein wichtiger Punkt im Stationsalltag ist die enge Zusammenarbeit im interdisziplin\u00e4ren Team, wie \u00c4rzt*innen, Physiotherapie und Pflegeassistent*innen, aber auch die Beratung und Schulung von Patient*innen, um ihnen bei allf\u00e4lligen Fragen und Sorgen weiterzuhelfen.<\/p>\n\n\n\n<p>Carmen betreut als Physiotherapie-Studentin 3 bis 4 eigene Zimmer und arbeitet mit ihren flei\u00dfigen Patient*innen an der Mobilit\u00e4t, Kraft und Ausdauer. Neben der Ausf\u00fchrung der Therapie macht sie die Planung der Einheiten selbst, nimmt an Besprechungen teil, macht die Dokumentation und \u00fcbernimmt nat\u00fcrlich auch die Befundung der ihr zugewiesenen Patient*innen.<\/p>\n\n\n\n<p>Nicht nur Frau Willhelmer, Frau Radl, Frau Tschinkel und alle Praxissanleiter*innen unterst\u00fctzen uns tatkr\u00e4ftig, auch das gesamte \u00c4rzt*innenteam ist mit Herzblut beim NTU Projekt dabei.<\/p>\n\n\n\n<p>Wir k\u00f6nnten uns keine bessere Station f\u00fcr die NTU vorstellen, als die 3A und sehen mit einen lachenden und einem weinenden Auge den letzten paar Tagen im EKH entgegen.<\/p>\n\n\n\n<p>Abschlie\u00dfend geht von unserer Seite aus (Britta, Bianca und Carmen) ein gro\u00dfes Lob ans gesamte Student*innen Team \u2013 ganz besonders an unsere Stationsleitungen. Macht alle weiter so!<\/p>\n\n\n\n<p>Bis bald aus der NTU<\/p>\n\n\n\n<p>Eure Britta, Bianca und Carmen \ud83d\ude0a<\/p>\n\n\n\n<figure class=\"wp-block-gallery has-nested-images columns-default is-cropped wp-block-gallery-1 is-layout-flex wp-block-gallery-is-layout-flex\">\n<figure class=\"wp-block-image size-large\"><img fetchpriority=\"high\" decoding=\"async\" width=\"768\" height=\"1024\" data-id=\"330\" src=\"https:\/\/blog.fh-kaernten.at\/lernstation-guk\/files\/2023\/04\/Image-1-768x1024.jpeg\" alt=\"\" class=\"wp-image-330\" srcset=\"https:\/\/blog.fh-kaernten.at\/lernstation-guk\/files\/2023\/04\/Image-1-768x1024.jpeg 768w, https:\/\/blog.fh-kaernten.at\/lernstation-guk\/files\/2023\/04\/Image-1-225x300.jpeg 225w, https:\/\/blog.fh-kaernten.at\/lernstation-guk\/files\/2023\/04\/Image-1-1152x1536.jpeg 1152w, https:\/\/blog.fh-kaernten.at\/lernstation-guk\/files\/2023\/04\/Image-1-1000x1333.jpeg 1000w, https:\/\/blog.fh-kaernten.at\/lernstation-guk\/files\/2023\/04\/Image-1-230x307.jpeg 230w, https:\/\/blog.fh-kaernten.at\/lernstation-guk\/files\/2023\/04\/Image-1-350x467.jpeg 350w, https:\/\/blog.fh-kaernten.at\/lernstation-guk\/files\/2023\/04\/Image-1-480x640.jpeg 480w, https:\/\/blog.fh-kaernten.at\/lernstation-guk\/files\/2023\/04\/Image-1.jpeg 1200w\" sizes=\"(max-width: 768px) 100vw, 768px\" \/><\/figure>\n\n\n\n<figure class=\"wp-block-image size-large\"><img decoding=\"async\" width=\"768\" height=\"1024\" data-id=\"332\" src=\"https:\/\/blog.fh-kaernten.at\/lernstation-guk\/files\/2023\/04\/Image-4-768x1024.jpeg\" alt=\"\" class=\"wp-image-332\" srcset=\"https:\/\/blog.fh-kaernten.at\/lernstation-guk\/files\/2023\/04\/Image-4-768x1024.jpeg 768w, https:\/\/blog.fh-kaernten.at\/lernstation-guk\/files\/2023\/04\/Image-4-225x300.jpeg 225w, https:\/\/blog.fh-kaernten.at\/lernstation-guk\/files\/2023\/04\/Image-4-1152x1536.jpeg 1152w, https:\/\/blog.fh-kaernten.at\/lernstation-guk\/files\/2023\/04\/Image-4-1000x1333.jpeg 1000w, https:\/\/blog.fh-kaernten.at\/lernstation-guk\/files\/2023\/04\/Image-4-230x307.jpeg 230w, https:\/\/blog.fh-kaernten.at\/lernstation-guk\/files\/2023\/04\/Image-4-350x467.jpeg 350w, https:\/\/blog.fh-kaernten.at\/lernstation-guk\/files\/2023\/04\/Image-4-480x640.jpeg 480w, https:\/\/blog.fh-kaernten.at\/lernstation-guk\/files\/2023\/04\/Image-4.jpeg 1512w\" sizes=\"(max-width: 768px) 100vw, 768px\" \/><\/figure>\n\n\n\n<figure class=\"wp-block-image size-large\"><img decoding=\"async\" width=\"768\" height=\"1024\" data-id=\"331\" src=\"https:\/\/blog.fh-kaernten.at\/lernstation-guk\/files\/2023\/04\/Image-2.jpeg\" alt=\"\" class=\"wp-image-331\" srcset=\"https:\/\/blog.fh-kaernten.at\/lernstation-guk\/files\/2023\/04\/Image-2.jpeg 768w, https:\/\/blog.fh-kaernten.at\/lernstation-guk\/files\/2023\/04\/Image-2-225x300.jpeg 225w, https:\/\/blog.fh-kaernten.at\/lernstation-guk\/files\/2023\/04\/Image-2-230x307.jpeg 230w, https:\/\/blog.fh-kaernten.at\/lernstation-guk\/files\/2023\/04\/Image-2-350x467.jpeg 350w, https:\/\/blog.fh-kaernten.at\/lernstation-guk\/files\/2023\/04\/Image-2-480x640.jpeg 480w\" sizes=\"(max-width: 768px) 100vw, 768px\" \/><\/figure>\n\n\n\n<figure class=\"wp-block-image size-large\"><img loading=\"lazy\" decoding=\"async\" width=\"1024\" height=\"851\" data-id=\"334\" src=\"https:\/\/blog.fh-kaernten.at\/lernstation-guk\/files\/2023\/04\/Image-3-1-1024x851.jpeg\" alt=\"\" class=\"wp-image-334\" srcset=\"https:\/\/blog.fh-kaernten.at\/lernstation-guk\/files\/2023\/04\/Image-3-1-1024x851.jpeg 1024w, https:\/\/blog.fh-kaernten.at\/lernstation-guk\/files\/2023\/04\/Image-3-1-300x249.jpeg 300w, https:\/\/blog.fh-kaernten.at\/lernstation-guk\/files\/2023\/04\/Image-3-1-768x638.jpeg 768w, https:\/\/blog.fh-kaernten.at\/lernstation-guk\/files\/2023\/04\/Image-3-1-1536x1277.jpeg 1536w, https:\/\/blog.fh-kaernten.at\/lernstation-guk\/files\/2023\/04\/Image-3-1-1000x831.jpeg 1000w, https:\/\/blog.fh-kaernten.at\/lernstation-guk\/files\/2023\/04\/Image-3-1-230x191.jpeg 230w, https:\/\/blog.fh-kaernten.at\/lernstation-guk\/files\/2023\/04\/Image-3-1-350x291.jpeg 350w, https:\/\/blog.fh-kaernten.at\/lernstation-guk\/files\/2023\/04\/Image-3-1-480x399.jpeg 480w, https:\/\/blog.fh-kaernten.at\/lernstation-guk\/files\/2023\/04\/Image-3-1.jpeg 2048w\" sizes=\"(max-width: 1024px) 100vw, 1024px\" \/><\/figure>\n<\/figure>\n","protected":false},"excerpt":{"rendered":"<p>Halbzeit auf der 3A und der diesj\u00e4hrigen NTU im Extended Format! <\/p>\n","protected":false},"author":237,"featured_media":338,"comment_status":"open","ping_status":"open","sticky":false,"template":"","format":"standard","meta":{"inline_featured_image":false,"footnotes":""},"categories":[3],"tags":[],"class_list":["post-328","post","type-post","status-publish","format-standard","has-post-thumbnail","hentry","category-talkabout"],"_links":{"self":[{"href":"https:\/\/blog.fh-kaernten.at\/lernstation-guk\/wp-json\/wp\/v2\/posts\/328","targetHints":{"allow":["GET"]}}],"collection":[{"href":"https:\/\/blog.fh-kaernten.at\/lernstation-guk\/wp-json\/wp\/v2\/posts"}],"about":[{"href":"https:\/\/blog.fh-kaernten.at\/lernstation-guk\/wp-json\/wp\/v2\/types\/post"}],"author":[{"embeddable":true,"href":"https:\/\/blog.fh-kaernten.at\/lernstation-guk\/wp-json\/wp\/v2\/users\/237"}],"replies":[{"embeddable":true,"href":"https:\/\/blog.fh-kaernten.at\/lernstation-guk\/wp-json\/wp\/v2\/comments?post=328"}],"version-history":[{"count":0,"href":"https:\/\/blog.fh-kaernten.at\/lernstation-guk\/wp-json\/wp\/v2\/posts\/328\/revisions"}],"wp:featuredmedia":[{"embeddable":true,"href":"https:\/\/blog.fh-kaernten.at\/lernstation-guk\/wp-json\/wp\/v2\/media\/338"}],"wp:attachment":[{"href":"https:\/\/blog.fh-kaernten.at\/lernstation-guk\/wp-json\/wp\/v2\/media?parent=328"}],"wp:term":[{"taxonomy":"category","embeddable":true,"href":"https:\/\/blog.fh-kaernten.at\/lernstation-guk\/wp-json\/wp\/v2\/categories?post=328"},{"taxonomy":"post_tag","embeddable":true,"href":"https:\/\/blog.fh-kaernten.at\/lernstation-guk\/wp-json\/wp\/v2\/tags?post=328"}],"curies":[{"name":"wp","href":"https:\/\/api.w.org\/{rel}","templated":true}]}}