{"id":255,"date":"2022-05-01T06:27:07","date_gmt":"2022-05-01T04:27:07","guid":{"rendered":"https:\/\/blog.fh-kaernten.at\/lernstation-guk\/?p=255"},"modified":"2022-05-01T06:27:07","modified_gmt":"2022-05-01T04:27:07","slug":"unbeschreiblich-tolle-erfahrung","status":"publish","type":"post","link":"https:\/\/blog.fh-kaernten.at\/lernstation-guk\/2022\/05\/01\/unbeschreiblich-tolle-erfahrung\/","title":{"rendered":"Unbeschreiblich tolle Erfahrung"},"content":{"rendered":"\n<p>Hallo Leute,<\/p>\n\n\n\n<p>es gibt traurige Neuigkeiten zu verk\u00fcnden: die Nursing Training Unit 2022 ist schon wieder vorbei. Die 5 Wochen sind f\u00fcr uns Studentinnen wie im Flug vergangen, also hier ein kurzes Update f\u00fcr euch, was in dieser Zeit alles so passiert ist:<\/p>\n\n\n\n<p>In der ersten Woche haben wir eine ausf\u00fchrliche Einf\u00fchrung in das Dokumentationssystem bekommen. Weiters haben wir eine Hygieneschulung mit allen wichtigen hausinternen Standards und Informationen erhalten. W\u00e4hrend der Skills-Trainings haben wir uns in der Blutabnahme, dem transurethralen Katheter legen sowie der Pflege des Tracheostomas ge\u00fcbt. Keine Angst, daf\u00fcr ist uns nat\u00fcrlich unsere Nursing-Anne zur Verf\u00fcgung gestanden und keine*r der Patient*innen hat sich hierf\u00fcr opfern m\u00fcssen! \ud83d\ude09<\/p>\n\n\n\n<p>Mit voller Motivation und Tatendrang sind wir dann in Woche zwei als neues NTU Team auf der Station 3A voll durchgestartet. Unsere Aufgaben in Woche zwei bis vier erstreckten sich von Medikamentenmanagement, Pflegevisite, \u00fcber K\u00f6rperpflege, Verbandswechsel und Pflegeplanung bis hin zur korrekten Patienten*innen\u00fcbergabe an die verschiedenen Dienste. Nicht zu vergessen die organisatorischen Dinge, die der Pflegealltag noch so mit sich bringt, wie beispielsweise Angeh\u00f6rigengespr\u00e4che, die Beschaffung von verschiedensten Materialien und das Entlassungsmanagement. Jeder von uns musste in dieser Zeit lernen im Stationsalltag Aufgaben auch an Pflegeassistent*innen und an Kolleg*innen zu delegieren, Denn auch die Delegation ist ein wichtiger Bestandteil f\u00fcr eine gute Struktur im Pflegealltag. In diesen drei Wochen haben wir bei diesen T\u00e4tigkeiten jedoch gro\u00dfartige Unterst\u00fctzung von unseren Stationsleitungen aus unserem Team, Nora Luchner, Martina Tusch und Judith Steinacher erhalten.<\/p>\n\n\n\n<figure class=\"wp-block-gallery has-nested-images columns-default is-cropped wp-block-gallery-1 is-layout-flex wp-block-gallery-is-layout-flex\">\n<figure class=\"wp-block-image size-large\"><img fetchpriority=\"high\" decoding=\"async\" width=\"1024\" height=\"768\" data-id=\"259\" src=\"https:\/\/blog.fh-kaernten.at\/lernstation-guk\/files\/2022\/05\/NTU-2022-alle-1024x768.jpg\" alt=\"\" class=\"wp-image-259\" srcset=\"https:\/\/blog.fh-kaernten.at\/lernstation-guk\/files\/2022\/05\/NTU-2022-alle-1024x768.jpg 1024w, https:\/\/blog.fh-kaernten.at\/lernstation-guk\/files\/2022\/05\/NTU-2022-alle-300x225.jpg 300w, https:\/\/blog.fh-kaernten.at\/lernstation-guk\/files\/2022\/05\/NTU-2022-alle-768x576.jpg 768w, https:\/\/blog.fh-kaernten.at\/lernstation-guk\/files\/2022\/05\/NTU-2022-alle-1536x1152.jpg 1536w, https:\/\/blog.fh-kaernten.at\/lernstation-guk\/files\/2022\/05\/NTU-2022-alle-920x690.jpg 920w, https:\/\/blog.fh-kaernten.at\/lernstation-guk\/files\/2022\/05\/NTU-2022-alle-230x173.jpg 230w, https:\/\/blog.fh-kaernten.at\/lernstation-guk\/files\/2022\/05\/NTU-2022-alle-350x263.jpg 350w, https:\/\/blog.fh-kaernten.at\/lernstation-guk\/files\/2022\/05\/NTU-2022-alle-480x360.jpg 480w, https:\/\/blog.fh-kaernten.at\/lernstation-guk\/files\/2022\/05\/NTU-2022-alle.jpg 2016w\" sizes=\"(max-width: 1024px) 100vw, 1024px\" \/><\/figure>\n\n\n\n<figure class=\"wp-block-image size-large\"><img decoding=\"async\" width=\"605\" height=\"1024\" data-id=\"258\" src=\"https:\/\/blog.fh-kaernten.at\/lernstation-guk\/files\/2022\/05\/NTU-605x1024.jpg\" alt=\"\" class=\"wp-image-258\" srcset=\"https:\/\/blog.fh-kaernten.at\/lernstation-guk\/files\/2022\/05\/NTU-605x1024.jpg 605w, https:\/\/blog.fh-kaernten.at\/lernstation-guk\/files\/2022\/05\/NTU-177x300.jpg 177w, https:\/\/blog.fh-kaernten.at\/lernstation-guk\/files\/2022\/05\/NTU-768x1300.jpg 768w, https:\/\/blog.fh-kaernten.at\/lernstation-guk\/files\/2022\/05\/NTU-907x1536.jpg 907w, https:\/\/blog.fh-kaernten.at\/lernstation-guk\/files\/2022\/05\/NTU-920x1558.jpg 920w, https:\/\/blog.fh-kaernten.at\/lernstation-guk\/files\/2022\/05\/NTU-230x389.jpg 230w, https:\/\/blog.fh-kaernten.at\/lernstation-guk\/files\/2022\/05\/NTU-350x593.jpg 350w, https:\/\/blog.fh-kaernten.at\/lernstation-guk\/files\/2022\/05\/NTU-480x813.jpg 480w, https:\/\/blog.fh-kaernten.at\/lernstation-guk\/files\/2022\/05\/NTU.jpg 991w\" sizes=\"(max-width: 605px) 100vw, 605px\" \/><\/figure>\n\n\n\n<figure class=\"wp-block-image size-large\"><img decoding=\"async\" width=\"576\" height=\"1024\" data-id=\"257\" src=\"https:\/\/blog.fh-kaernten.at\/lernstation-guk\/files\/2022\/05\/PHOTO-2022-04-21-04-02-11.jpg\" alt=\"\" class=\"wp-image-257\" srcset=\"https:\/\/blog.fh-kaernten.at\/lernstation-guk\/files\/2022\/05\/PHOTO-2022-04-21-04-02-11.jpg 576w, https:\/\/blog.fh-kaernten.at\/lernstation-guk\/files\/2022\/05\/PHOTO-2022-04-21-04-02-11-169x300.jpg 169w, https:\/\/blog.fh-kaernten.at\/lernstation-guk\/files\/2022\/05\/PHOTO-2022-04-21-04-02-11-230x409.jpg 230w, https:\/\/blog.fh-kaernten.at\/lernstation-guk\/files\/2022\/05\/PHOTO-2022-04-21-04-02-11-350x622.jpg 350w, https:\/\/blog.fh-kaernten.at\/lernstation-guk\/files\/2022\/05\/PHOTO-2022-04-21-04-02-11-480x853.jpg 480w\" sizes=\"(max-width: 576px) 100vw, 576px\" \/><\/figure>\n<\/figure>\n\n\n\n<p>Die Stimmungslage w\u00e4hrend der Dienste war ein einziges Auf und Ab. Es war von &#8211; Verzweiflung \u00fcber Euphorie, Freude und auch Traurigkeit, \u00dcberforderung und Aufregung sowie Easy-Going-Momenten &#8211; einfach alles dabei. Wir haben uns stets gegenseitig unterst\u00fctzt und in schwierigen Situationen ausgezeichnet zusammengearbeitet. Zu unserem gro\u00dfen Gl\u00fcck, hatten wir die besten Praxisanleiter*innen jederzeit an unserer Seite. Sie haben uns aus oft aussichtsloswirkenden Situationen zur Seite genommen und gesagt \u201etief durchatmen, einen Schluck trinken und einen Schritt nach dem anderen abarbeiten.\u201c Das hat uns immer geholfen den Fokus neu zu setzten und unsere Arbeit fachgerecht auszuf\u00fchren um somit die bestm\u00f6gliche Pflege f\u00fcr unsere Patient*innen zu gew\u00e4hrleisten. Wir m\u00f6chten uns auch herzlichst f\u00fcr die gro\u00dfartige Unterst\u00fctzung der Pflegeassistent*innen auf der Station bedanken, die uns im Alltag Aufgaben abgenommen haben und bei Fragen immer zur Seite standen.<\/p>\n\n\n\n<p>Immer mittwochs und freitags gab es mit unseren Pflegep\u00e4dagoginnen Frau Radl und Frau Wilhelmer eine kurze Feedbackrunde, in welcher jeder seine Meinung und Anliegen abgeben konnte. Dadurch konnten wir aber auch gemeinsam Arbeitsabl\u00e4ufe f\u00fcr Tag- und Nachtdienst f\u00fcr die kommenden Dienste optimieren.<\/p>\n\n\n\n<p>Kaum im Arbeitsalltag, als ein eingespieltes Team, angekommen und ZACK schon ist alles wieder vorbei. Die drei Wochen auf der Station sind leider rasend schnell vergangen, jedoch konnten wir soooo viel davon mitnehmen. Wir haben nicht nur Erfahrung im Handling mit den Patient*innen und der Pflegeorganisation bekommen, auch das Zusammenarbeiten im Team musste gelernt und stetig neugestaltet werden.<\/p>\n\n\n\n<p>Ich glaube wir sprechen im Namen von allen, wenn wir sagen, dass es eine wirklich unbeschreiblich tolle Erfahrung gewesen ist und wir so viel in so kurzer Zeit f\u00fcr uns und unsere Ausbildung gelernt haben. Wir haben uns nicht nur praktisch, sondern auch pers\u00f6nlich weiterentwickelt und sind an den (oft schwierigen) Aufgaben als Team und als Einzelne gewachsen.<\/p>\n\n\n\n<p>Liebe Gr\u00fc\u00dfe an euch alle,<\/p>\n\n\n\n<p>Katharina und Madeleine \ud83d\ude0a<\/p>\n","protected":false},"excerpt":{"rendered":"<p>Die Nursing Training Unit 2022 ist leider schon wieder vorbei. Hier ein kurzer R\u00fcckblick.<\/p>\n","protected":false},"author":48,"featured_media":256,"comment_status":"open","ping_status":"open","sticky":false,"template":"","format":"standard","meta":{"inline_featured_image":false,"footnotes":""},"categories":[3],"tags":[],"class_list":["post-255","post","type-post","status-publish","format-standard","has-post-thumbnail","hentry","category-talkabout"],"_links":{"self":[{"href":"https:\/\/blog.fh-kaernten.at\/lernstation-guk\/wp-json\/wp\/v2\/posts\/255","targetHints":{"allow":["GET"]}}],"collection":[{"href":"https:\/\/blog.fh-kaernten.at\/lernstation-guk\/wp-json\/wp\/v2\/posts"}],"about":[{"href":"https:\/\/blog.fh-kaernten.at\/lernstation-guk\/wp-json\/wp\/v2\/types\/post"}],"author":[{"embeddable":true,"href":"https:\/\/blog.fh-kaernten.at\/lernstation-guk\/wp-json\/wp\/v2\/users\/48"}],"replies":[{"embeddable":true,"href":"https:\/\/blog.fh-kaernten.at\/lernstation-guk\/wp-json\/wp\/v2\/comments?post=255"}],"version-history":[{"count":0,"href":"https:\/\/blog.fh-kaernten.at\/lernstation-guk\/wp-json\/wp\/v2\/posts\/255\/revisions"}],"wp:featuredmedia":[{"embeddable":true,"href":"https:\/\/blog.fh-kaernten.at\/lernstation-guk\/wp-json\/wp\/v2\/media\/256"}],"wp:attachment":[{"href":"https:\/\/blog.fh-kaernten.at\/lernstation-guk\/wp-json\/wp\/v2\/media?parent=255"}],"wp:term":[{"taxonomy":"category","embeddable":true,"href":"https:\/\/blog.fh-kaernten.at\/lernstation-guk\/wp-json\/wp\/v2\/categories?post=255"},{"taxonomy":"post_tag","embeddable":true,"href":"https:\/\/blog.fh-kaernten.at\/lernstation-guk\/wp-json\/wp\/v2\/tags?post=255"}],"curies":[{"name":"wp","href":"https:\/\/api.w.org\/{rel}","templated":true}]}}