{"id":183,"date":"2021-05-06T15:24:30","date_gmt":"2021-05-06T13:24:30","guid":{"rendered":"https:\/\/blog.fh-kaernten.at\/lernstation-guk\/?p=183"},"modified":"2022-02-16T08:31:55","modified_gmt":"2022-02-16T07:31:55","slug":"abschluss","status":"publish","type":"post","link":"https:\/\/blog.fh-kaernten.at\/lernstation-guk\/2021\/05\/06\/abschluss\/","title":{"rendered":"\u2026 Abschluss"},"content":{"rendered":"\n<p>Hallo und herzlich Willkommen zur\u00fcck zu diesem (vorerst) letzten Blogbeitrag!<\/p>\n\n\n\n<p>Wir hoffen, euch geht es gut und ihr habt die letzten drei Wochen genauso gut verbracht wie wir. \ud83d\ude0a Nach den drei Wochen der \u201eGoing-live\u201c-Phase waren wir alle sehr traurig, wie schnell die Zeit vergangen ist. Gerade als man sich eingew\u00f6hnt und einen pers\u00f6nlichen Tagesablauf strukturiert hatte, war es schon wieder vorbei. \u2639<\/p>\n\n\n\n<p>Allerdings hatten wir in der letzten Woche des Projekts noch zwei Veranstaltungen, welche zu einem runden und perfekten Abschluss der NTU f\u00fchrten. Zuerst hatten wir die Veranstaltung im Elisabethinen Krankenhaus, bei welchem wir uns in Ruhe von unseren Praxisanleiter*innen und dem Haus verabschieden konnten. Wir sahen uns gemeinsam Bilder an, lie\u00dfen die vergangenen Wochen Revue passieren und erlebten die spannendsten und lustigsten Momente noch einmal gemeinsam. Zwei Tage sp\u00e4ter hatten wir einen Reflexionsworkshop gemeinsam mit Frau Luschnik und den Vortragenden Frau Radl, Frau Wilhelmer und Frau Tscherne. In diesem reflektierten wir unsere Leistungen, Arbeit und die Lerntageb\u00fccher. Diese wurden \u00fcber den gesamten Zeitraum von uns ausgef\u00fcllt, damit Frau Luschnik unsere Erfahrungen in ihrer Masterarbeit einarbeiten kann. Alles in allem diente diese Veranstaltung noch einmal dazu, sich in Erinnerung zu rufen, wieso man sich f\u00fcr die NTU beworben hat und ob man alle seine Ziele erreichen konnte.<\/p>\n\n\n\n<figure class=\"wp-block-image size-large\"><img fetchpriority=\"high\" decoding=\"async\" width=\"640\" height=\"480\" src=\"http:\/\/blog.fh-kaernten.at\/lernstation-guk\/files\/2021\/05\/Abschlussfoto.jpg\" alt=\"\" class=\"wp-image-185\" srcset=\"https:\/\/blog.fh-kaernten.at\/lernstation-guk\/files\/2021\/05\/Abschlussfoto.jpg 640w, https:\/\/blog.fh-kaernten.at\/lernstation-guk\/files\/2021\/05\/Abschlussfoto-300x225.jpg 300w, https:\/\/blog.fh-kaernten.at\/lernstation-guk\/files\/2021\/05\/Abschlussfoto-230x173.jpg 230w, https:\/\/blog.fh-kaernten.at\/lernstation-guk\/files\/2021\/05\/Abschlussfoto-350x263.jpg 350w, https:\/\/blog.fh-kaernten.at\/lernstation-guk\/files\/2021\/05\/Abschlussfoto-480x360.jpg 480w\" sizes=\"(max-width: 640px) 100vw, 640px\" \/><\/figure>\n\n\n\n<p>Auf diesem Weg wollen wir uns nicht nur beim A. \u00f6. Krankenhaus der Elisabethinen bedanken, dass sie uns die Station zur Verf\u00fcgung gestellt haben, sondern auch bei den Praxisanleiter*innen, welche uns immer unterst\u00fctzend zur Seite gestanden haben. Weiters wollen wir ein gro\u00dfes Dankesch\u00f6n an die Organisatorinnen Frau Radl, Frau Wilhelmer und Frau Tscherne aussprechen. Daf\u00fcr, dass sie uns dieses Projekt erm\u00f6glicht haben, f\u00fcr die tolle Vorbereitung und Begleitung w\u00e4hrend des Projekts.<\/p>\n\n\n\n<p>Wir hoffen euch einen Einblick in die Vorbereitung, Durchf\u00fchrung und Nachbereitung gegeben zu haben. Laura und ich wenden uns jetzt unseren Bachelorarbeiten zu und werden uns auf den nahenden Abschluss des Studiums vorbereiten. \ud83d\ude0a<\/p>\n\n\n\n<p>Elena und Laura<\/p>\n","protected":false},"excerpt":{"rendered":"<p>Nach den drei Wochen der \u201eGoing-live\u201c-Phase waren wir alle sehr traurig, wie schnell die Zeit vergangen ist.<\/p>\n","protected":false},"author":48,"featured_media":184,"comment_status":"open","ping_status":"open","sticky":false,"template":"post-templates\/post_nosidebar.php","format":"standard","meta":{"inline_featured_image":false,"footnotes":""},"categories":[3],"tags":[],"class_list":["post-183","post","type-post","status-publish","format-standard","has-post-thumbnail","hentry","category-talkabout"],"_links":{"self":[{"href":"https:\/\/blog.fh-kaernten.at\/lernstation-guk\/wp-json\/wp\/v2\/posts\/183","targetHints":{"allow":["GET"]}}],"collection":[{"href":"https:\/\/blog.fh-kaernten.at\/lernstation-guk\/wp-json\/wp\/v2\/posts"}],"about":[{"href":"https:\/\/blog.fh-kaernten.at\/lernstation-guk\/wp-json\/wp\/v2\/types\/post"}],"author":[{"embeddable":true,"href":"https:\/\/blog.fh-kaernten.at\/lernstation-guk\/wp-json\/wp\/v2\/users\/48"}],"replies":[{"embeddable":true,"href":"https:\/\/blog.fh-kaernten.at\/lernstation-guk\/wp-json\/wp\/v2\/comments?post=183"}],"version-history":[{"count":0,"href":"https:\/\/blog.fh-kaernten.at\/lernstation-guk\/wp-json\/wp\/v2\/posts\/183\/revisions"}],"wp:featuredmedia":[{"embeddable":true,"href":"https:\/\/blog.fh-kaernten.at\/lernstation-guk\/wp-json\/wp\/v2\/media\/184"}],"wp:attachment":[{"href":"https:\/\/blog.fh-kaernten.at\/lernstation-guk\/wp-json\/wp\/v2\/media?parent=183"}],"wp:term":[{"taxonomy":"category","embeddable":true,"href":"https:\/\/blog.fh-kaernten.at\/lernstation-guk\/wp-json\/wp\/v2\/categories?post=183"},{"taxonomy":"post_tag","embeddable":true,"href":"https:\/\/blog.fh-kaernten.at\/lernstation-guk\/wp-json\/wp\/v2\/tags?post=183"}],"curies":[{"name":"wp","href":"https:\/\/api.w.org\/{rel}","templated":true}]}}