{"id":172,"date":"2021-04-29T12:58:58","date_gmt":"2021-04-29T10:58:58","guid":{"rendered":"https:\/\/blog.fh-kaernten.at\/lernstation-guk\/?p=172"},"modified":"2022-02-16T08:32:17","modified_gmt":"2022-02-16T07:32:17","slug":"partnermeldung-erstmals-in-kaernten-startet-kooperationsprojekt-temporaere-lernstation","status":"publish","type":"post","link":"https:\/\/blog.fh-kaernten.at\/lernstation-guk\/2021\/04\/29\/partnermeldung-erstmals-in-kaernten-startet-kooperationsprojekt-temporaere-lernstation\/","title":{"rendered":"Partnermeldung: Erstmals in K\u00e4rnten startet Kooperationsprojekt \u201etempor\u00e4re Lernstation\u201c"},"content":{"rendered":"\n<p>A. \u00f6. Krankenhauses der Elisabethinen und der Fachhochschule K\u00e4rnten<\/p>\n\n\n\n<p>Theorie und Praxis auf innovative Weise verbinden \u2013 dieses Ziel verfolgt K\u00e4rntens erste Lernstation am Elisabethinen-Krankenhaus. Im Klagenfurter Ordenskrankenhaus startet K\u00e4rntens erste Lernstation unter dem Namen \u201eNTU- Nursing Training Unit\u201c, bei der Studierende im letzten Semester ihres Bachelorstudiengangs <a href=\"https:\/\/www.fh-kaernten.at\/studium\/gesundheit-soziales\/bachelor\/gesundheits-und-krankenpflege\">Gesundheits- und Krankenpflege <\/a>an der Fachhochschule K\u00e4rnten, die Planung und Organisation der Pflege auf der Station f\u00fcr Akutgeriatrie und Remobilisation \u00fcbernehmen. Nach dem einw\u00f6chigen Skills Training, fand der Auftakt des besonderen f\u00fcnfw\u00f6chigen Berufspraktikums am 6. April im Beisein von LH Stv. Dr.in Beate Prettner statt.<\/p>\n\n\n\n<h4 class=\"wp-block-heading\">Der berufliche Nachwuchs hat das Sagen<\/h4>\n\n\n\n<p>Am A.\u00f6. Elisabethinen-Krankenhaus Klagenfurt wird Ausbildung gro\u00df geschrieben. Frei nach Immanuel Kant \u201eTheorie ohne Praxis ist leer, Praxis ohne Theorie ist blind\u201c, absolvieren 15 Studentinnen des Bachelorstudiengangs Gesundheits- und Krankenpflege der Fachhochschule K\u00e4rnten ein f\u00fcnfw\u00f6chiges Berufspraktikum an der Abteilung f\u00fcr Akutgeriatrie und Remobilisation und schl\u00fcpfen in die Rolle der diplomierten Gesundheits- und Krankenpflegeperson.<\/p>\n\n\n\n<p>Am Tagesablauf der Station sowie an den Untersuchungen, Pflege- und Therapiema\u00dfnahmen \u00e4ndert sich bei der \u201eNursing Training Unit\u201c, wie K\u00e4rntens erste tempor\u00e4re Lernstation genannt wird, nichts. Daf\u00fcr sorgen auch speziell ausgebildete Pflegep\u00e4dagogen und Praxisanleiter, die sich bewusst im Hintergrund halten.<\/p>\n\n\n\n<h4 class=\"wp-block-heading\">Praxis auf der Akutgeriatrie hautnah erleben<\/h4>\n\n\n\n<p>Beim Projekt Lernstation auf der Akutgeriatrie im Elisabethinen-Krankenhaus Klagenfurt, f\u00fchren die Studierende des 6. Semesters den gesamten Pflegeprozess eigenst\u00e4ndig durch. Dieser beinhaltet die Organisation, Betreuung und Pflege von Patienten. \u201eDas Ziel ist es, den Studierenden, die M\u00f6glichkeit zu geben die wissenschaftlich theoretisch basierenden Erkenntnisse im pflegerischen Alltag bei uns im Haus mit den ausgebildeten Praxisanleitern umsetzen zu k\u00f6nnen\u201c, betont die Pflegedirektorin und Projektauftraggeberin am A.\u00f6. Krankenhaus der Elisabethinen Klagenfurt, DGKP Silvia Lueger, MSc. \u201eJeder Student betreut vier bis sechs Patienten. F\u00fcr die Auszubildenden ist es wichtig, einen \u00dcberblick \u00fcber den Gesamtprozess der Patientenversorgung innerhalb unseres Krankenhauses zu erlangen. Um zuk\u00fcnftig weiterhin ein attraktiver Arbeitgeber am Markt zu bleiben, fordern und f\u00f6rdern wir unsere zuk\u00fcnftigen Kolleginnen und Kollegen von morgen\u201c, erkl\u00e4rt Pflegedirektorin Silvia Lueger, MSc, die am Ordenskrankenhaus f\u00fcr 200 Mitarbeiter im Bereich der Pflege zust\u00e4ndig ist.<\/p>\n\n\n\n<h4 class=\"wp-block-heading\">Bestm\u00f6glich vorbereitet f\u00fcr den Pflegeberuf<\/h4>\n\n\n\n<p>Die Auszubildenden bereiteten sich, unterst\u00fctzt von den Lehrenden der FH K\u00e4rnten, im Vorfeld auf das Projekt vor. Projektleiterin ist Kathrin Radl, BA, MEd, vom Studienbereich <a href=\"https:\/\/www.fh-kaernten.at\/studium\/gesundheit-soziales\">Gesundheit &amp; Soziales<\/a>, Studiengang Gesundheits- und Krankenpflege an der Fachhochschule K\u00e4rnten. \u201eStudien weisen darauf hin, dass der \u00dcbergang von Auszubildenden hin zu Berufsanf\u00e4ngern als stressbehaftet wahrgenommen wird und sie sich h\u00e4ufig nicht ausreichend auf ihre zuk\u00fcnftige Rolle als diplomierte Gesundheits- und Krankenpflegepersonen und die damit verbundenen Aufgaben und Verantwortlichkeiten vorbereitet f\u00fchlen\u201c, begr\u00fcndet Kathrin Radl, BA, MEd K\u00e4rntens erste Lernstation. Das verweise auf die Notwendigkeit, dass bereits im Rahmen des Studiums Lernsituationen geschaffen werden m\u00fcssen, die es den<br>Studierenden erm\u00f6glicht, den Alltag einer Pflegeperson in seiner Gesamtheit kennenzulernen und, in einem gesch\u00fctzten Rahmen, zu bew\u00e4ltigen.<\/p>\n\n\n\n<h4 class=\"wp-block-heading\">Wissenschaftliche Begleitung<\/h4>\n\n\n\n<p>In regelm\u00e4\u00dfigen Reflexionsgespr\u00e4chen und durch die wissenschaftliche Begleitung von Seiten der Fachhochschule, werden die Entwicklungen der Auszubildenden thematisiert. Zus\u00e4tzlich werden die zuk\u00fcnftigen Bachelorabsolventen in den insgesamt f\u00fcnf Wochen auf der vorr\u00fcbergehenden Lernstation aufgefordert ihre Praxiserfahrungen zu reflektieren und evaluieren.<\/p>\n\n\n\n<figure class=\"wp-block-gallery columns-3 is-cropped wp-block-gallery-1 is-layout-flex wp-block-gallery-is-layout-flex\"><ul class=\"blocks-gallery-grid\"><li class=\"blocks-gallery-item\"><figure><img fetchpriority=\"high\" decoding=\"async\" width=\"1024\" height=\"575\" src=\"https:\/\/blog.fh-kaernten.at\/lernstation-guk\/files\/2021\/04\/lernstation-1.jpg\" alt=\"\" data-id=\"176\" data-full-url=\"https:\/\/blog.fh-kaernten.at\/lernstation-guk\/files\/2021\/04\/lernstation-1.jpg\" data-link=\"https:\/\/blog.fh-kaernten.at\/lernstation-guk\/2021\/04\/29\/partnermeldung-erstmals-in-kaernten-startet-kooperationsprojekt-temporaere-lernstation\/lernstation-1\/\" class=\"wp-image-176\" srcset=\"https:\/\/blog.fh-kaernten.at\/lernstation-guk\/files\/2021\/04\/lernstation-1.jpg 1024w, https:\/\/blog.fh-kaernten.at\/lernstation-guk\/files\/2021\/04\/lernstation-1-300x168.jpg 300w, https:\/\/blog.fh-kaernten.at\/lernstation-guk\/files\/2021\/04\/lernstation-1-768x431.jpg 768w, https:\/\/blog.fh-kaernten.at\/lernstation-guk\/files\/2021\/04\/lernstation-1-830x466.jpg 830w, https:\/\/blog.fh-kaernten.at\/lernstation-guk\/files\/2021\/04\/lernstation-1-230x129.jpg 230w, https:\/\/blog.fh-kaernten.at\/lernstation-guk\/files\/2021\/04\/lernstation-1-350x197.jpg 350w, https:\/\/blog.fh-kaernten.at\/lernstation-guk\/files\/2021\/04\/lernstation-1-480x270.jpg 480w\" sizes=\"(max-width: 1024px) 100vw, 1024px\" \/><\/figure><\/li><li class=\"blocks-gallery-item\"><figure><img decoding=\"async\" width=\"1024\" height=\"576\" src=\"https:\/\/blog.fh-kaernten.at\/lernstation-guk\/files\/2021\/04\/lernstation-2-1024x576.jpg\" alt=\"\" data-id=\"177\" data-full-url=\"https:\/\/blog.fh-kaernten.at\/lernstation-guk\/files\/2021\/04\/lernstation-2.jpg\" data-link=\"https:\/\/blog.fh-kaernten.at\/lernstation-guk\/2021\/04\/29\/partnermeldung-erstmals-in-kaernten-startet-kooperationsprojekt-temporaere-lernstation\/lernstation-2\/\" class=\"wp-image-177\" srcset=\"https:\/\/blog.fh-kaernten.at\/lernstation-guk\/files\/2021\/04\/lernstation-2-1024x576.jpg 1024w, https:\/\/blog.fh-kaernten.at\/lernstation-guk\/files\/2021\/04\/lernstation-2-300x169.jpg 300w, https:\/\/blog.fh-kaernten.at\/lernstation-guk\/files\/2021\/04\/lernstation-2-768x432.jpg 768w, https:\/\/blog.fh-kaernten.at\/lernstation-guk\/files\/2021\/04\/lernstation-2-830x467.jpg 830w, https:\/\/blog.fh-kaernten.at\/lernstation-guk\/files\/2021\/04\/lernstation-2-230x129.jpg 230w, https:\/\/blog.fh-kaernten.at\/lernstation-guk\/files\/2021\/04\/lernstation-2-350x197.jpg 350w, https:\/\/blog.fh-kaernten.at\/lernstation-guk\/files\/2021\/04\/lernstation-2-480x270.jpg 480w, https:\/\/blog.fh-kaernten.at\/lernstation-guk\/files\/2021\/04\/lernstation-2.jpg 1110w\" sizes=\"(max-width: 1024px) 100vw, 1024px\" \/><\/figure><\/li><li class=\"blocks-gallery-item\"><figure><img decoding=\"async\" width=\"1024\" height=\"576\" src=\"https:\/\/blog.fh-kaernten.at\/lernstation-guk\/files\/2021\/04\/lernstation-3-1024x576.jpg\" alt=\"\" data-id=\"178\" data-full-url=\"https:\/\/blog.fh-kaernten.at\/lernstation-guk\/files\/2021\/04\/lernstation-3.jpg\" data-link=\"https:\/\/blog.fh-kaernten.at\/lernstation-guk\/2021\/04\/29\/partnermeldung-erstmals-in-kaernten-startet-kooperationsprojekt-temporaere-lernstation\/lernstation-3\/\" class=\"wp-image-178\" srcset=\"https:\/\/blog.fh-kaernten.at\/lernstation-guk\/files\/2021\/04\/lernstation-3-1024x576.jpg 1024w, https:\/\/blog.fh-kaernten.at\/lernstation-guk\/files\/2021\/04\/lernstation-3-300x169.jpg 300w, https:\/\/blog.fh-kaernten.at\/lernstation-guk\/files\/2021\/04\/lernstation-3-768x432.jpg 768w, https:\/\/blog.fh-kaernten.at\/lernstation-guk\/files\/2021\/04\/lernstation-3-830x467.jpg 830w, https:\/\/blog.fh-kaernten.at\/lernstation-guk\/files\/2021\/04\/lernstation-3-230x129.jpg 230w, https:\/\/blog.fh-kaernten.at\/lernstation-guk\/files\/2021\/04\/lernstation-3-350x197.jpg 350w, https:\/\/blog.fh-kaernten.at\/lernstation-guk\/files\/2021\/04\/lernstation-3-480x270.jpg 480w, https:\/\/blog.fh-kaernten.at\/lernstation-guk\/files\/2021\/04\/lernstation-3.jpg 1110w\" sizes=\"(max-width: 1024px) 100vw, 1024px\" \/><\/figure><\/li><li class=\"blocks-gallery-item\"><figure><img loading=\"lazy\" decoding=\"async\" width=\"1024\" height=\"576\" src=\"https:\/\/blog.fh-kaernten.at\/lernstation-guk\/files\/2021\/04\/lernstation-4-1024x576.jpg\" alt=\"\" data-id=\"179\" data-full-url=\"https:\/\/blog.fh-kaernten.at\/lernstation-guk\/files\/2021\/04\/lernstation-4.jpg\" data-link=\"https:\/\/blog.fh-kaernten.at\/lernstation-guk\/2021\/04\/29\/partnermeldung-erstmals-in-kaernten-startet-kooperationsprojekt-temporaere-lernstation\/lernstation-4\/\" class=\"wp-image-179\" srcset=\"https:\/\/blog.fh-kaernten.at\/lernstation-guk\/files\/2021\/04\/lernstation-4-1024x576.jpg 1024w, https:\/\/blog.fh-kaernten.at\/lernstation-guk\/files\/2021\/04\/lernstation-4-300x169.jpg 300w, https:\/\/blog.fh-kaernten.at\/lernstation-guk\/files\/2021\/04\/lernstation-4-768x432.jpg 768w, https:\/\/blog.fh-kaernten.at\/lernstation-guk\/files\/2021\/04\/lernstation-4-830x467.jpg 830w, https:\/\/blog.fh-kaernten.at\/lernstation-guk\/files\/2021\/04\/lernstation-4-230x129.jpg 230w, https:\/\/blog.fh-kaernten.at\/lernstation-guk\/files\/2021\/04\/lernstation-4-350x197.jpg 350w, https:\/\/blog.fh-kaernten.at\/lernstation-guk\/files\/2021\/04\/lernstation-4-480x270.jpg 480w, https:\/\/blog.fh-kaernten.at\/lernstation-guk\/files\/2021\/04\/lernstation-4.jpg 1110w\" sizes=\"(max-width: 1024px) 100vw, 1024px\" \/><\/figure><\/li><\/ul><\/figure>\n\n\n\n<h4 class=\"wp-block-heading\">Interdisziplinarit\u00e4t erleben<\/h4>\n\n\n\n<p>Auf der ausgew\u00e4hlten Station im Elisabethinen-Krankenhaus Klagenfurt, dem Department f\u00fcr Akutgeriatrie, liegen geriatrische Patienten mit einem h\u00f6heren Lebensalter (in der Regel \u00fcber 65 Jahre) und unterschiedlichen Grunderkrankungen von Herzinsuffizienz, Bluthochdruck, Diabetes, Demenz und Herzkrankheiten bis hin zu Problematiken an der Wirbels\u00e4ule und Traumafolgen (z.B. nach Schenkelhalsbr\u00fcchen oder Gelenksersatz)\u201c, erkl\u00e4rt<br>Departmentleiter Oberarzt Dr. Walter M\u00fcller, MSc. Der Geriater gibt dem jungen Nachwuchs die Gelegenheit, ganz praxisnah auch mit \u00c4rzten, Physio- und Ergotherapeuten zusammenzuarbeiten, was in der Regelausbildung so intensiv nicht stattfinden kann.<\/p>\n\n\n\n<h4 class=\"wp-block-heading\">Neue Wege in der Pflegeausbildung<\/h4>\n\n\n\n<p>\u201eDie Lernstation stellt ein neues, innovatives und zukunftsweisendes Instrument im Studium der Pflegeausbildung dar. Angehende Absolventen sammeln hier wertvolle Erfahrungen, die sie sp\u00e4ter im Berufsalltag praktisch anwenden k\u00f6nnen. Initiativen wie diese er\u00f6ffnen zudem neue Perspektiven und es profitieren alle Beteiligten &#8211; Studierende, Lehrende, Mitarbeiter des Krankenhauses sowie Patienten\u201c, betont K\u00e4rntens Landeshauptmann Stellvertreterin und Gesundheitsreferentin Dr.in Beate Prettner und unterstreicht die Bedeutung der ersten Lernstation K\u00e4rntens.<\/p>\n\n\n\n<h4 class=\"wp-block-heading\">R\u00fcckfragehinweis:<\/h4>\n\n\n\n<p><strong>A.\u00f6. Krankenhaus der Elisabethinen Klagenfurt GmbH<\/strong><br>PDir. Silvia Lueger, MSc<br>V\u00f6lkermarkter Stra\u00dfe 15-19<br>9020 Klagenfurt am W\u00f6rthersee<br><a href=\"tel:+434635830304\">+43 463 5830 304<\/a><\/p>\n\n\n\n<p><strong>Fachhochschule K\u00e4rnten<\/strong><br>Kathrin Susanne Radl, BA M.Ed.<br>Hochschullehre, Studienbereich Gesundheit &amp; Soziales<br>Gesundheits- und Krankenpflege<br>St. Veiterstra\u00dfe 47<br>9020 Klagenfurt am W\u00f6rthersee<br><a href=\"javascript:linkTo_UnCryptMailto(%27kygjrm8i%2CpybjYdf%2Biycplrcl%2Cyr%27);\">k.radl@fh-kaernten.at<\/a><br><a href=\"tel:+435905003407\">+43 5 90500 3407<\/a><\/p>\n","protected":false},"excerpt":{"rendered":"<p>Pflegestudierende \u00fcbernehmen Krankenhausstation.<\/p>\n","protected":false},"author":48,"featured_media":173,"comment_status":"open","ping_status":"open","sticky":false,"template":"post-templates\/post_nosidebar.php","format":"standard","meta":{"inline_featured_image":false,"footnotes":""},"categories":[1],"tags":[],"class_list":["post-172","post","type-post","status-publish","format-standard","has-post-thumbnail","hentry","category-allgemein"],"_links":{"self":[{"href":"https:\/\/blog.fh-kaernten.at\/lernstation-guk\/wp-json\/wp\/v2\/posts\/172","targetHints":{"allow":["GET"]}}],"collection":[{"href":"https:\/\/blog.fh-kaernten.at\/lernstation-guk\/wp-json\/wp\/v2\/posts"}],"about":[{"href":"https:\/\/blog.fh-kaernten.at\/lernstation-guk\/wp-json\/wp\/v2\/types\/post"}],"author":[{"embeddable":true,"href":"https:\/\/blog.fh-kaernten.at\/lernstation-guk\/wp-json\/wp\/v2\/users\/48"}],"replies":[{"embeddable":true,"href":"https:\/\/blog.fh-kaernten.at\/lernstation-guk\/wp-json\/wp\/v2\/comments?post=172"}],"version-history":[{"count":0,"href":"https:\/\/blog.fh-kaernten.at\/lernstation-guk\/wp-json\/wp\/v2\/posts\/172\/revisions"}],"wp:featuredmedia":[{"embeddable":true,"href":"https:\/\/blog.fh-kaernten.at\/lernstation-guk\/wp-json\/wp\/v2\/media\/173"}],"wp:attachment":[{"href":"https:\/\/blog.fh-kaernten.at\/lernstation-guk\/wp-json\/wp\/v2\/media?parent=172"}],"wp:term":[{"taxonomy":"category","embeddable":true,"href":"https:\/\/blog.fh-kaernten.at\/lernstation-guk\/wp-json\/wp\/v2\/categories?post=172"},{"taxonomy":"post_tag","embeddable":true,"href":"https:\/\/blog.fh-kaernten.at\/lernstation-guk\/wp-json\/wp\/v2\/tags?post=172"}],"curies":[{"name":"wp","href":"https:\/\/api.w.org\/{rel}","templated":true}]}}