{"id":168,"date":"2021-04-29T10:07:11","date_gmt":"2021-04-29T08:07:11","guid":{"rendered":"https:\/\/blog.fh-kaernten.at\/lernstation-guk\/?p=168"},"modified":"2022-02-16T08:32:01","modified_gmt":"2022-02-16T07:32:01","slug":"time-to-say-goodbye","status":"publish","type":"post","link":"https:\/\/blog.fh-kaernten.at\/lernstation-guk\/2021\/04\/29\/time-to-say-goodbye\/","title":{"rendered":"\u2026 time to say goodbye"},"content":{"rendered":"\n<p>Das Projekt \u201eLernstation\u201c nahm letzten Sonntag, 25.04.20021, ein Ende. Wir Studierende \u00fcbergaben die Station wieder in die H\u00e4nde des Stammpersonals, das mit Anfang der Woche wieder auf ihrer Station einkehrte. Es liegen drei spannende Wochen der \u201eGoing Live\u201c-Phase hinter uns, in denen jede Einzelne von uns so einiges f\u00fcr das baldige Berufsleben dazulernen durfte.<\/p>\n\n\n\n<p>Der erste Tag auf der Station war, um ehrlich zu sein, anders als erwartet. Wir hatten pl\u00f6tzlich Patient*innen, f\u00fcr die wir verantwortlich waren und welche wir 12 Stunden t\u00e4glich pflegerisch betreuen durften. Dazu kam, dass auch die Presse am Projekt interessiert war und zu Besuch auf die Station kam. Es folgten Interviews, Videoaufzeichnung und Fotografenbegleitung w\u00e4hrend wir versuchten uns am ersten Tag auf der Station einzufinden und den Tagesablauf so zu strukturieren, dass alle Patient*innen ad\u00e4quat versorgt wurden. Nat\u00fcrlich gab es die Praxisanleiter*innen, die sich allerdings, wie geplant, im Hintergrund hielten. Der erste Tag verflog wie im Sturm und trotz allem, gingen wir, die am ersten Tag dabei waren, mit einem sehr positiven Gef\u00fchl und gro\u00dfer Vorfreude auf die folgenden Wochen nachhause. Das erste Mal hatten wir die M\u00f6glichkeit eigenst\u00e4ndig zu arbeiten, ohne auf Anweisungen einer diplomierten Gesundheits- und Krankenpflegeperson zu warten oder immer mit dieser R\u00fccksprache halten zu m\u00fcssen, um Pflegema\u00dfnahmen ausf\u00fchren zu d\u00fcrfen. In den folgenden Wochen steigerte sich unsere Motivation und Begeisterung f\u00fcr unser zuk\u00fcnftiges Berufsbild laufend. Die Arbeitstage gingen immer leichter von der Hand und wir f\u00fchlten uns stetig sicherer in der Arbeit, die wir taten. Jede von uns entwickelte ihre eigene Arbeitsroutine, wir wurden immer selbst\u00e4ndiger und ben\u00f6tigten nur noch wenig Unterst\u00fctzung durch die Praxisanleiter*innen, die im Laufe des Projekts immer mehr zu Kolleg*innen wurden.<\/p>\n\n\n\n<figure class=\"wp-block-image\"><img fetchpriority=\"high\" decoding=\"async\" width=\"768\" height=\"1024\" src=\"https:\/\/blog.fh-kaernten.at\/lernstation-guk\/files\/2021\/04\/IMG_6241-768x1024.jpg\" alt=\"\" class=\"wp-image-170\" srcset=\"https:\/\/blog.fh-kaernten.at\/lernstation-guk\/files\/2021\/04\/IMG_6241-768x1024.jpg 768w, https:\/\/blog.fh-kaernten.at\/lernstation-guk\/files\/2021\/04\/IMG_6241-225x300.jpg 225w, https:\/\/blog.fh-kaernten.at\/lernstation-guk\/files\/2021\/04\/IMG_6241-1152x1536.jpg 1152w, https:\/\/blog.fh-kaernten.at\/lernstation-guk\/files\/2021\/04\/IMG_6241-1536x2048.jpg 1536w, https:\/\/blog.fh-kaernten.at\/lernstation-guk\/files\/2021\/04\/IMG_6241-830x1107.jpg 830w, https:\/\/blog.fh-kaernten.at\/lernstation-guk\/files\/2021\/04\/IMG_6241-230x307.jpg 230w, https:\/\/blog.fh-kaernten.at\/lernstation-guk\/files\/2021\/04\/IMG_6241-350x467.jpg 350w, https:\/\/blog.fh-kaernten.at\/lernstation-guk\/files\/2021\/04\/IMG_6241-480x640.jpg 480w, https:\/\/blog.fh-kaernten.at\/lernstation-guk\/files\/2021\/04\/IMG_6241-scaled.jpg 1920w\" sizes=\"(max-width: 768px) 100vw, 768px\" \/><\/figure>\n\n\n\n<p>Auch wir, als Team der FH-Studierenden, k\u00f6nnen mit Stolz behaupten zusammengewachsen zu sein. Vor allem unsere Skills in Teamf\u00e4higkeit und Kommunikation im Team wurde gefordert und klar gest\u00e4rkt. Wir haben im Laufe des Projekts also nicht nur uns selbst und unsere Rolle als diplomierte Gesundheits- und Krankenpflegerin kennengelernt sondern auch zwischenmenschliche Beziehungen gekn\u00fcpft, gelernt uns als Team zu organisieren und viele unersetzbare und unvergessliche Momente gemeinsam erlebt. Aus diesem Grund d\u00fcrfen wir uns bei allen, an der Organisation und Durchf\u00fchrung beteiligten Personen, f\u00fcr ein so tolles und einzigartiges Projekt bedanken und hoffen auf eine erneute Kooperation zwischen der FH K\u00e4rnten und dem Krankenhaus der Elisabethinen!<\/p>\n\n\n\n<p>Laura &amp; Elena<\/p>\n","protected":false},"excerpt":{"rendered":"<p>Das Projekt \u201eLernstation\u201c nahm letzten Sonntag, 25.04.20021, ein Ende. Wir Studierende \u00fcbergaben die Station wieder in die H\u00e4nde des Stammpersonals, das mit Anfang der Woche wieder auf ihrer Station einkehrte.<\/p>\n","protected":false},"author":48,"featured_media":181,"comment_status":"open","ping_status":"open","sticky":false,"template":"post-templates\/post_nosidebar.php","format":"standard","meta":{"inline_featured_image":false,"footnotes":""},"categories":[3],"tags":[],"class_list":["post-168","post","type-post","status-publish","format-standard","has-post-thumbnail","hentry","category-talkabout"],"_links":{"self":[{"href":"https:\/\/blog.fh-kaernten.at\/lernstation-guk\/wp-json\/wp\/v2\/posts\/168","targetHints":{"allow":["GET"]}}],"collection":[{"href":"https:\/\/blog.fh-kaernten.at\/lernstation-guk\/wp-json\/wp\/v2\/posts"}],"about":[{"href":"https:\/\/blog.fh-kaernten.at\/lernstation-guk\/wp-json\/wp\/v2\/types\/post"}],"author":[{"embeddable":true,"href":"https:\/\/blog.fh-kaernten.at\/lernstation-guk\/wp-json\/wp\/v2\/users\/48"}],"replies":[{"embeddable":true,"href":"https:\/\/blog.fh-kaernten.at\/lernstation-guk\/wp-json\/wp\/v2\/comments?post=168"}],"version-history":[{"count":0,"href":"https:\/\/blog.fh-kaernten.at\/lernstation-guk\/wp-json\/wp\/v2\/posts\/168\/revisions"}],"wp:featuredmedia":[{"embeddable":true,"href":"https:\/\/blog.fh-kaernten.at\/lernstation-guk\/wp-json\/wp\/v2\/media\/181"}],"wp:attachment":[{"href":"https:\/\/blog.fh-kaernten.at\/lernstation-guk\/wp-json\/wp\/v2\/media?parent=168"}],"wp:term":[{"taxonomy":"category","embeddable":true,"href":"https:\/\/blog.fh-kaernten.at\/lernstation-guk\/wp-json\/wp\/v2\/categories?post=168"},{"taxonomy":"post_tag","embeddable":true,"href":"https:\/\/blog.fh-kaernten.at\/lernstation-guk\/wp-json\/wp\/v2\/tags?post=168"}],"curies":[{"name":"wp","href":"https:\/\/api.w.org\/{rel}","templated":true}]}}