{"id":157,"date":"2021-03-11T10:31:00","date_gmt":"2021-03-11T09:31:00","guid":{"rendered":"https:\/\/blog.fh-kaernten.at\/lernstation-guk\/?p=157"},"modified":"2022-02-16T08:32:24","modified_gmt":"2022-02-16T07:32:24","slug":"final-countdown","status":"publish","type":"post","link":"https:\/\/blog.fh-kaernten.at\/lernstation-guk\/2021\/03\/11\/final-countdown\/","title":{"rendered":"Final Countdown"},"content":{"rendered":"\n<p>Nach einer langen intensiven Vorbereitungsphase startet am 29.03.2021 f\u00fcr 15 Student*innen aus dem Bachelorstudiengang Gesundheits- und Krankenpflege das Praktikum auf der Lernstation.<\/p>\n\n\n\n<p>Die Vorbereitungsarbeiten sind nahezu abgeschlossen und am 03.03.2021 trafen sich erstmalig alle teilnehmenden Akteur*innen. Die Veranstaltung diente zur Vernetzung von Studierenden, Praxisanleiter*innen und Lehrenden um letzte offene Punkte zu kl\u00e4ren, Fragen zu beantworten und so einen reibungslosen Start zu erm\u00f6glichen.<\/p>\n\n\n\n<figure class=\"wp-block-gallery columns-3 is-cropped wp-block-gallery-1 is-layout-flex wp-block-gallery-is-layout-flex\"><ul class=\"blocks-gallery-grid\"><li class=\"blocks-gallery-item\"><figure><img fetchpriority=\"high\" decoding=\"async\" width=\"437\" height=\"328\" src=\"https:\/\/blog.fh-kaernten.at\/lernstation-guk\/files\/2021\/03\/Infoveranstaltung-1.png\" alt=\"\" data-id=\"159\" data-full-url=\"https:\/\/blog.fh-kaernten.at\/lernstation-guk\/files\/2021\/03\/Infoveranstaltung-1.png\" data-link=\"https:\/\/blog.fh-kaernten.at\/lernstation-guk\/?attachment_id=159\" class=\"wp-image-159\" srcset=\"https:\/\/blog.fh-kaernten.at\/lernstation-guk\/files\/2021\/03\/Infoveranstaltung-1.png 437w, https:\/\/blog.fh-kaernten.at\/lernstation-guk\/files\/2021\/03\/Infoveranstaltung-1-300x225.png 300w, https:\/\/blog.fh-kaernten.at\/lernstation-guk\/files\/2021\/03\/Infoveranstaltung-1-230x173.png 230w, https:\/\/blog.fh-kaernten.at\/lernstation-guk\/files\/2021\/03\/Infoveranstaltung-1-350x263.png 350w\" sizes=\"(max-width: 437px) 100vw, 437px\" \/><\/figure><\/li><li class=\"blocks-gallery-item\"><figure><img decoding=\"async\" width=\"641\" height=\"481\" src=\"https:\/\/blog.fh-kaernten.at\/lernstation-guk\/files\/2021\/03\/Infoveranstaltung-2.png\" alt=\"\" data-id=\"160\" data-full-url=\"https:\/\/blog.fh-kaernten.at\/lernstation-guk\/files\/2021\/03\/Infoveranstaltung-2.png\" data-link=\"https:\/\/blog.fh-kaernten.at\/lernstation-guk\/?attachment_id=160\" class=\"wp-image-160\" srcset=\"https:\/\/blog.fh-kaernten.at\/lernstation-guk\/files\/2021\/03\/Infoveranstaltung-2.png 641w, https:\/\/blog.fh-kaernten.at\/lernstation-guk\/files\/2021\/03\/Infoveranstaltung-2-300x225.png 300w, https:\/\/blog.fh-kaernten.at\/lernstation-guk\/files\/2021\/03\/Infoveranstaltung-2-230x173.png 230w, https:\/\/blog.fh-kaernten.at\/lernstation-guk\/files\/2021\/03\/Infoveranstaltung-2-350x263.png 350w, https:\/\/blog.fh-kaernten.at\/lernstation-guk\/files\/2021\/03\/Infoveranstaltung-2-480x360.png 480w\" sizes=\"(max-width: 641px) 100vw, 641px\" \/><\/figure><\/li><li class=\"blocks-gallery-item\"><figure><img decoding=\"async\" width=\"641\" height=\"481\" src=\"https:\/\/blog.fh-kaernten.at\/lernstation-guk\/files\/2021\/03\/Infoveranstaltung-3.png\" alt=\"\" data-id=\"161\" data-full-url=\"https:\/\/blog.fh-kaernten.at\/lernstation-guk\/files\/2021\/03\/Infoveranstaltung-3.png\" data-link=\"https:\/\/blog.fh-kaernten.at\/lernstation-guk\/?attachment_id=161\" class=\"wp-image-161\" srcset=\"https:\/\/blog.fh-kaernten.at\/lernstation-guk\/files\/2021\/03\/Infoveranstaltung-3.png 641w, https:\/\/blog.fh-kaernten.at\/lernstation-guk\/files\/2021\/03\/Infoveranstaltung-3-300x225.png 300w, https:\/\/blog.fh-kaernten.at\/lernstation-guk\/files\/2021\/03\/Infoveranstaltung-3-230x173.png 230w, https:\/\/blog.fh-kaernten.at\/lernstation-guk\/files\/2021\/03\/Infoveranstaltung-3-350x263.png 350w, https:\/\/blog.fh-kaernten.at\/lernstation-guk\/files\/2021\/03\/Infoveranstaltung-3-480x360.png 480w\" sizes=\"(max-width: 641px) 100vw, 641px\" \/><\/figure><\/li><\/ul><\/figure>\n\n\n\n<p>Die Schichtabl\u00e4ufe (Tagdienst, Nachtdienst) wurden diskutiert, \u00c4nderungen zur derzeitigen Abfolge aufgezeigt und wichtige Punkte in den Abl\u00e4ufen festgehalten. Die Aufgaben von Teamleitung und Recherchedienst wurden gekl\u00e4rt \u2013 so \u00fcbernimmt die Teamleitung nicht nur die Rolle des Koordinators des Studierendenteams, sondern fungiert auch als Schnittstelle f\u00fcr das interdisziplin\u00e4re Team und zur Pflegedirektion indem eine Teilnahme an den regelm\u00e4\u00dfig stattfindenden Stationsleitungssitzungen geplant ist. Aufgabe des Recherchedienstes ist es, stationsspezifische Fragestellungen mit dem aktuellen Wissensstand zu beantworten. Dies zeigt den Studierenden sowie der Station eine M\u00f6glichkeit auf, Theorie in die gelebte Praxis zu bringen und unterst\u00fctzt den Theorie-Praxis-Transfer. Hieraus ergeben sich positive Effekte sowohl f\u00fcr die Studierenden als auch f\u00fcr die Station indem aufgezeigt wird, welchen Einfluss die Pflegewissenschaft auf die Praxis hat und vice versa. Die Reflexion als Fixpunkt im Tagesablauf wurde mit den Studierenden besprochen ebenso wie m\u00f6gliche Reflexionsthemen. Durch gezielte Reflexionsm\u00f6glichkeiten kommt es zu einer kontinuierlichen Auseinandersetzung mit dem eigenen Handeln. Dabei werden das eigene implizite Wissen und die eigene Praxis kritisch hinterfragt. Ziel ist dabei nicht, eine eindeutige L\u00f6sung f\u00fcr ein bestimmtes Problem zu finden, sondern verschiedene Perspektiven auf das Problem zu erhalten. Das soll unter anderem den individuellen Kompetenzaufbau der Studierenden unterst\u00fctzen.<\/p>\n\n\n\n<p>F\u00fcr Fragen den Ablauf und die Station betreffend waren neben den am Projekt beteiligten Lehrenden auch Thomas Nott und Simone Woschitz als Praxisanleiter*in vom A. \u00f6. Krankenhaus der Elisabethinen anwesend.<\/p>\n\n\n\n<p>Begleitet wird das Projekt zus\u00e4tzlich von Frau Denise Luschnik, BA, die im Rahmen ihrer Masterthesis den pers\u00f6nlichen Lernerfolg aus Sicht der Studierenden auf der Lernstation untersucht. Die geplante Masterthesis sowie die Methodik und unterst\u00fctzende Instrumente (z.B. Stimmungsbarometer) wurden den Student*innen pr\u00e4sentiert. Das Ziel der Arbeit ist, das Projekt aus Sicht der beteiligten Studierenden darzustellen, Wissen \u00fcber den pers\u00f6nlichen Lernerfolg zu erhalten und f\u00f6rderliche und hemmende Faktoren zu identifizieren.<\/p>\n\n\n\n<p>Mit Spannung und Freude erwarten alle Beteiligten den Projektstart und die positive Einstellung und Energie war bei dem Treffen deutlich zu sp\u00fcren. Das gesamte Team ist ger\u00fcstet \u2013 das Praktikum kann also beginnen \ud83d\ude09<\/p>\n","protected":false},"excerpt":{"rendered":"<p>Am 29.03.2021 startet f\u00fcr 15 Student*innen das Praktikum auf der Lernstation.<\/p>\n","protected":false},"author":48,"featured_media":158,"comment_status":"open","ping_status":"open","sticky":false,"template":"post-templates\/post_nosidebar.php","format":"standard","meta":{"inline_featured_image":false,"footnotes":""},"categories":[1],"tags":[],"class_list":["post-157","post","type-post","status-publish","format-standard","has-post-thumbnail","hentry","category-allgemein"],"_links":{"self":[{"href":"https:\/\/blog.fh-kaernten.at\/lernstation-guk\/wp-json\/wp\/v2\/posts\/157","targetHints":{"allow":["GET"]}}],"collection":[{"href":"https:\/\/blog.fh-kaernten.at\/lernstation-guk\/wp-json\/wp\/v2\/posts"}],"about":[{"href":"https:\/\/blog.fh-kaernten.at\/lernstation-guk\/wp-json\/wp\/v2\/types\/post"}],"author":[{"embeddable":true,"href":"https:\/\/blog.fh-kaernten.at\/lernstation-guk\/wp-json\/wp\/v2\/users\/48"}],"replies":[{"embeddable":true,"href":"https:\/\/blog.fh-kaernten.at\/lernstation-guk\/wp-json\/wp\/v2\/comments?post=157"}],"version-history":[{"count":0,"href":"https:\/\/blog.fh-kaernten.at\/lernstation-guk\/wp-json\/wp\/v2\/posts\/157\/revisions"}],"wp:featuredmedia":[{"embeddable":true,"href":"https:\/\/blog.fh-kaernten.at\/lernstation-guk\/wp-json\/wp\/v2\/media\/158"}],"wp:attachment":[{"href":"https:\/\/blog.fh-kaernten.at\/lernstation-guk\/wp-json\/wp\/v2\/media?parent=157"}],"wp:term":[{"taxonomy":"category","embeddable":true,"href":"https:\/\/blog.fh-kaernten.at\/lernstation-guk\/wp-json\/wp\/v2\/categories?post=157"},{"taxonomy":"post_tag","embeddable":true,"href":"https:\/\/blog.fh-kaernten.at\/lernstation-guk\/wp-json\/wp\/v2\/tags?post=157"}],"curies":[{"name":"wp","href":"https:\/\/api.w.org\/{rel}","templated":true}]}}