{"id":145,"date":"2021-02-03T09:27:33","date_gmt":"2021-02-03T08:27:33","guid":{"rendered":"http:\/\/blog.fh-kaernten.at\/lernstation-guk\/?p=145"},"modified":"2022-02-16T08:32:36","modified_gmt":"2022-02-16T07:32:36","slug":"neues-jahr","status":"publish","type":"post","link":"https:\/\/blog.fh-kaernten.at\/lernstation-guk\/2021\/02\/03\/neues-jahr\/","title":{"rendered":"\u2026neues Jahr"},"content":{"rendered":"\n<p>Hallo und herzlich willkommen zur\u00fcck \ud83d\ude0a<\/p>\n\n\n\n<p>Wir hoffen, euch geht es gut und ihr seid gut in das neue Jahr gestartet. Laura und ich hatten im Dezember frei, um uns voll und ganz unserer ersten Bachelorarbeit zu widmen. Nachdem diese nun fast abgeschlossen ist, freuen wir uns wieder im NTU Projekt durchstarten zu k\u00f6nnen.<\/p>\n\n\n\n<p>Es gab auch in der Zwischenzeit f\u00fcr uns einiges zu tun. Neben dem Praktikum im Krankenhaus, der Verfassung der ersten Bachelorarbeit und den regul\u00e4ren Arbeiten der Lehrveranstaltungen galt es einiges f\u00fcr die NTU zu organisieren. Beispielsweise wurde Organisatorisches, wie die Diensteinteilungen, vorbereitet. Da wir pro Tagdienst zu f\u00fcnft sein werden, sollten wir sehr viel Zeit f\u00fcr unsere Patient*innen haben. Geplant ist, diese Zeit gut zu nutzen und gezielte (Mikro-) Schulungen durchzuf\u00fchren. Diese dienen dazu, der betroffenen Person Wissen und K\u00f6nnen in einem bestimmten Bereich beizubringen. Das Praktikum im Krankenhaus der Elisabethinen findet auf einer Station f\u00fcr Akutgeriatrie und Remobilisation statt. Ich, Elena, habe bereits ein Praktikum auf einer Akutgeriatrie und Remobilisation in Wien absolviert und wei\u00df daher, dass sehr viele Patient*innen beispielsweise subkutane Heparinspritzen bekommen. Hier k\u00f6nnte eine Mikroschulung durchgef\u00fchrt werden, damit die betroffene Person dies selbstst\u00e4ndig durchf\u00fchren kann.<\/p>\n\n\n\n<p>Wir hatten bereits eine Lehrveranstaltung im Sinne von \u201eBeratungstechniken und -methoden in der Pflege\u201c. Bei dieser musste jede Gruppe einen Beratungsleitfaden f\u00fcr eine Mikroschulung entwerfen. Laura und ich haben also bei den \u00fcbrigen Studierenden nachgefragt und tats\u00e4chlich sechs Leitf\u00e4den von verschiedenen Gruppen zur Verf\u00fcgung gestellt bekommen. Diese werden nun von uns durchgelesen, adaptiert und an Frau Radl und Frau Wilhelmer weitergegeben.<\/p>\n\n\n\n<p>Weiters wird es nun langsam Zeit, dass Laura und ich beginnen den Dienstplan zu entwerfen. Da wir es nat\u00fcrlich allen recht machen m\u00f6chten, haben wir die Studentinnen in der WhatsApp Gruppe f\u00fcr NTU relevante Themen gefragt, ob es Termine gibt und ob jemand an bestimmten Tagen frei braucht. Hier warten wir noch auf R\u00fcckmeldungen seitens der anderen Teilnehmerinnen. Aber bis wir tats\u00e4chlich beginnen Dienste zu planen und einzuteilen, ist es noch ein wenig Zeit.<\/p>\n\n\n\n<p>Alles in allem freuen wir uns auf unser Abschlussjahr und nat\u00fcrlich in erster Linie auf das Praktikum auf der Lernstation.<\/p>\n\n\n\n<p>Laura und ich w\u00fcnschen euch allen nachtr\u00e4glich ein frohes neues Jahr, mit viel Gesundheit und Erfolg.<\/p>\n\n\n\n<p>Wir freuen uns immer, \u00fcber Kommentare, Meinungen und andere Anregungen.<\/p>\n\n\n\n<p>Bis zum n\u00e4chsten Mal \ud83d\ude0a<\/p>\n\n\n\n<p>Liebe Gr\u00fc\u00dfe,<\/p>\n\n\n\n<p>Elena und Laura<\/p>\n","protected":false},"excerpt":{"rendered":"<p>Wir hoffen, euch geht es gut und ihr seid gut in das neue Jahr gestartet. <\/p>\n","protected":false},"author":48,"featured_media":146,"comment_status":"open","ping_status":"open","sticky":false,"template":"post-templates\/post_nosidebar.php","format":"standard","meta":{"inline_featured_image":false,"footnotes":""},"categories":[3],"tags":[],"class_list":["post-145","post","type-post","status-publish","format-standard","has-post-thumbnail","hentry","category-talkabout"],"_links":{"self":[{"href":"https:\/\/blog.fh-kaernten.at\/lernstation-guk\/wp-json\/wp\/v2\/posts\/145","targetHints":{"allow":["GET"]}}],"collection":[{"href":"https:\/\/blog.fh-kaernten.at\/lernstation-guk\/wp-json\/wp\/v2\/posts"}],"about":[{"href":"https:\/\/blog.fh-kaernten.at\/lernstation-guk\/wp-json\/wp\/v2\/types\/post"}],"author":[{"embeddable":true,"href":"https:\/\/blog.fh-kaernten.at\/lernstation-guk\/wp-json\/wp\/v2\/users\/48"}],"replies":[{"embeddable":true,"href":"https:\/\/blog.fh-kaernten.at\/lernstation-guk\/wp-json\/wp\/v2\/comments?post=145"}],"version-history":[{"count":0,"href":"https:\/\/blog.fh-kaernten.at\/lernstation-guk\/wp-json\/wp\/v2\/posts\/145\/revisions"}],"wp:featuredmedia":[{"embeddable":true,"href":"https:\/\/blog.fh-kaernten.at\/lernstation-guk\/wp-json\/wp\/v2\/media\/146"}],"wp:attachment":[{"href":"https:\/\/blog.fh-kaernten.at\/lernstation-guk\/wp-json\/wp\/v2\/media?parent=145"}],"wp:term":[{"taxonomy":"category","embeddable":true,"href":"https:\/\/blog.fh-kaernten.at\/lernstation-guk\/wp-json\/wp\/v2\/categories?post=145"},{"taxonomy":"post_tag","embeddable":true,"href":"https:\/\/blog.fh-kaernten.at\/lernstation-guk\/wp-json\/wp\/v2\/tags?post=145"}],"curies":[{"name":"wp","href":"https:\/\/api.w.org\/{rel}","templated":true}]}}