{"id":135,"date":"2020-11-16T08:53:33","date_gmt":"2020-11-16T07:53:33","guid":{"rendered":"http:\/\/blog.fh-kaernten.at\/lernstation-guk\/?p=135"},"modified":"2022-02-16T08:32:11","modified_gmt":"2022-02-16T07:32:11","slug":"motivation","status":"publish","type":"post","link":"https:\/\/blog.fh-kaernten.at\/lernstation-guk\/2020\/11\/16\/motivation\/","title":{"rendered":"\u2026Motivation"},"content":{"rendered":"\n<p>Hallo und herzlich willkommen zur\u00fcck \ud83d\ude0a<\/p>\n\n\n\n<p>Langsam, aber sicher, steigt die Vorfreude der NTU Praktikantinnen auf die Umsetzung des Projekts. Unser Team der NTU wird aus insgesamt 15 Studierenden der FH K\u00e4rnten, Studiengang Gesundheits- und Krankenpflege, bestehen. Um alle Studierende in die Planung miteinzubeziehen und jede einzelne auf dem neuesten Stand der Planungen zu halten, haben Elena und ich beschlossen eine WhatsApp-Gruppe zu erstellen, wo Informationen ausgetauscht, Fragen gestellt und beantwortet werden und auf Anliegen der Studierenden im Bezug auf das Projekt eingegangen werden kann.<\/p>\n\n\n\n<p>Seit letzter Woche brannte Elena und mir eine Frage auf der Zunge, die wir unbedingt an die Studierenden stellen mussten. Und zwar: \u201eWas erwartet ihr euch eigentlich von dem Projekt NTU?\u201c Sofort haben wir die Frage in die WhatsApp-Gruppe gestellt und auf die Antworten der Studierenden gewartet. Es hat nicht lange gedauert, bis die Diskussion in der Gruppe begonnen hat. Hier einige Zitate der R\u00fcckmeldungen der Studierenden:<\/p>\n\n\n\n<p>\u201eIch habe mich f\u00fcr das Projekt \u00b4NTU\u00b4 beworben, weil ich mehr Selbstst\u00e4ndigkeit erlangen m\u00f6chte. In allen anderen Praktika haben wir immer die M\u00f6glichkeit und Versicherung, dass wir erfahrene Kollegen haben, die uns korrigieren und uns durchs Praktikum leiten. Ich sehe es als tolle Chance und pers\u00f6nlichen Vorteil, einmal auf uns allein gestellt zu sein. Au\u00dferdem bin ich \u00fcberzeugt, dass es sich in unserem Lebenslauf toll liest, wenn wir bei diesem Projekt dabei sein durften.\u201c \u2013 Saphira<\/p>\n\n\n\n<p>\u201eIch erwarte mir vom Projekt, mehr Selbstst\u00e4ndigkeit zu erlangen und zu sp\u00fcren, wie der tats\u00e4chliche Stationsablauf stattfindet als fertige DGKP.\u201c \u2013 Veronika<\/p>\n\n\n\n<p>\u201eF\u00fcr mich ist die NTU eine super Chance mehr Erfahrung und Eigenverantwortung zu gewinnen. Ich glaube, dass ich danach weniger Angst vom allein Arbeiten haben werde.\u201c \u2013 Emina<\/p>\n\n\n\n<p>\u201eIch bin interessiert an dem Projekt, weil es eine einmalige Chance ist, in unserer Ausbildungszeit, Verantwortung zu \u00fcbernehmen und ein Gef\u00fchl daf\u00fcr zu bekommen, was uns sp\u00e4ter erwarten wird. Es wird sicher eine neue Erfahrung sein das erste Mal keinen Mentor hinter sich zu haben, sondern wirklich auf sich allein gestellt zu sein.\u201c \u2013 Irina<\/p>\n\n\n\n<p>\u201eWir k\u00f6nnen, da wir alle auf dem gleichen Bildungsstand sind, sehr selbst\u00e4ndig und auf Augenh\u00f6he miteinander arbeiten.\u201c \u2013 Anna<\/p>\n\n\n\n<p>\u201eDurch die Lernstation will ich das gesamte Arbeitsspektrum einer DGKP sehen und kennenlernen. Das ist eine Chance f\u00fcr uns Aspekte \u00fcber unseren zuk\u00fcnftigen Beruf kennenzulernen, die man im normalen Praktikantenalltag nicht nahegelegt bekommt. Au\u00dferdem werden wir sehen, wie es ist, im normalen Arbeitsrhythmus zu agieren und unsere Teamf\u00e4higkeit weiter zu sch\u00e4rfen.\u201c \u2013 Nina<\/p>\n","protected":false},"excerpt":{"rendered":"<p>Die Vorfreude der NTU Praktikantinnen auf die Umsetzung des Projekts steigt.<\/p>\n","protected":false},"author":48,"featured_media":138,"comment_status":"open","ping_status":"open","sticky":false,"template":"post-templates\/post_nosidebar.php","format":"standard","meta":{"inline_featured_image":false,"footnotes":""},"categories":[3],"tags":[],"class_list":["post-135","post","type-post","status-publish","format-standard","has-post-thumbnail","hentry","category-talkabout"],"_links":{"self":[{"href":"https:\/\/blog.fh-kaernten.at\/lernstation-guk\/wp-json\/wp\/v2\/posts\/135","targetHints":{"allow":["GET"]}}],"collection":[{"href":"https:\/\/blog.fh-kaernten.at\/lernstation-guk\/wp-json\/wp\/v2\/posts"}],"about":[{"href":"https:\/\/blog.fh-kaernten.at\/lernstation-guk\/wp-json\/wp\/v2\/types\/post"}],"author":[{"embeddable":true,"href":"https:\/\/blog.fh-kaernten.at\/lernstation-guk\/wp-json\/wp\/v2\/users\/48"}],"replies":[{"embeddable":true,"href":"https:\/\/blog.fh-kaernten.at\/lernstation-guk\/wp-json\/wp\/v2\/comments?post=135"}],"version-history":[{"count":0,"href":"https:\/\/blog.fh-kaernten.at\/lernstation-guk\/wp-json\/wp\/v2\/posts\/135\/revisions"}],"wp:featuredmedia":[{"embeddable":true,"href":"https:\/\/blog.fh-kaernten.at\/lernstation-guk\/wp-json\/wp\/v2\/media\/138"}],"wp:attachment":[{"href":"https:\/\/blog.fh-kaernten.at\/lernstation-guk\/wp-json\/wp\/v2\/media?parent=135"}],"wp:term":[{"taxonomy":"category","embeddable":true,"href":"https:\/\/blog.fh-kaernten.at\/lernstation-guk\/wp-json\/wp\/v2\/categories?post=135"},{"taxonomy":"post_tag","embeddable":true,"href":"https:\/\/blog.fh-kaernten.at\/lernstation-guk\/wp-json\/wp\/v2\/tags?post=135"}],"curies":[{"name":"wp","href":"https:\/\/api.w.org\/{rel}","templated":true}]}}