{"id":129,"date":"2020-11-02T12:08:03","date_gmt":"2020-11-02T11:08:03","guid":{"rendered":"http:\/\/blog.fh-kaernten.at\/lernstation-guk\/?p=129"},"modified":"2020-11-02T12:08:03","modified_gmt":"2020-11-02T11:08:03","slug":"zusammenarbeit","status":"publish","type":"post","link":"https:\/\/blog.fh-kaernten.at\/lernstation-guk\/2020\/11\/02\/zusammenarbeit\/","title":{"rendered":"\u2026Zusammenarbeit"},"content":{"rendered":"\n<p><strong>Hallo an alle und herzlich Willkommen zur\u00fcck <\/strong>\ud83d\ude0a<\/p>\n\n\n\n<p>In diesem Blogbeitrag werden Laura und ich euch erz\u00e4hlen, was wir im Moment f\u00fcr die NTU zu tun haben und wie wir uns treffen, da sich Laura immer noch in England befindet.<\/p>\n\n\n\n<p>Vorweg \u2013 nat\u00fcrlich muss sie nicht jedes Mal nach Hause fliegen, oder ich zu ihr. In Zeiten wie diesen ist es m\u00f6glich, ein Online-Meeting abzuhalten \u2013 und genau das haben wir immer wieder gemacht. Oft hat das Internet nicht so funktioniert wie es h\u00e4tte sollen, aber auch dem zu Trotz haben wir alle unsere Aufgaben erf\u00fcllen k\u00f6nnen.<\/p>\n\n\n\n<p>\u00dcber die letzten zwei Wochen haben wir uns Online zusammengesetzt und einen Entwurf erstellt, wie die Theoriewoche ablaufen k\u00f6nnte. Dies war doch eher zeitaufw\u00e4ndig, da wir Gruppen einteilen und planen mussten, wer wann wo ist. Wir haben mit Hilfe von Frau Radl und Frau Wilhelmer geplant, wann welche Aktivit\u00e4ten stattfinden werden. Dazu z\u00e4hlen beispielsweise die Auffrischung des Theoriewissens mit einem Mediziner oder einer Medizinerin aus dem Elisabethinenkrankenhaus Klagenfurt, die Einf\u00fchrung in das Computerprogramm oder auch das Kennenlernen der Station. Wir haben hier versucht es allen Teilnehmerinnen recht zu machen, und die Gruppen so zusammenzuf\u00fcgen, dass alle zufrieden sind, und sich gut verstehen.<\/p>\n\n\n\n<p>Im zweiten Onlinetreffen haben wir \u00fcberlegt, wie wir einen Beurteilungsbogen f\u00fcr die NTU entwerfen k\u00f6nnten. Die erste \u00dcberlegung war, und diese haben wir auch beim letzten Meeting bereits besprochen, ob wir eine Gruppenbeurteilung m\u00f6chten, oder eine Einzelbeurteilung. Aus organisatorischen Gr\u00fcnden und auch, um die Teamf\u00e4higkeit zu st\u00e4rken, w\u00fcrden wir eine Beurteilung der Gesamtgruppenleistung bevorzugen, um ein Feedback zu unserer Teamf\u00e4higkeit zu erhalten.<\/p>\n\n\n\n<p>Damit aber jede an dieser Aufgabe wachsen und aus ihren Fehlern lernen kann, haben Laura und ich einen anonymen Bewertungsbogen entworfen. Dieser wird je von einer Studentin \u00fcber eine andere ausgef\u00fcllt. So bekommt jede ein individuelles Feedback von verschiedenen Personen \u00fcber einen l\u00e4ngeren Zeitraum. F\u00fcr uns war dies sehr wichtig, da das Praktikum an der NTU eines der letzten sein wird und wir dies als Chance sehen, unsere F\u00e4higkeiten zu st\u00e4rken und an unseren Schw\u00e4chen zu arbeiten, auch im Hinblick auf die letzten beiden Praktika nach der Lernstation. Somit sind wir dann ideal vorbereitet um im Herbst 2021 als fertig diplomierte Pflegekr\u00e4fte zu arbeiten zu beginnen.<\/p>\n\n\n\n<figure class=\"wp-block-gallery columns-2 is-cropped wp-block-gallery-1 is-layout-flex wp-block-gallery-is-layout-flex\"><ul class=\"blocks-gallery-grid\"><li class=\"blocks-gallery-item\"><figure><img fetchpriority=\"high\" decoding=\"async\" width=\"1024\" height=\"768\" src=\"https:\/\/blog.fh-kaernten.at\/lernstation-guk\/files\/2020\/11\/Arbeitsplatz.jpeg\" alt=\"\" data-id=\"131\" data-full-url=\"https:\/\/blog.fh-kaernten.at\/lernstation-guk\/files\/2020\/11\/Arbeitsplatz.jpeg\" data-link=\"https:\/\/blog.fh-kaernten.at\/lernstation-guk\/?attachment_id=131\" class=\"wp-image-131\" srcset=\"https:\/\/blog.fh-kaernten.at\/lernstation-guk\/files\/2020\/11\/Arbeitsplatz.jpeg 1024w, https:\/\/blog.fh-kaernten.at\/lernstation-guk\/files\/2020\/11\/Arbeitsplatz-300x225.jpeg 300w, https:\/\/blog.fh-kaernten.at\/lernstation-guk\/files\/2020\/11\/Arbeitsplatz-768x576.jpeg 768w, https:\/\/blog.fh-kaernten.at\/lernstation-guk\/files\/2020\/11\/Arbeitsplatz-830x623.jpeg 830w, https:\/\/blog.fh-kaernten.at\/lernstation-guk\/files\/2020\/11\/Arbeitsplatz-230x173.jpeg 230w, https:\/\/blog.fh-kaernten.at\/lernstation-guk\/files\/2020\/11\/Arbeitsplatz-350x263.jpeg 350w, https:\/\/blog.fh-kaernten.at\/lernstation-guk\/files\/2020\/11\/Arbeitsplatz-480x360.jpeg 480w\" sizes=\"(max-width: 1024px) 100vw, 1024px\" \/><\/figure><\/li><li class=\"blocks-gallery-item\"><figure><img decoding=\"async\" width=\"1024\" height=\"768\" src=\"https:\/\/blog.fh-kaernten.at\/lernstation-guk\/files\/2020\/11\/Stundenplan.jpeg\" alt=\"\" data-id=\"132\" data-full-url=\"https:\/\/blog.fh-kaernten.at\/lernstation-guk\/files\/2020\/11\/Stundenplan.jpeg\" data-link=\"https:\/\/blog.fh-kaernten.at\/lernstation-guk\/?attachment_id=132\" class=\"wp-image-132\" srcset=\"https:\/\/blog.fh-kaernten.at\/lernstation-guk\/files\/2020\/11\/Stundenplan.jpeg 1024w, https:\/\/blog.fh-kaernten.at\/lernstation-guk\/files\/2020\/11\/Stundenplan-300x225.jpeg 300w, https:\/\/blog.fh-kaernten.at\/lernstation-guk\/files\/2020\/11\/Stundenplan-768x576.jpeg 768w, https:\/\/blog.fh-kaernten.at\/lernstation-guk\/files\/2020\/11\/Stundenplan-830x623.jpeg 830w, https:\/\/blog.fh-kaernten.at\/lernstation-guk\/files\/2020\/11\/Stundenplan-230x173.jpeg 230w, https:\/\/blog.fh-kaernten.at\/lernstation-guk\/files\/2020\/11\/Stundenplan-350x263.jpeg 350w, https:\/\/blog.fh-kaernten.at\/lernstation-guk\/files\/2020\/11\/Stundenplan-480x360.jpeg 480w\" sizes=\"(max-width: 1024px) 100vw, 1024px\" \/><\/figure><\/li><\/ul><\/figure>\n\n\n\n<p>Wir hoffen nat\u00fcrlich, dass diese Idee bei den Projektgruppenmitgliedern am 09.11.2020 gut ankommen wird. Wir sind mit unseren Arbeitsauftr\u00e4gen f\u00fcr die NTU auf einem guten Weg, so dass uns jetzt ein wenig mehr Zeit bleibt f\u00fcr die FH zu arbeiten, da auch hier sehr viel ansteht. Mit Ende November beginnt bereits das n\u00e4chste Praktikum, die erste Bachelorarbeit muss geschrieben und die Aufgaben f\u00fcr die laufenden Lehrveranstaltungen absolviert werden. Also Laura und mir wird definitiv nie langweilig. \ud83d\ude0a<\/p>\n\n\n\n<p>Wir w\u00fcrden uns sehr \u00fcber einen Kommentar von dir freuen und gerne dein konstruktives Feedback zu diesem Blog lesen.<\/p>\n\n\n\n<p>Bis zum n\u00e4chsten Mal,<\/p>\n\n\n\n<p>Elena und Laura \ud83d\ude0a<\/p>\n","protected":false},"excerpt":{"rendered":"<p>In diesem Blogbeitrag werden Laura und ich euch erz\u00e4hlen, was wir im Moment f\u00fcr die NTU zu tun haben und wie wir uns treffen, da sich Laura immer noch in England befindet.<\/p>\n","protected":false},"author":48,"featured_media":130,"comment_status":"open","ping_status":"open","sticky":false,"template":"","format":"standard","meta":{"inline_featured_image":false,"footnotes":""},"categories":[3],"tags":[],"class_list":["post-129","post","type-post","status-publish","format-standard","has-post-thumbnail","hentry","category-talkabout"],"_links":{"self":[{"href":"https:\/\/blog.fh-kaernten.at\/lernstation-guk\/wp-json\/wp\/v2\/posts\/129","targetHints":{"allow":["GET"]}}],"collection":[{"href":"https:\/\/blog.fh-kaernten.at\/lernstation-guk\/wp-json\/wp\/v2\/posts"}],"about":[{"href":"https:\/\/blog.fh-kaernten.at\/lernstation-guk\/wp-json\/wp\/v2\/types\/post"}],"author":[{"embeddable":true,"href":"https:\/\/blog.fh-kaernten.at\/lernstation-guk\/wp-json\/wp\/v2\/users\/48"}],"replies":[{"embeddable":true,"href":"https:\/\/blog.fh-kaernten.at\/lernstation-guk\/wp-json\/wp\/v2\/comments?post=129"}],"version-history":[{"count":0,"href":"https:\/\/blog.fh-kaernten.at\/lernstation-guk\/wp-json\/wp\/v2\/posts\/129\/revisions"}],"wp:featuredmedia":[{"embeddable":true,"href":"https:\/\/blog.fh-kaernten.at\/lernstation-guk\/wp-json\/wp\/v2\/media\/130"}],"wp:attachment":[{"href":"https:\/\/blog.fh-kaernten.at\/lernstation-guk\/wp-json\/wp\/v2\/media?parent=129"}],"wp:term":[{"taxonomy":"category","embeddable":true,"href":"https:\/\/blog.fh-kaernten.at\/lernstation-guk\/wp-json\/wp\/v2\/categories?post=129"},{"taxonomy":"post_tag","embeddable":true,"href":"https:\/\/blog.fh-kaernten.at\/lernstation-guk\/wp-json\/wp\/v2\/tags?post=129"}],"curies":[{"name":"wp","href":"https:\/\/api.w.org\/{rel}","templated":true}]}}