{"id":1,"date":"2020-09-17T07:56:43","date_gmt":"2020-09-17T05:56:43","guid":{"rendered":"http:\/\/blog.fh-kaernten.at\/lernstation-guk\/?p=1"},"modified":"2020-09-21T10:10:06","modified_gmt":"2020-09-21T08:10:06","slug":"temporaere-lernstation-startet-im-fruehjahr-2021","status":"publish","type":"post","link":"https:\/\/blog.fh-kaernten.at\/lernstation-guk\/2020\/09\/17\/temporaere-lernstation-startet-im-fruehjahr-2021\/","title":{"rendered":"\u201eTempor\u00e4re Lernstation\u201cstartet im Fr\u00fchjahr 2021"},"content":{"rendered":"<div class=\"lead\">\n<p>Frei nach Immanuel Kant \u201eTheorie ohne Praxis ist leer, Praxis ohne Theorie ist blind\u201c, \u00fcbernehmen Studierende des 6. Semesters ab April 2021 f\u00fcr die Dauer eines Berufspraktikums, auf einer tempor\u00e4ren Lernstation im Krankenhaus der Elisabethinen (EKH) in Klagenfurt, die Rolle der diplomierten Gesundheits- und Krankenpflegeperson und damit die Verantwortung f\u00fcr Organisation, Planung und Durchf\u00fchrung der Pflege. Ende Februar fand in Klagenfurt die Auftaktveranstaltung zum Projektstart statt. Die Kooperationspartner stellten sich vor und pr\u00e4sentierten Projektziele, Inhalte und den Zeitplan zur Umsetzung.<\/p>\n<\/div>\n<div class=\"news-text-wrap\">\n<p>Studien zeigen, dass der \u00dcbergang von der Auszubildenden zur diplomierten Gesundheits- und Krankenpflegeperson (DGKP) von Berufsanf\u00e4ngerInnen als stressbehaftet wahrgenommen wird und sie sich nicht ausreichend auf ihre zuk\u00fcnftige Rolle als diplomierte Gesundheits- und Krankenpflegeperson und die damit verbundenen Aufgaben und Verantwortlichkeiten vorbereitet f\u00fchlen. Dies verweist auf die Notwendigkeit, dass bereits im Rahmen des Studiums Lernsituationen geschaffen werden m\u00fcssen, welche die Studierende auf diese Situationen vorbereiten. In speziellen Lernsettings sollten berufsspezifische F\u00e4higkeiten, Einstellungen und Strategien entwickelt werden k\u00f6nnen, um den Anforderungen im sp\u00e4teren Berufsleben gerecht zu werden. Eine \u201eLernstation\u201c ist eine Station, auf der Auszubildende der Gesundheits- und Krankenpflege f\u00fcr die Organisation, Betreuung und Pflege von PatientInnen selbst verantwortlich sind. Das Ziel dabei ist, dass Auszubildenden pflegerische T\u00e4tigkeiten direkt im Krankenhausalltag praxisbezogen und prozessbegleitend durchf\u00fchren k\u00f6nnen. Dabei werden sie von Pflegep\u00e4dagogInnen und PraxisanleiterInnen begleitet, die sich aber bewusst im Hintergrund halten. Internationale Studien \u00fcber klinische Lernumgebungen unterstreichen die positive Auswirkung auf das Lernen, die F\u00e4higkeit kritisch zu denken und Probleme zu l\u00f6sen.<\/p>\n<div id='gallery-1' class='gallery galleryid-1 gallery-columns-3 gallery-size-thumbnail'><figure class='gallery-item'>\n\t\t\t<div class='gallery-icon landscape'>\n\t\t\t\t<a href='https:\/\/blog.fh-kaernten.at\/lernstation-guk\/2020\/09\/17\/temporaere-lernstation-startet-im-fruehjahr-2021\/guk_kickoff__4\/'><img decoding=\"async\" width=\"150\" height=\"150\" src=\"https:\/\/blog.fh-kaernten.at\/lernstation-guk\/files\/2020\/09\/GUK_KICKoff__4-150x150.jpg\" class=\"attachment-thumbnail size-thumbnail\" alt=\"\" \/><\/a>\n\t\t\t<\/div><\/figure><figure class='gallery-item'>\n\t\t\t<div class='gallery-icon landscape'>\n\t\t\t\t<a href='https:\/\/blog.fh-kaernten.at\/lernstation-guk\/2020\/09\/17\/temporaere-lernstation-startet-im-fruehjahr-2021\/guk_kickoff__5\/'><img decoding=\"async\" width=\"150\" height=\"150\" src=\"https:\/\/blog.fh-kaernten.at\/lernstation-guk\/files\/2020\/09\/GUK_KICKoff__5-150x150.jpg\" class=\"attachment-thumbnail size-thumbnail\" alt=\"\" \/><\/a>\n\t\t\t<\/div><\/figure><figure class='gallery-item'>\n\t\t\t<div class='gallery-icon landscape'>\n\t\t\t\t<a href='https:\/\/blog.fh-kaernten.at\/lernstation-guk\/2020\/09\/17\/temporaere-lernstation-startet-im-fruehjahr-2021\/guk_kickoff__3\/'><img decoding=\"async\" width=\"150\" height=\"150\" src=\"https:\/\/blog.fh-kaernten.at\/lernstation-guk\/files\/2020\/09\/GUK_KICKoff__3-150x150.jpg\" class=\"attachment-thumbnail size-thumbnail\" alt=\"\" \/><\/a>\n\t\t\t<\/div><\/figure><figure class='gallery-item'>\n\t\t\t<div class='gallery-icon landscape'>\n\t\t\t\t<a href='https:\/\/blog.fh-kaernten.at\/lernstation-guk\/2020\/09\/17\/temporaere-lernstation-startet-im-fruehjahr-2021\/guk_kickoff__2\/'><img loading=\"lazy\" decoding=\"async\" width=\"150\" height=\"150\" src=\"https:\/\/blog.fh-kaernten.at\/lernstation-guk\/files\/2020\/09\/GUK_KICKoff__2-150x150.jpg\" class=\"attachment-thumbnail size-thumbnail\" alt=\"\" \/><\/a>\n\t\t\t<\/div><\/figure><figure class='gallery-item'>\n\t\t\t<div class='gallery-icon landscape'>\n\t\t\t\t<a href='https:\/\/blog.fh-kaernten.at\/lernstation-guk\/2020\/09\/17\/temporaere-lernstation-startet-im-fruehjahr-2021\/guk_kickoff__1\/'><img loading=\"lazy\" decoding=\"async\" width=\"150\" height=\"150\" src=\"https:\/\/blog.fh-kaernten.at\/lernstation-guk\/files\/2020\/09\/GUK_KICKoff__1-150x150.jpg\" class=\"attachment-thumbnail size-thumbnail\" alt=\"\" \/><\/a>\n\t\t\t<\/div><\/figure>\n\t\t<\/div>\n\n<p>Eine solche Lernstation wird im Studiengang Gesundheits- und Krankenpflege in Kooperation mit dem A.\u00f6. Krankenhaus der Elisabethinen im Rahmen des Projekts eingerichtet. Die Umsetzung erfolgt tempor\u00e4r im Rahmen eines Praktikums im 6. Semester. Dabei sind insgesamt 14-15 StudentInnen Tag und Nacht f\u00fcr max. 24 PatientInnen zust\u00e4ndig. Der Organisationsablauf sowie die gesamte Pflege und Betreuung der PatientInnen f\u00e4llt dabei in den Verantwortungsbereich der Studierenden. Die Begleitung erfolgt dabei durch 2 PraxisanleiterInnen (am Tag), geschulte DGKP (nachts) und Pflegep\u00e4dagogInnen (am Tag). Die PraxisanleiterInnen sind dabei f\u00fcr die fachliche Begleitung verantwortlich, die Pflegep\u00e4dagogInnen f\u00fcr die Reflexion.<\/p>\n<p>Ziel der Lernstation ist es, den Studierenden in gesch\u00fctzter Umgebung die M\u00f6glichkeit zu geben, die Verantwortung zu \u00fcbernehmen und alle notwendigen T\u00e4tigkeiten in der Rolle und Funktion der DGKP im Rahmen der PatientInnenbetreuung durchzuf\u00fchren. Das hei\u00dft, Studierende \u00fcbernehmen den gesamten Pflegeprozess, die Organisation, die Planung und die Durchf\u00fchrung von der Aufnahme bis zur Entlassung der PatientInnen f\u00fcr die Dauer von 2-3 Wochen. Vorab planen die Studierenden den Stationsablauf und den Dienstplan eigenst\u00e4ndig. Hinsichtlich der medizinischen und therapeutischen Behandlung unterscheidet sich die Lernstation nicht von anderen Stationen. Mit der Durchf\u00fchrung dieses Projekts folgt die FH K\u00e4rnten der geforderten praxisnahen und modernen Ausbildung der Gesundheits- und Krankheitspflege wie sie im skandinavischen Raum bereits gelebt wird, frei nach Immanuel Kant \u201eTheorie ohne Praxis ist leer, Praxis ohne Theorie ist blind\u201c.<\/p>\n<p>Durch die Kooperation mit dem A. \u00f6. Krankenhaus der Elisabethinen bietet sich f\u00fcr die FH K\u00e4rnten die M\u00f6glichkeit, diese Form eines Praktikums als eine der ersten Fachhochschulen anzubieten. Die BewerberInnen f\u00fcr ein Pflegestudium haben die M\u00f6glichkeit aus unterschiedlichen Fachhochschulen in ganz \u00d6sterreich zu w\u00e4hlen \u2013 das Anbieten eines Praktikums auf einer \u201eLernstation\u201c (als einzige in S\u00fcd\u00f6sterreich) bedeutet einen zus\u00e4tzlichen Attraktivit\u00e4tsgewinn f\u00fcr den Studiengang Gesundheits- und Krankenpflege an der FH K\u00e4rnten. Es erm\u00f6glicht neue Zug\u00e4nge zum reflektierten, l\u00f6sungsorientierten und selbstgesteuerten Lernen. Bei einer positiven Pilotierung ist auch die M\u00f6glichkeit f\u00fcr Folgeprojekte mitzudenken.<br \/>\nErweitert werden kann das Konzept auch auf andere Gesundheitsberufe \u2013 z.B. k\u00f6nnten StudentInnen der Physio- und\/oder Ergotherapie ein Praktikum auf der tempor\u00e4ren Lernstation absolvieren. Wenn die Umsetzung erfolgreich verl\u00e4uft, k\u00f6nnte zuk\u00fcnftig ein zweites Praktikum angeboten werden um mehreren Studierenden die M\u00f6glichkeit zu geben auf der Lernstation Erfahrungen f\u00fcr den sp\u00e4teren Berufsalltag zu sammeln.<\/p>\n<\/div>\n","protected":false},"excerpt":{"rendered":"<p>Der Studiengang Gesundheits- und Krankenpflege startet im Fr\u00fchjahr 2021 mit \u201etempor\u00e4rer Lernstation\u201c im Krankenhaus der Elisabethinen (EKH) in Klagenfurt.<\/p>\n","protected":false},"author":48,"featured_media":41,"comment_status":"open","ping_status":"open","sticky":false,"template":"elementor_header_footer","format":"standard","meta":{"inline_featured_image":false,"footnotes":""},"categories":[1],"tags":[],"class_list":["post-1","post","type-post","status-publish","format-standard","has-post-thumbnail","hentry","category-allgemein"],"_links":{"self":[{"href":"https:\/\/blog.fh-kaernten.at\/lernstation-guk\/wp-json\/wp\/v2\/posts\/1","targetHints":{"allow":["GET"]}}],"collection":[{"href":"https:\/\/blog.fh-kaernten.at\/lernstation-guk\/wp-json\/wp\/v2\/posts"}],"about":[{"href":"https:\/\/blog.fh-kaernten.at\/lernstation-guk\/wp-json\/wp\/v2\/types\/post"}],"author":[{"embeddable":true,"href":"https:\/\/blog.fh-kaernten.at\/lernstation-guk\/wp-json\/wp\/v2\/users\/48"}],"replies":[{"embeddable":true,"href":"https:\/\/blog.fh-kaernten.at\/lernstation-guk\/wp-json\/wp\/v2\/comments?post=1"}],"version-history":[{"count":0,"href":"https:\/\/blog.fh-kaernten.at\/lernstation-guk\/wp-json\/wp\/v2\/posts\/1\/revisions"}],"wp:featuredmedia":[{"embeddable":true,"href":"https:\/\/blog.fh-kaernten.at\/lernstation-guk\/wp-json\/wp\/v2\/media\/41"}],"wp:attachment":[{"href":"https:\/\/blog.fh-kaernten.at\/lernstation-guk\/wp-json\/wp\/v2\/media?parent=1"}],"wp:term":[{"taxonomy":"category","embeddable":true,"href":"https:\/\/blog.fh-kaernten.at\/lernstation-guk\/wp-json\/wp\/v2\/categories?post=1"},{"taxonomy":"post_tag","embeddable":true,"href":"https:\/\/blog.fh-kaernten.at\/lernstation-guk\/wp-json\/wp\/v2\/tags?post=1"}],"curies":[{"name":"wp","href":"https:\/\/api.w.org\/{rel}","templated":true}]}}