{"id":999,"date":"2022-03-29T13:55:34","date_gmt":"2022-03-29T11:55:34","guid":{"rendered":"https:\/\/blog.fh-kaernten.at\/klemenjak\/?p=999"},"modified":"2024-02-05T12:15:13","modified_gmt":"2024-02-05T10:15:13","slug":"verleihung-der-zertifikate-an-die-absolventinnen-des-zertifikatslehrganges","status":"publish","type":"post","link":"https:\/\/blog.fh-kaernten.at\/klemenjak\/2022\/03\/29\/verleihung-der-zertifikate-an-die-absolventinnen-des-zertifikatslehrganges\/","title":{"rendered":"Verleihung der Zertifikate an die Absolvent*innen des Zertifikatslehrganges &#8222;Soziale Handlungskompetenzen f\u00fcr die Betriebsratst\u00e4tigkeit&#8220;"},"content":{"rendered":"<p><a href=\"http:\/\/blog.fh-kaernten.at\/klemenjak\/files\/2022\/03\/U0A5115-scaled.jpg\"><img fetchpriority=\"high\" decoding=\"async\" class=\"size-medium wp-image-1000 alignleft\" src=\"http:\/\/blog.fh-kaernten.at\/klemenjak\/files\/2022\/03\/U0A5115-300x200.jpg\" alt=\"\" width=\"300\" height=\"200\" srcset=\"https:\/\/blog.fh-kaernten.at\/klemenjak\/files\/2022\/03\/U0A5115-300x200.jpg 300w, https:\/\/blog.fh-kaernten.at\/klemenjak\/files\/2022\/03\/U0A5115-1024x683.jpg 1024w, https:\/\/blog.fh-kaernten.at\/klemenjak\/files\/2022\/03\/U0A5115-768x512.jpg 768w, https:\/\/blog.fh-kaernten.at\/klemenjak\/files\/2022\/03\/U0A5115-1536x1024.jpg 1536w, https:\/\/blog.fh-kaernten.at\/klemenjak\/files\/2022\/03\/U0A5115-2048x1365.jpg 2048w\" sizes=\"(max-width: 300px) 100vw, 300px\" \/><\/a><\/p>\n<p>Fotonachweis: (c) AK K\u00e4rnten\/Gernot Gleiss<\/p>\n<p>Am Freitag, 25. M\u00e4rz 2022 wurden am Campus Feldkirchen der Fachhochschule K\u00e4rnten an die Absolvent*innen des Zertifikatslehrganges &#8222;Soziale Handlungskompetenzen f\u00fcr die Betriebsratst\u00e4tigkeit&#8220; die Zertifikate verliehen. Es gratulierten: AK-Vizepr\u00e4sidentin Uschi Heitzer, der Leiter des Studienbereichs Gesundheit &amp; Soziales FH-Prof. Dr. Holger Penz, der Leiter der AK-Bildungsabteilung Mag. Peter Reichmann, die Leiterin des FH-Weiterbildungszentrums Mag. Carmen Zernig-Malatschnig sowie die Lehrgangsleiter FH-Prof. Dr. Martin Klemenjak und Mag. Daniel Weidlitsch.<\/p>\n<p>Dieser Zertifikatslehrgang umfasste zwei Semester, acht Semesterwochenstunden bzw. 120 Unterrichtseinheiten. Bei erbrachtem Leistungsnachweis (Projektarbeit) konnten acht 8 ECTS erworben werden. Gegliedert in acht Module standen neben Grundlagen, insbesondere die Themenfelder Selbstverst\u00e4ndnis des Betriebsrates, exemplarisch ausgew\u00e4hlte Handlungsfelder im betrieblichen Kontext, erfolgreiche Gespr\u00e4chsf\u00fchrung, Umgang mit Konflikten, Umgang mit besonderen bzw. herausfordernden Situationen, Verhandlungen erfolgreich f\u00fchren sowie die Vernetzungsarbeit im Fokus.<\/p>\n","protected":false},"excerpt":{"rendered":"<p>Fotonachweis: (c) AK K\u00e4rnten\/Gernot Gleiss Am Freitag, 25. M\u00e4rz 2022 wurden am Campus Feldkirchen der Fachhochschule K\u00e4rnten an die Absolvent*innen des Zertifikatslehrganges &#8222;Soziale Handlungskompetenzen f\u00fcr die Betriebsratst\u00e4tigkeit&#8220; die Zertifikate verliehen. Es gratulierten: AK-Vizepr\u00e4sidentin Uschi Heitzer, der Leiter des Studienbereichs Gesundheit &amp; Soziales FH-Prof. Dr. Holger Penz, der Leiter der AK-Bildungsabteilung Mag. Peter Reichmann, die Leiterin [&hellip;]<\/p>\n","protected":false},"author":67,"featured_media":1000,"comment_status":"open","ping_status":"open","sticky":false,"template":"","format":"standard","meta":{"inline_featured_image":false,"footnotes":""},"categories":[1],"tags":[],"class_list":["post-999","post","type-post","status-publish","format-standard","has-post-thumbnail","hentry","category-allgemein"],"_links":{"self":[{"href":"https:\/\/blog.fh-kaernten.at\/klemenjak\/wp-json\/wp\/v2\/posts\/999","targetHints":{"allow":["GET"]}}],"collection":[{"href":"https:\/\/blog.fh-kaernten.at\/klemenjak\/wp-json\/wp\/v2\/posts"}],"about":[{"href":"https:\/\/blog.fh-kaernten.at\/klemenjak\/wp-json\/wp\/v2\/types\/post"}],"author":[{"embeddable":true,"href":"https:\/\/blog.fh-kaernten.at\/klemenjak\/wp-json\/wp\/v2\/users\/67"}],"replies":[{"embeddable":true,"href":"https:\/\/blog.fh-kaernten.at\/klemenjak\/wp-json\/wp\/v2\/comments?post=999"}],"version-history":[{"count":0,"href":"https:\/\/blog.fh-kaernten.at\/klemenjak\/wp-json\/wp\/v2\/posts\/999\/revisions"}],"wp:featuredmedia":[{"embeddable":true,"href":"https:\/\/blog.fh-kaernten.at\/klemenjak\/wp-json\/wp\/v2\/media\/1000"}],"wp:attachment":[{"href":"https:\/\/blog.fh-kaernten.at\/klemenjak\/wp-json\/wp\/v2\/media?parent=999"}],"wp:term":[{"taxonomy":"category","embeddable":true,"href":"https:\/\/blog.fh-kaernten.at\/klemenjak\/wp-json\/wp\/v2\/categories?post=999"},{"taxonomy":"post_tag","embeddable":true,"href":"https:\/\/blog.fh-kaernten.at\/klemenjak\/wp-json\/wp\/v2\/tags?post=999"}],"curies":[{"name":"wp","href":"https:\/\/api.w.org\/{rel}","templated":true}]}}