{"id":973,"date":"2021-10-22T16:10:49","date_gmt":"2021-10-22T14:10:49","guid":{"rendered":"https:\/\/blog.fh-kaernten.at\/klemenjak\/?p=973"},"modified":"2021-10-22T16:20:08","modified_gmt":"2021-10-22T14:20:08","slug":"kaerntner-gespraeche-zur-demokratiepolitischen-bildung-2021-wie-lange-koennen-wir-uns-das-noch-leisten-warum-verteilungsgerechtigkeit-die-demokratie-foerdert-2","status":"publish","type":"post","link":"https:\/\/blog.fh-kaernten.at\/klemenjak\/2021\/10\/22\/kaerntner-gespraeche-zur-demokratiepolitischen-bildung-2021-wie-lange-koennen-wir-uns-das-noch-leisten-warum-verteilungsgerechtigkeit-die-demokratie-foerdert-2\/","title":{"rendered":"K\u00e4rntner Gespr\u00e4che zur demokratiepolitischen Bildung 2021: Wie lange k\u00f6nnen wir uns das noch leisten? &#8211; Warum Verteilungsgerechtigkeit die Demokratie f\u00f6rdert"},"content":{"rendered":"<p><a href=\"http:\/\/blog.fh-kaernten.at\/klemenjak\/files\/2021\/10\/Foto-6.jpg\"><img fetchpriority=\"high\" decoding=\"async\" class=\"alignnone size-medium wp-image-975\" src=\"http:\/\/blog.fh-kaernten.at\/klemenjak\/files\/2021\/10\/Foto-6-300x200.jpg\" alt=\"\" width=\"300\" height=\"200\" srcset=\"https:\/\/blog.fh-kaernten.at\/klemenjak\/files\/2021\/10\/Foto-6-300x200.jpg 300w, https:\/\/blog.fh-kaernten.at\/klemenjak\/files\/2021\/10\/Foto-6-1024x683.jpg 1024w, https:\/\/blog.fh-kaernten.at\/klemenjak\/files\/2021\/10\/Foto-6-768x512.jpg 768w, https:\/\/blog.fh-kaernten.at\/klemenjak\/files\/2021\/10\/Foto-6-1536x1024.jpg 1536w, https:\/\/blog.fh-kaernten.at\/klemenjak\/files\/2021\/10\/Foto-6.jpg 2048w\" sizes=\"(max-width: 300px) 100vw, 300px\" \/><\/a><\/p>\n<p>Am Donnerstag, 21. Oktober 2021 fanden zum mittlerweile zehnten Mal die \u201eK\u00e4rntner Gespr\u00e4che zur demokratiepolitischen Bildung\u201c im Konferenzsaal der AK K\u00e4rnten statt. Auch wurde die gesamte Tagung online \u00fcbertragen. Dabei handelt es sich um eine Kooperationsveranstaltung der Kammer f\u00fcr Arbeiter und Angestellte f\u00fcr K\u00e4rnten mit dem Verband \u00d6sterreichischer gewerkschaftlicher Bildung, dem Institut f\u00fcr die Geschichte der K\u00e4rntner Arbeiterbewegung, der P\u00e4dagogischen Hochschule K\u00e4rnten \u2013 Viktor Frankl Hochschule, der Universit\u00e4t Klagenfurt, der Bildungsdirektion K\u00e4rnten, den K\u00e4rntner Volkshochschulen, dem Universit\u00e4ts.club|Wissenschaftsverein K\u00e4rnten und dem Studiengang Soziale Arbeit der Fachhochschule K\u00e4rnten. Das Tagungsthema lautete: \u201eWie lange k\u00f6nnen wir uns das noch leisten? &#8211; Warum Verteilungsgerechtigkeit die Demokratie f\u00f6rdert&#8220;.<\/p>\n<p>Nach der Begr\u00fc\u00dfung und Einleitung durch Vertreter*innen der Arbeiterkammer K\u00e4rnten formulierte Landeshauptmann Peter Kaiser einige grunds\u00e4tzliche \u00dcberlegungen zum Tagungsthema. Die Teilnehmenden konnten sich an der folgenden Diskussion beteiligen. Danach standen drei Key-Notes mit anschlie\u00dfender Diskussion im Plenum auf dem Programm. Die Online-Teilnehmer*innen konnten sich via Chat an der Tagung beteiligen.<\/p>\n<p>Die Key-Notes und die Referent*innen im \u00dcberblick:<\/p>\n<ul>\n<li>Kipppunkte der Demokratie (Tamara Ehs &#8211; Demokratiewissenschafterin, Wien)<\/li>\n<li>Verm\u00f6genskonzentration nach der Pandemie (Martin Sch\u00fcrz &#8211; \u00d6konom und Lektor an der WU Wien)<\/li>\n<li>Verteilungsgerechtigkeit jenseits der imperialen Lebensweise &#8211; Dilemmata progressiver Gewerkschaftspolitik (Ulrich Brand &#8211; Politikwissenschafter, Universit\u00e4t Wien)<\/li>\n<\/ul>\n<p>Den Abschluss der diesj\u00e4hrigen Fachtagung stellte wieder ein moderiertes Gespr\u00e4ch dar. Teilnehmer*innen: Kooperationspartner*innen, Referent*innen und Ute Liepold (Philosophin, Lehrbeauftragte an der Universit\u00e4t Klagenfurt, Gr\u00fcnderin von \u201eTheater Wolkenflug&#8220;).<\/p>\n<p>Moderiert wurden die \u201eK\u00e4rntner Gespr\u00e4che zur demokratiepolitischen Bildung 2021\u201c von Daniel Weidlitsch (AK K\u00e4rnten).<\/p>\n<p>Fotohinweis: Arbeiterkammer K\u00e4rnten<\/p>\n","protected":false},"excerpt":{"rendered":"<p>Am Donnerstag, 21. Oktober 2021 fanden zum mittlerweile zehnten Mal die \u201eK\u00e4rntner Gespr\u00e4che zur demokratiepolitischen Bildung\u201c im Konferenzsaal der AK K\u00e4rnten statt. Auch wurde die gesamte Tagung online \u00fcbertragen. Dabei handelt es sich um eine Kooperationsveranstaltung der Kammer f\u00fcr Arbeiter und Angestellte f\u00fcr K\u00e4rnten mit dem Verband \u00d6sterreichischer gewerkschaftlicher Bildung, dem Institut f\u00fcr die Geschichte [&hellip;]<\/p>\n","protected":false},"author":67,"featured_media":975,"comment_status":"open","ping_status":"open","sticky":false,"template":"","format":"standard","meta":{"inline_featured_image":false,"footnotes":""},"categories":[1],"tags":[],"class_list":["post-973","post","type-post","status-publish","format-standard","has-post-thumbnail","hentry","category-allgemein"],"_links":{"self":[{"href":"https:\/\/blog.fh-kaernten.at\/klemenjak\/wp-json\/wp\/v2\/posts\/973","targetHints":{"allow":["GET"]}}],"collection":[{"href":"https:\/\/blog.fh-kaernten.at\/klemenjak\/wp-json\/wp\/v2\/posts"}],"about":[{"href":"https:\/\/blog.fh-kaernten.at\/klemenjak\/wp-json\/wp\/v2\/types\/post"}],"author":[{"embeddable":true,"href":"https:\/\/blog.fh-kaernten.at\/klemenjak\/wp-json\/wp\/v2\/users\/67"}],"replies":[{"embeddable":true,"href":"https:\/\/blog.fh-kaernten.at\/klemenjak\/wp-json\/wp\/v2\/comments?post=973"}],"version-history":[{"count":0,"href":"https:\/\/blog.fh-kaernten.at\/klemenjak\/wp-json\/wp\/v2\/posts\/973\/revisions"}],"wp:featuredmedia":[{"embeddable":true,"href":"https:\/\/blog.fh-kaernten.at\/klemenjak\/wp-json\/wp\/v2\/media\/975"}],"wp:attachment":[{"href":"https:\/\/blog.fh-kaernten.at\/klemenjak\/wp-json\/wp\/v2\/media?parent=973"}],"wp:term":[{"taxonomy":"category","embeddable":true,"href":"https:\/\/blog.fh-kaernten.at\/klemenjak\/wp-json\/wp\/v2\/categories?post=973"},{"taxonomy":"post_tag","embeddable":true,"href":"https:\/\/blog.fh-kaernten.at\/klemenjak\/wp-json\/wp\/v2\/tags?post=973"}],"curies":[{"name":"wp","href":"https:\/\/api.w.org\/{rel}","templated":true}]}}