{"id":959,"date":"2021-09-30T15:00:25","date_gmt":"2021-09-30T13:00:25","guid":{"rendered":"https:\/\/blog.fh-kaernten.at\/klemenjak\/?p=959"},"modified":"2021-09-30T15:19:38","modified_gmt":"2021-09-30T13:19:38","slug":"kaerntner-gespraeche-zur-demokratiepolitischen-bildung-2021-wie-lange-koennen-wir-uns-das-noch-leisten-warum-verteilungsgerechtigkeit-die-demokratie-foerdert","status":"publish","type":"post","link":"https:\/\/blog.fh-kaernten.at\/klemenjak\/2021\/09\/30\/kaerntner-gespraeche-zur-demokratiepolitischen-bildung-2021-wie-lange-koennen-wir-uns-das-noch-leisten-warum-verteilungsgerechtigkeit-die-demokratie-foerdert\/","title":{"rendered":"K\u00e4rntner Gespr\u00e4che zur demokratiepolitischen Bildung 2021: Wie lange k\u00f6nnen wir uns das noch leisten? &#8211; Warum Verteilungsgerechtigkeit die Demokratie f\u00f6rdert"},"content":{"rendered":"<p><a href=\"http:\/\/blog.fh-kaernten.at\/klemenjak\/files\/2021\/09\/csm_Screenshot__504__6453f24e47.png\"><img fetchpriority=\"high\" decoding=\"async\" class=\"alignnone size-medium wp-image-967\" src=\"http:\/\/blog.fh-kaernten.at\/klemenjak\/files\/2021\/09\/csm_Screenshot__504__6453f24e47-300x168.png\" alt=\"\" width=\"300\" height=\"168\" srcset=\"https:\/\/blog.fh-kaernten.at\/klemenjak\/files\/2021\/09\/csm_Screenshot__504__6453f24e47-300x168.png 300w, https:\/\/blog.fh-kaernten.at\/klemenjak\/files\/2021\/09\/csm_Screenshot__504__6453f24e47-768x431.png 768w, https:\/\/blog.fh-kaernten.at\/klemenjak\/files\/2021\/09\/csm_Screenshot__504__6453f24e47.png 800w\" sizes=\"(max-width: 300px) 100vw, 300px\" \/><\/a><\/p>\n<p>Diese Tagung besch\u00e4ftigt sich mit dem Thema \u201eWie lange k\u00f6nnen wir uns das noch leisten? \u2013 Warum Verteilungsgerechtigkeit die Demokratie f\u00f6rdert&#8220; und findet am <strong>Donnerstag, 21. Oktober 2021 <\/strong>\u2013 in der Zeit von 9:00 bis 13:30 Uhr \u2013 im Konferenzsaal der AK K\u00e4rnten <strong>\u00a0in Klagenfurt<\/strong>\u00a0statt.<\/p>\n<p><a href=\"http:\/\/blog.fh-kaernten.at\/klemenjak\/files\/2021\/09\/Einladung-Programm.pdf\">Einladung &amp; Programm<\/a><\/p>\n<p><strong>Informationen &amp; Anmeldung zur Online-Teilnahme:<br \/>\n<\/strong>AK K\u00e4rnten, T: 050 477-2303,<br \/>\nE: bildung@akktn.at,<br \/>\nkaernten.arbeiterkammer.at\/ktn-gespraeche<\/p>\n","protected":false},"excerpt":{"rendered":"<p>Diese Tagung besch\u00e4ftigt sich mit dem Thema \u201eWie lange k\u00f6nnen wir uns das noch leisten? \u2013 Warum Verteilungsgerechtigkeit die Demokratie f\u00f6rdert&#8220; und findet am Donnerstag, 21. Oktober 2021 \u2013 in der Zeit von 9:00 bis 13:30 Uhr \u2013 im Konferenzsaal der AK K\u00e4rnten \u00a0in Klagenfurt\u00a0statt. Einladung &amp; Programm Informationen &amp; Anmeldung zur Online-Teilnahme: AK K\u00e4rnten, [&hellip;]<\/p>\n","protected":false},"author":67,"featured_media":967,"comment_status":"open","ping_status":"open","sticky":false,"template":"","format":"standard","meta":{"inline_featured_image":false,"footnotes":""},"categories":[1],"tags":[],"class_list":["post-959","post","type-post","status-publish","format-standard","has-post-thumbnail","hentry","category-allgemein"],"_links":{"self":[{"href":"https:\/\/blog.fh-kaernten.at\/klemenjak\/wp-json\/wp\/v2\/posts\/959","targetHints":{"allow":["GET"]}}],"collection":[{"href":"https:\/\/blog.fh-kaernten.at\/klemenjak\/wp-json\/wp\/v2\/posts"}],"about":[{"href":"https:\/\/blog.fh-kaernten.at\/klemenjak\/wp-json\/wp\/v2\/types\/post"}],"author":[{"embeddable":true,"href":"https:\/\/blog.fh-kaernten.at\/klemenjak\/wp-json\/wp\/v2\/users\/67"}],"replies":[{"embeddable":true,"href":"https:\/\/blog.fh-kaernten.at\/klemenjak\/wp-json\/wp\/v2\/comments?post=959"}],"version-history":[{"count":0,"href":"https:\/\/blog.fh-kaernten.at\/klemenjak\/wp-json\/wp\/v2\/posts\/959\/revisions"}],"wp:featuredmedia":[{"embeddable":true,"href":"https:\/\/blog.fh-kaernten.at\/klemenjak\/wp-json\/wp\/v2\/media\/967"}],"wp:attachment":[{"href":"https:\/\/blog.fh-kaernten.at\/klemenjak\/wp-json\/wp\/v2\/media?parent=959"}],"wp:term":[{"taxonomy":"category","embeddable":true,"href":"https:\/\/blog.fh-kaernten.at\/klemenjak\/wp-json\/wp\/v2\/categories?post=959"},{"taxonomy":"post_tag","embeddable":true,"href":"https:\/\/blog.fh-kaernten.at\/klemenjak\/wp-json\/wp\/v2\/tags?post=959"}],"curies":[{"name":"wp","href":"https:\/\/api.w.org\/{rel}","templated":true}]}}