{"id":942,"date":"2021-03-16T10:07:01","date_gmt":"2021-03-16T08:07:01","guid":{"rendered":"https:\/\/blog.fh-kaernten.at\/klemenjak\/?p=942"},"modified":"2021-03-16T10:07:01","modified_gmt":"2021-03-16T08:07:01","slug":"neuerscheinung-wandel-der-erwerbsarbeit-innovative-ansaetze-der-inklusion","status":"publish","type":"post","link":"https:\/\/blog.fh-kaernten.at\/klemenjak\/2021\/03\/16\/neuerscheinung-wandel-der-erwerbsarbeit-innovative-ansaetze-der-inklusion\/","title":{"rendered":"Neuerscheinung: Wandel der Erwerbsarbeit &#8211; Innovative Ans\u00e4tze der Inklusion"},"content":{"rendered":"<p>Am Mittwoch, 10. M\u00e4rz 2021 ist der Sammelband &#8222;Wandel der Erwerbsarbeit &#8211; Innovative Ans\u00e4tze der Inklusion&#8220;, herausgegeben von Helmut Arnold, Susanne Dungs, Martin Klemenjak und Christine Pichler, erschienen.<\/p>\n<p>Der Band stellt die Fragen in den Fokus, durch welche Ma\u00dfnahmen Inklusion in die Arbeitswelt f\u00fcr alle Gesellschaftsmitglieder gelingen kann und welche Benachteiligungen marginalisierte Gruppen am Arbeitsmarkt erfahren. Die gesellschaftliche Teilhabe und der individuelle Selbstwert sind stark mit einer Erwerbsarbeit verkn\u00fcpft. Im Mittelpunkt der Auseinandersetzungen stehen drei Aspekte: die Bedeutung von Arbeit f\u00fcr Menschen, Herausforderungen f\u00fcr Menschen mit Behinderungen und\/oder Benachteiligungen am Erwerbsmarkt und eine Auswahl von Best-Practice Beispielen der Arbeitsmarktintegration und -inklusion.<\/p>\n<p>Details zur Publikation k\u00f6nnen dem <a href=\"http:\/\/blog.fh-kaernten.at\/klemenjak\/files\/2021\/03\/Flyer.pdf\">Flyer<\/a> entnommen werden.<\/p>\n","protected":false},"excerpt":{"rendered":"<p>Am Mittwoch, 10. M\u00e4rz 2021 ist der Sammelband &#8222;Wandel der Erwerbsarbeit &#8211; Innovative Ans\u00e4tze der Inklusion&#8220;, herausgegeben von Helmut Arnold, Susanne Dungs, Martin Klemenjak und Christine Pichler, erschienen. Der Band stellt die Fragen in den Fokus, durch welche Ma\u00dfnahmen Inklusion in die Arbeitswelt f\u00fcr alle Gesellschaftsmitglieder gelingen kann und welche Benachteiligungen marginalisierte Gruppen am Arbeitsmarkt [&hellip;]<\/p>\n","protected":false},"author":67,"featured_media":943,"comment_status":"open","ping_status":"open","sticky":false,"template":"","format":"image","meta":{"inline_featured_image":false,"footnotes":""},"categories":[1],"tags":[],"class_list":["post-942","post","type-post","status-publish","format-image","has-post-thumbnail","hentry","category-allgemein","post_format-post-format-image"],"_links":{"self":[{"href":"https:\/\/blog.fh-kaernten.at\/klemenjak\/wp-json\/wp\/v2\/posts\/942","targetHints":{"allow":["GET"]}}],"collection":[{"href":"https:\/\/blog.fh-kaernten.at\/klemenjak\/wp-json\/wp\/v2\/posts"}],"about":[{"href":"https:\/\/blog.fh-kaernten.at\/klemenjak\/wp-json\/wp\/v2\/types\/post"}],"author":[{"embeddable":true,"href":"https:\/\/blog.fh-kaernten.at\/klemenjak\/wp-json\/wp\/v2\/users\/67"}],"replies":[{"embeddable":true,"href":"https:\/\/blog.fh-kaernten.at\/klemenjak\/wp-json\/wp\/v2\/comments?post=942"}],"version-history":[{"count":0,"href":"https:\/\/blog.fh-kaernten.at\/klemenjak\/wp-json\/wp\/v2\/posts\/942\/revisions"}],"wp:featuredmedia":[{"embeddable":true,"href":"https:\/\/blog.fh-kaernten.at\/klemenjak\/wp-json\/wp\/v2\/media\/943"}],"wp:attachment":[{"href":"https:\/\/blog.fh-kaernten.at\/klemenjak\/wp-json\/wp\/v2\/media?parent=942"}],"wp:term":[{"taxonomy":"category","embeddable":true,"href":"https:\/\/blog.fh-kaernten.at\/klemenjak\/wp-json\/wp\/v2\/categories?post=942"},{"taxonomy":"post_tag","embeddable":true,"href":"https:\/\/blog.fh-kaernten.at\/klemenjak\/wp-json\/wp\/v2\/tags?post=942"}],"curies":[{"name":"wp","href":"https:\/\/api.w.org\/{rel}","templated":true}]}}