{"id":930,"date":"2020-10-28T12:05:15","date_gmt":"2020-10-28T10:05:15","guid":{"rendered":"http:\/\/blog.fh-kaernten.at\/klemenjak\/?p=930"},"modified":"2020-10-28T12:06:32","modified_gmt":"2020-10-28T10:06:32","slug":"kaerntner-gespraeche-zur-demokratiepolitischen-bildung-2020-corona-krise-herausforderungen-fuer-die-demokratie-rueckblick-ausblick","status":"publish","type":"post","link":"https:\/\/blog.fh-kaernten.at\/klemenjak\/2020\/10\/28\/kaerntner-gespraeche-zur-demokratiepolitischen-bildung-2020-corona-krise-herausforderungen-fuer-die-demokratie-rueckblick-ausblick\/","title":{"rendered":"K\u00e4rntner Gespr\u00e4che zur demokratiepolitischen Bildung 2020: &#8222;Corona-Krise &#8211; Herausforderungen f\u00fcr die Demokratie? R\u00fcckblick &amp; Ausblick&#8220;"},"content":{"rendered":"<p><a href=\"http:\/\/blog.fh-kaernten.at\/klemenjak\/files\/2020\/10\/Foto-scaled.jpg\"><img fetchpriority=\"high\" decoding=\"async\" class=\"alignnone size-medium wp-image-931\" src=\"http:\/\/blog.fh-kaernten.at\/klemenjak\/files\/2020\/10\/Foto-300x200.jpg\" alt=\"\" width=\"300\" height=\"200\" srcset=\"https:\/\/blog.fh-kaernten.at\/klemenjak\/files\/2020\/10\/Foto-300x200.jpg 300w, https:\/\/blog.fh-kaernten.at\/klemenjak\/files\/2020\/10\/Foto-1024x683.jpg 1024w, https:\/\/blog.fh-kaernten.at\/klemenjak\/files\/2020\/10\/Foto-768x512.jpg 768w, https:\/\/blog.fh-kaernten.at\/klemenjak\/files\/2020\/10\/Foto-1536x1024.jpg 1536w, https:\/\/blog.fh-kaernten.at\/klemenjak\/files\/2020\/10\/Foto-2048x1365.jpg 2048w\" sizes=\"(max-width: 300px) 100vw, 300px\" \/><\/a><\/p>\n<p>Am Donnerstag, 22. Oktober 2020 fanden zum mittlerweile neunten Mal die \u201eK\u00e4rntner Gespr\u00e4che zur demokratiepolitischen Bildung\u201c im Konferenzsaal der AK K\u00e4rnten statt. Auch wurde die gesamte Tagung online \u00fcbertragen. Dabei handelt es sich um eine Kooperationsveranstaltung der Kammer f\u00fcr Arbeiter und Angestellte f\u00fcr K\u00e4rnten mit dem Verband \u00d6sterreichischer gewerkschaftlicher Bildung, dem Institut f\u00fcr die Geschichte der K\u00e4rntner Arbeiterbewegung, der P\u00e4dagogischen Hochschule K\u00e4rnten \u2013 Viktor Frankl Hochschule, der Alpen-Adria-Universit\u00e4t Klagenfurt, der Bildungsdirektion K\u00e4rnten, den K\u00e4rntner Volkshochschulen, dem Universit\u00e4ts.club|Wissenschaftsverein K\u00e4rnten und dem Studiengang Soziale Arbeit der Fachhochschule K\u00e4rnten. Das Tagungsthema lautete: \u201eCorona-Krise \u2013 Herausforderungen f\u00fcr die Demokratie? R\u00fcckblick &amp; Ausblick\u201c. Auf dem Programm standen drei Key-Notes mit anschlie\u00dfender Diskussion im Plenum. Die Online-Teilnehmer*innen konnten sich via Chat an der Tagung beteiligen.<\/p>\n<p>Die Key-Notes und die Referent*innen im \u00dcberblick:<\/p>\n<ul>\n<li>Gesellschaftspolitische Analysen und Perspektiven (Barbara Blaha \u2013 Momentum Institut, Wien)<\/li>\n<li>\u00d6konomische Rahmenbedingungen und Konsequenzen (Markus Marterbauer \u2013 AK Wien)<\/li>\n<li>Auswirkungen der Pandemie auf das soziale Gef\u00fcge und die Ungleichheitsentwicklung \u2013 Empfehlungen an die Politik (Barbara Prainsack \u2013 Universit\u00e4t Wien)<\/li>\n<\/ul>\n<p>Den Abschluss der diesj\u00e4hrigen Fachtagung stellte wieder ein moderiertes Gespr\u00e4ch dar. Teilnehmer*innen: Landeshauptmann Peter Kaiser, Viktoria Bohrn Mena (Gewerkschaft GPA-djp, Wien), Barbara Blaha, Markus Marterbauer und Barbara Prainsack.<\/p>\n<p>Moderiert wurden die \u201eK\u00e4rntner Gespr\u00e4che zur demokratiepolitischen Bildung 2020\u201c von Heinz Pichler (AK K\u00e4rnten).<\/p>\n<p>Fotohinweis: kK\/AK_Arnold P\u00f6schl<\/p>\n<p>v.l.n.r.: Martin Kowatsch, Barbara Blaha, Peter Kaiser, Markus Marterbauer, Tamara Isabel Prossegger, Barbara Prainsack, Heinz Pichler, Veronika Bohrn Mena, Martin Gressl, Martin Klemenjak, Isabella Penz<\/p>\n","protected":false},"excerpt":{"rendered":"<p>Am Donnerstag, 22. Oktober 2020 fanden zum mittlerweile neunten Mal die \u201eK\u00e4rntner Gespr\u00e4che zur demokratiepolitischen Bildung\u201c im Konferenzsaal der AK K\u00e4rnten statt. Auch wurde die gesamte Tagung online \u00fcbertragen. Dabei handelt es sich um eine Kooperationsveranstaltung der Kammer f\u00fcr Arbeiter und Angestellte f\u00fcr K\u00e4rnten mit dem Verband \u00d6sterreichischer gewerkschaftlicher Bildung, dem Institut f\u00fcr die Geschichte [&hellip;]<\/p>\n","protected":false},"author":67,"featured_media":931,"comment_status":"open","ping_status":"open","sticky":false,"template":"","format":"standard","meta":{"inline_featured_image":false,"footnotes":""},"categories":[1],"tags":[],"class_list":["post-930","post","type-post","status-publish","format-standard","has-post-thumbnail","hentry","category-allgemein"],"_links":{"self":[{"href":"https:\/\/blog.fh-kaernten.at\/klemenjak\/wp-json\/wp\/v2\/posts\/930","targetHints":{"allow":["GET"]}}],"collection":[{"href":"https:\/\/blog.fh-kaernten.at\/klemenjak\/wp-json\/wp\/v2\/posts"}],"about":[{"href":"https:\/\/blog.fh-kaernten.at\/klemenjak\/wp-json\/wp\/v2\/types\/post"}],"author":[{"embeddable":true,"href":"https:\/\/blog.fh-kaernten.at\/klemenjak\/wp-json\/wp\/v2\/users\/67"}],"replies":[{"embeddable":true,"href":"https:\/\/blog.fh-kaernten.at\/klemenjak\/wp-json\/wp\/v2\/comments?post=930"}],"version-history":[{"count":0,"href":"https:\/\/blog.fh-kaernten.at\/klemenjak\/wp-json\/wp\/v2\/posts\/930\/revisions"}],"wp:featuredmedia":[{"embeddable":true,"href":"https:\/\/blog.fh-kaernten.at\/klemenjak\/wp-json\/wp\/v2\/media\/931"}],"wp:attachment":[{"href":"https:\/\/blog.fh-kaernten.at\/klemenjak\/wp-json\/wp\/v2\/media?parent=930"}],"wp:term":[{"taxonomy":"category","embeddable":true,"href":"https:\/\/blog.fh-kaernten.at\/klemenjak\/wp-json\/wp\/v2\/categories?post=930"},{"taxonomy":"post_tag","embeddable":true,"href":"https:\/\/blog.fh-kaernten.at\/klemenjak\/wp-json\/wp\/v2\/tags?post=930"}],"curies":[{"name":"wp","href":"https:\/\/api.w.org\/{rel}","templated":true}]}}