{"id":93,"date":"2013-07-19T17:31:26","date_gmt":"2013-07-19T15:31:26","guid":{"rendered":"http:\/\/blog.fh-kaernten.at\/klemenjak\/?p=93"},"modified":"2013-07-19T17:33:26","modified_gmt":"2013-07-19T15:33:26","slug":"lehrgang-soziale-beratung-und-handlungskompetenzen","status":"publish","type":"post","link":"https:\/\/blog.fh-kaernten.at\/klemenjak\/2013\/07\/19\/lehrgang-soziale-beratung-und-handlungskompetenzen\/","title":{"rendered":"Lehrgang &#8222;Soziale Beratung und Handlungskompetenzen&#8220;"},"content":{"rendered":"<p>Im <strong>Kooperation<\/strong> mit der <strong>AK K\u00e4rnten<\/strong> (Mag. Heinz Pichler) und dem <strong>V\u00d6GB K\u00e4rnten<\/strong> (Martin Gressl) haben Mag. Martin Klemenjak und FH-Prof.in Dr.in Konstanze Wetzel &#8211; vom Studiengang Soziale Arbeit der Fachhochschule K\u00e4rnten &#8211; den <strong>Lehrgang &#8222;Soziale Beratung und Handlungskompetenzen&#8220;<\/strong> entwickelt. Die <strong>Zielgruppe<\/strong> sind Betriebsr\u00e4tInnen und AbsolventInnen der Gewerkschaftsschulen in K\u00e4rnten.<\/p>\n<p>Dieser Lehrgang gliedert sich in <strong>6 Module<\/strong> und findet im <strong>WS 2013\/14<\/strong> statt! <strong>Informationen zum Lehrgang:<\/strong> Fachhochschule K\u00e4rnten, Studiengang Soziale Arbeit: E-Mail: <a href=\"mailto:lehrgang-sozialeberatung@fh-kaernten.at\">lehrgang-sozialeberatung@fh-kaernten.at<\/a><\/p>\n","protected":false},"excerpt":{"rendered":"<p>Im Kooperation mit der AK K\u00e4rnten (Mag. Heinz Pichler) und dem V\u00d6GB K\u00e4rnten (Martin Gressl) haben Mag. Martin Klemenjak und FH-Prof.in Dr.in Konstanze Wetzel &#8211; vom Studiengang Soziale Arbeit der Fachhochschule K\u00e4rnten &#8211; den Lehrgang &#8222;Soziale Beratung und Handlungskompetenzen&#8220; entwickelt. Die Zielgruppe sind Betriebsr\u00e4tInnen und AbsolventInnen der Gewerkschaftsschulen in K\u00e4rnten. Dieser Lehrgang gliedert sich in [&hellip;]<\/p>\n","protected":false},"author":67,"featured_media":0,"comment_status":"open","ping_status":"open","sticky":false,"template":"","format":"standard","meta":{"inline_featured_image":false,"footnotes":""},"categories":[1],"tags":[],"class_list":["post-93","post","type-post","status-publish","format-standard","hentry","category-allgemein"],"_links":{"self":[{"href":"https:\/\/blog.fh-kaernten.at\/klemenjak\/wp-json\/wp\/v2\/posts\/93","targetHints":{"allow":["GET"]}}],"collection":[{"href":"https:\/\/blog.fh-kaernten.at\/klemenjak\/wp-json\/wp\/v2\/posts"}],"about":[{"href":"https:\/\/blog.fh-kaernten.at\/klemenjak\/wp-json\/wp\/v2\/types\/post"}],"author":[{"embeddable":true,"href":"https:\/\/blog.fh-kaernten.at\/klemenjak\/wp-json\/wp\/v2\/users\/67"}],"replies":[{"embeddable":true,"href":"https:\/\/blog.fh-kaernten.at\/klemenjak\/wp-json\/wp\/v2\/comments?post=93"}],"version-history":[{"count":0,"href":"https:\/\/blog.fh-kaernten.at\/klemenjak\/wp-json\/wp\/v2\/posts\/93\/revisions"}],"wp:attachment":[{"href":"https:\/\/blog.fh-kaernten.at\/klemenjak\/wp-json\/wp\/v2\/media?parent=93"}],"wp:term":[{"taxonomy":"category","embeddable":true,"href":"https:\/\/blog.fh-kaernten.at\/klemenjak\/wp-json\/wp\/v2\/categories?post=93"},{"taxonomy":"post_tag","embeddable":true,"href":"https:\/\/blog.fh-kaernten.at\/klemenjak\/wp-json\/wp\/v2\/tags?post=93"}],"curies":[{"name":"wp","href":"https:\/\/api.w.org\/{rel}","templated":true}]}}