{"id":909,"date":"2020-09-23T09:47:18","date_gmt":"2020-09-23T07:47:18","guid":{"rendered":"http:\/\/blog.fh-kaernten.at\/klemenjak\/?p=909"},"modified":"2020-09-23T09:48:53","modified_gmt":"2020-09-23T07:48:53","slug":"kaerntner-gespraeche-zur-demokratiepolitischen-bildung-2020-corona-krise","status":"publish","type":"post","link":"https:\/\/blog.fh-kaernten.at\/klemenjak\/2020\/09\/23\/kaerntner-gespraeche-zur-demokratiepolitischen-bildung-2020-corona-krise\/","title":{"rendered":"K\u00e4rntner Gespr\u00e4che zur demokratiepolitischen Bildung 2020: &#8222;Corona-Krise &#8211; Herausforderungen f\u00fcr die Demokratie? R\u00fcckblick &amp; Ausblick&#8220;"},"content":{"rendered":"<p>&nbsp;<\/p>\n<p><a href=\"http:\/\/blog.fh-kaernten.at\/klemenjak\/files\/2020\/09\/csm_KG_325597140f.jpg\"><img fetchpriority=\"high\" decoding=\"async\" class=\"alignnone size-medium wp-image-911\" src=\"http:\/\/blog.fh-kaernten.at\/klemenjak\/files\/2020\/09\/csm_KG_325597140f-300x168.jpg\" alt=\"\" width=\"300\" height=\"168\" srcset=\"https:\/\/blog.fh-kaernten.at\/klemenjak\/files\/2020\/09\/csm_KG_325597140f-300x168.jpg 300w, https:\/\/blog.fh-kaernten.at\/klemenjak\/files\/2020\/09\/csm_KG_325597140f-768x431.jpg 768w, https:\/\/blog.fh-kaernten.at\/klemenjak\/files\/2020\/09\/csm_KG_325597140f.jpg 800w\" sizes=\"(max-width: 300px) 100vw, 300px\" \/><\/a><\/p>\n<p>Diese Tagung besch\u00e4ftigt sich mit dem Thema \u201eCorona-Krise &#8211; Herausforderungen f\u00fcr die Demokratie? R\u00fcckblick &amp; Ausblick&#8220;\u00a0und findet am <strong>Donnerstag, 22. Oktober 2020 <\/strong>\u2013 in der Zeit von 9:00 bis 13:00 Uhr \u2013 im Konferenzsaal der AK K\u00e4rnten\u00a0<strong> in Klagenfurt<\/strong> statt.<\/p>\n<p><a href=\"http:\/\/blog.fh-kaernten.at\/klemenjak\/files\/2020\/09\/Einladung-Programm.pdf\">Einladung &amp; Programm<\/a><\/p>\n<p><strong>Informationen &amp; Anmeldung zur Online-Teilnahme:<br \/>\n<\/strong>AK K\u00e4rnten, T: 050 477-2307,<br \/>\nE: bildung@akktn.at,<br \/>\nkaernten.arbeiterkammer.at\/ktn-gespraeche<\/p>\n","protected":false},"excerpt":{"rendered":"<p>&nbsp; Diese Tagung besch\u00e4ftigt sich mit dem Thema \u201eCorona-Krise &#8211; Herausforderungen f\u00fcr die Demokratie? R\u00fcckblick &amp; Ausblick&#8220;\u00a0und findet am Donnerstag, 22. Oktober 2020 \u2013 in der Zeit von 9:00 bis 13:00 Uhr \u2013 im Konferenzsaal der AK K\u00e4rnten\u00a0 in Klagenfurt statt. Einladung &amp; Programm Informationen &amp; Anmeldung zur Online-Teilnahme: AK K\u00e4rnten, T: 050 477-2307, E: [&hellip;]<\/p>\n","protected":false},"author":67,"featured_media":911,"comment_status":"open","ping_status":"open","sticky":false,"template":"","format":"standard","meta":{"inline_featured_image":false,"footnotes":""},"categories":[1],"tags":[],"class_list":["post-909","post","type-post","status-publish","format-standard","has-post-thumbnail","hentry","category-allgemein"],"_links":{"self":[{"href":"https:\/\/blog.fh-kaernten.at\/klemenjak\/wp-json\/wp\/v2\/posts\/909","targetHints":{"allow":["GET"]}}],"collection":[{"href":"https:\/\/blog.fh-kaernten.at\/klemenjak\/wp-json\/wp\/v2\/posts"}],"about":[{"href":"https:\/\/blog.fh-kaernten.at\/klemenjak\/wp-json\/wp\/v2\/types\/post"}],"author":[{"embeddable":true,"href":"https:\/\/blog.fh-kaernten.at\/klemenjak\/wp-json\/wp\/v2\/users\/67"}],"replies":[{"embeddable":true,"href":"https:\/\/blog.fh-kaernten.at\/klemenjak\/wp-json\/wp\/v2\/comments?post=909"}],"version-history":[{"count":0,"href":"https:\/\/blog.fh-kaernten.at\/klemenjak\/wp-json\/wp\/v2\/posts\/909\/revisions"}],"wp:featuredmedia":[{"embeddable":true,"href":"https:\/\/blog.fh-kaernten.at\/klemenjak\/wp-json\/wp\/v2\/media\/911"}],"wp:attachment":[{"href":"https:\/\/blog.fh-kaernten.at\/klemenjak\/wp-json\/wp\/v2\/media?parent=909"}],"wp:term":[{"taxonomy":"category","embeddable":true,"href":"https:\/\/blog.fh-kaernten.at\/klemenjak\/wp-json\/wp\/v2\/categories?post=909"},{"taxonomy":"post_tag","embeddable":true,"href":"https:\/\/blog.fh-kaernten.at\/klemenjak\/wp-json\/wp\/v2\/tags?post=909"}],"curies":[{"name":"wp","href":"https:\/\/api.w.org\/{rel}","templated":true}]}}