{"id":886,"date":"2020-05-30T16:03:11","date_gmt":"2020-05-30T14:03:11","guid":{"rendered":"http:\/\/blog.fh-kaernten.at\/klemenjak\/?p=886"},"modified":"2020-05-30T16:04:53","modified_gmt":"2020-05-30T14:04:53","slug":"die-dohnal-frauenministerin-feministin-visionaerin-virtueller-kinobesuch-im-rahmen-der-lehrveranstaltung-politische-bildung","status":"publish","type":"post","link":"https:\/\/blog.fh-kaernten.at\/klemenjak\/2020\/05\/30\/die-dohnal-frauenministerin-feministin-visionaerin-virtueller-kinobesuch-im-rahmen-der-lehrveranstaltung-politische-bildung\/","title":{"rendered":"\u201eDIE DOHNAL Frauenministerin\/Feministin\/Vision\u00e4rin\u201c: \u201eVirtueller Kinobesuch\u201c im Rahmen der Lehrveranstaltung \u201ePolitische Bildung\u201c"},"content":{"rendered":"<p><a href=\"https:\/\/blog.fh-kaernten.at\/klemenjak\/files\/2020\/05\/virtueller-kinobesuch1.jpg\"><img fetchpriority=\"high\" decoding=\"async\" class=\"alignnone size-medium wp-image-892\" src=\"https:\/\/blog.fh-kaernten.at\/klemenjak\/files\/2020\/05\/virtueller-kinobesuch1-300x211.jpg\" alt=\"\" width=\"300\" height=\"211\" srcset=\"https:\/\/blog.fh-kaernten.at\/klemenjak\/files\/2020\/05\/virtueller-kinobesuch1-300x211.jpg 300w, https:\/\/blog.fh-kaernten.at\/klemenjak\/files\/2020\/05\/virtueller-kinobesuch1-1024x720.jpg 1024w, https:\/\/blog.fh-kaernten.at\/klemenjak\/files\/2020\/05\/virtueller-kinobesuch1-768x540.jpg 768w, https:\/\/blog.fh-kaernten.at\/klemenjak\/files\/2020\/05\/virtueller-kinobesuch1-1536x1080.jpg 1536w, https:\/\/blog.fh-kaernten.at\/klemenjak\/files\/2020\/05\/virtueller-kinobesuch1-2048x1439.jpg 2048w\" sizes=\"(max-width: 300px) 100vw, 300px\" \/><\/a><\/p>\n<p>Am Mittwoch, 27. Mai 2020 wurde im Rahmen der Lehrveranstaltung \u201ePolitische Bildung\u201c im Bachelor-Studiengang Soziale Arbeit der Fachhochschule K\u00e4rnten ein besonderes Highlight organisiert. Aufgrund der aktuellen Situation (\u201eCorona-Pr\u00e4vention\u201c) war es im Sommersemester 2020 nicht m\u00f6glich, einen \u201ePr\u00e4senz-Gastvortrag\u201c zu realisieren. Erinnert sei an dieser Stelle an den Gastvortrag\u00a0 der bekannten ORF-Journalistin Susanne Schnabl (Wochenmagazin \u201eReport\u201c, ORF 2) im M\u00e4rz 2019, bei dem es um \u201eLikes, Fake News und Politik in Echtzeit\u201c und wie Soziale Medien unser Kommunikationsverhalten und unsere Demokratie ver\u00e4ndern, ging.<\/p>\n<p>Aus diesem Grund erfolgte nun \u2013 im Kontext des LV-Themas \u201eFrauenpolitik\/Neue Frauenbewegung\u201c \u2013 statt eines \u201ePr\u00e4senz-Gastvortrages\u201c ein \u201evirtueller Kinobesuch\u201c. Die Studierenden streamten den Film \u201eDIE DOHNAL Frauenministerin\/Feministin\/Vision\u00e4rin\u201c von Sabine Derflinger. Im Anschluss an den \u201evirtuellen Kinobesuch\u201c diskutierten die Studierenden \u00fcber den Film. Moderiert wurde die Diskussion im \u201evirtuellen Plenum\u201c von Lehrveranstaltungsleiter und FH-Professor Martin Klemenjak.<\/p>\n<p>\u201eDie Geschichte und die Geschichten der Frauen wurden \u00fcber Jahrhunderte unterdr\u00fcckt, nicht erz\u00e4hlt, vergessen&#8230; Johanna Dohnal war die erste Feministin in einer europ\u00e4ischen Regierung. DIE DOHNAL setzt der Ikone der \u00f6sterreichischen Politik ein Denkmal und schafft damit eine Identifikationsfigur f\u00fcr heutige und nachfolgende Generationen. Wir finden uns in ihr wieder, in ihren K\u00e4mpfen, ihren Siegen, ihrem Scheitern. Ein Film gegen das Vergessen und f\u00fcr eine gleichberechtigte Zukunft.\u201c (<a href=\"https:\/\/www.filmdelights.com\/education\/diedohnaleducation\">https:\/\/www.filmdelights.com\/education\/diedohnaleducation<\/a> [Zugriff am 19. Mai 2020])<\/p>\n<p><a href=\"https:\/\/blog.fh-kaernten.at\/klemenjak\/files\/2020\/05\/Programm.pdf\">Programm<\/a><\/p>\n","protected":false},"excerpt":{"rendered":"<p>Am Mittwoch, 27. Mai 2020 wurde im Rahmen der Lehrveranstaltung \u201ePolitische Bildung\u201c im Bachelor-Studiengang Soziale Arbeit der Fachhochschule K\u00e4rnten ein besonderes Highlight organisiert. Aufgrund der aktuellen Situation (\u201eCorona-Pr\u00e4vention\u201c) war es im Sommersemester 2020 nicht m\u00f6glich, einen \u201ePr\u00e4senz-Gastvortrag\u201c zu realisieren. Erinnert sei an dieser Stelle an den Gastvortrag\u00a0 der bekannten ORF-Journalistin Susanne Schnabl (Wochenmagazin \u201eReport\u201c, ORF [&hellip;]<\/p>\n","protected":false},"author":67,"featured_media":892,"comment_status":"open","ping_status":"open","sticky":false,"template":"","format":"standard","meta":{"inline_featured_image":false,"footnotes":""},"categories":[1],"tags":[],"class_list":["post-886","post","type-post","status-publish","format-standard","has-post-thumbnail","hentry","category-allgemein"],"_links":{"self":[{"href":"https:\/\/blog.fh-kaernten.at\/klemenjak\/wp-json\/wp\/v2\/posts\/886","targetHints":{"allow":["GET"]}}],"collection":[{"href":"https:\/\/blog.fh-kaernten.at\/klemenjak\/wp-json\/wp\/v2\/posts"}],"about":[{"href":"https:\/\/blog.fh-kaernten.at\/klemenjak\/wp-json\/wp\/v2\/types\/post"}],"author":[{"embeddable":true,"href":"https:\/\/blog.fh-kaernten.at\/klemenjak\/wp-json\/wp\/v2\/users\/67"}],"replies":[{"embeddable":true,"href":"https:\/\/blog.fh-kaernten.at\/klemenjak\/wp-json\/wp\/v2\/comments?post=886"}],"version-history":[{"count":0,"href":"https:\/\/blog.fh-kaernten.at\/klemenjak\/wp-json\/wp\/v2\/posts\/886\/revisions"}],"wp:featuredmedia":[{"embeddable":true,"href":"https:\/\/blog.fh-kaernten.at\/klemenjak\/wp-json\/wp\/v2\/media\/892"}],"wp:attachment":[{"href":"https:\/\/blog.fh-kaernten.at\/klemenjak\/wp-json\/wp\/v2\/media?parent=886"}],"wp:term":[{"taxonomy":"category","embeddable":true,"href":"https:\/\/blog.fh-kaernten.at\/klemenjak\/wp-json\/wp\/v2\/categories?post=886"},{"taxonomy":"post_tag","embeddable":true,"href":"https:\/\/blog.fh-kaernten.at\/klemenjak\/wp-json\/wp\/v2\/tags?post=886"}],"curies":[{"name":"wp","href":"https:\/\/api.w.org\/{rel}","templated":true}]}}