{"id":869,"date":"2019-10-29T16:14:00","date_gmt":"2019-10-29T14:14:00","guid":{"rendered":"http:\/\/blog.fh-kaernten.at\/klemenjak\/?p=869"},"modified":"2019-11-15T17:37:05","modified_gmt":"2019-11-15T15:37:05","slug":"kaerntner-gespraeche-zur-demokratiepolitischen-bildung-2019-demokratie-und-digitalisierung-2","status":"publish","type":"post","link":"https:\/\/blog.fh-kaernten.at\/klemenjak\/2019\/10\/29\/kaerntner-gespraeche-zur-demokratiepolitischen-bildung-2019-demokratie-und-digitalisierung-2\/","title":{"rendered":"K\u00e4rntner Gespr\u00e4che zur demokratiepolitischen Bildung 2019: \u201eDemokratie und Digitalisierung\u201c"},"content":{"rendered":"<p><a href=\"https:\/\/blog.fh-kaernten.at\/klemenjak\/files\/2019\/10\/demokratieunddigitalisierung_9490-1.jpg\"><img fetchpriority=\"high\" decoding=\"async\" class=\"size-medium wp-image-871\" src=\"https:\/\/blog.fh-kaernten.at\/klemenjak\/files\/2019\/10\/demokratieunddigitalisierung_9490-1-300x200.jpg\" alt=\"\" width=\"300\" height=\"200\" srcset=\"https:\/\/blog.fh-kaernten.at\/klemenjak\/files\/2019\/10\/demokratieunddigitalisierung_9490-1-300x200.jpg 300w, https:\/\/blog.fh-kaernten.at\/klemenjak\/files\/2019\/10\/demokratieunddigitalisierung_9490-1-768x512.jpg 768w, https:\/\/blog.fh-kaernten.at\/klemenjak\/files\/2019\/10\/demokratieunddigitalisierung_9490-1-1024x683.jpg 1024w\" sizes=\"(max-width: 300px) 100vw, 300px\" \/><\/a><\/p>\n<p>\u201eWelche Auswirkungen hat die Digitalisierung auf unsere Demokratie? Stellen Fake News, k\u00fcnstliche Intelligenz oder der Einsatz von Algorithmen eine Bedrohung f\u00fcr unser politisches System dar? Das sind nur einige Fragen, die eine kritische Analyse erfordern\u201c, so Martin Klemenjak, FH-Professor und Gr\u00fcndungsmitglied des Organisationsteams der \u201eK\u00e4rntner Gespr\u00e4che zur demokratiepolitischen Bildung\u201c, die es seit dem Jahr 2012 gibt.<\/p>\n<p>Am Donnerstag, 24. Oktober 2019 fanden zum mittlerweile achten Mal die \u201eK\u00e4rntner Gespr\u00e4che zur demokratiepolitischen Bildung\u201c im Konferenzsaal der AK K\u00e4rnten und im \u00d6GB\/AK Bildungsforum in Klagenfurt statt. Dabei handelt es sich um eine Kooperationsveranstaltung der Kammer f\u00fcr Arbeiter und Angestellte f\u00fcr K\u00e4rnten mit dem Verband \u00d6sterreichischer gewerkschaftlicher Bildung, dem Institut f\u00fcr die Geschichte der K\u00e4rntner Arbeiterbewegung, der P\u00e4dagogischen Hochschule K\u00e4rnten \u2013 Viktor Frankl Hochschule, der Alpen-Adria-Universit\u00e4t Klagenfurt, der Bildungsdirektion K\u00e4rnten, den K\u00e4rntner Volkshochschulen, dem Universit\u00e4ts.club|Wissenschaftsverein K\u00e4rnten und dem Studiengang Soziale Arbeit der Fachhochschule K\u00e4rnten. Die diesj\u00e4hrige Fachtagung stand unter dem Motto \u201eDemokratie und Digitalisierung \u2013 Chancen &amp; Risiken der Digitalisierung f\u00fcr das demokratische Gemeinwesen\u201c.<\/p>\n<p>Nach dem Einleitungsreferat der Journalistin und Digitalisierungsexpertin Ingrid Brodnig zum Thema \u201e\u00dcBER MACHT IM NETZ: Warum wir f\u00fcr ein demokratisches Gemeinwesen k\u00e4mpfen m\u00fcssen\u201c \u2013 das von der Graphic Recorderin Karin Hofmann [(c) www.karinhofmann.com] parallel visualisiert wurde \u2013 konnten sich die Teilnehmenden in sechs parallel stattfindenden Workshops aktiv einbringen. Diese besch\u00e4ftigten sich mit folgenden Themen:<\/p>\n<ul>\n<li>\u00dcbermacht im Netz \u2013 Warum wir f\u00fcr ein gerechtes Internet k\u00e4mpfen m\u00fcssen (Ingrid Brodnig und Daniel Weidlitsch)<\/li>\n<li>Wir sind hier, wir sind laut, wir sind digital \u2013 Fridays f\u00fcr Future als globale Jugendbewegung (Constanze Fetting und Florian Kerschbaumer)<\/li>\n<li>Digitale Lern-\/Handlungsr\u00e4ume: Arenen f\u00fcr soziale und politische Teilhabe (Irene Cennamo und Martin Klemenjak)<\/li>\n<li>Wie digital ist DEIN Leben? (Alexandra Plattner, Andrea Heiglauer, Katharina Zimmerberger und Susanne Scheiber)<\/li>\n<li>Demokratie \u2013 Digitalisierung \u2013 Beschleunigung (Katharina Hammer und Josefine Scherling)<\/li>\n<li>Argumente gegen Hass und Gewalt in Onlineforen (Marika Lagger-P\u00f6llinger und Martin Gressl)<\/li>\n<\/ul>\n<p>Den Abschluss der diesj\u00e4hrigen Fachtagung stellte ein moderiertes Gespr\u00e4ch mit Landeshauptmann Peter Kaiser, Ingrid Brodnig und Constanze Fetting dar.<\/p>\n<p>Moderiert wurden die \u201eK\u00e4rntner Gespr\u00e4che zur demokratiepolitischen Bildung\u201c von Isabella Penz (Leiterin der Abteilung Bildung, Jugend und Kultur der AK K\u00e4rnten) und Heinz Pichler (Bildungsexperte der AK K\u00e4rnten).<\/p>\n<p>Bildnachweis: Arbeiterkammer K\u00e4rnten\/Peter Just<\/p>\n","protected":false},"excerpt":{"rendered":"<p>\u201eWelche Auswirkungen hat die Digitalisierung auf unsere Demokratie? Stellen Fake News, k\u00fcnstliche Intelligenz oder der Einsatz von Algorithmen eine Bedrohung f\u00fcr unser politisches System dar? Das sind nur einige Fragen, die eine kritische Analyse erfordern\u201c, so Martin Klemenjak, FH-Professor und Gr\u00fcndungsmitglied des Organisationsteams der \u201eK\u00e4rntner Gespr\u00e4che zur demokratiepolitischen Bildung\u201c, die es seit dem Jahr 2012 [&hellip;]<\/p>\n","protected":false},"author":67,"featured_media":871,"comment_status":"open","ping_status":"open","sticky":false,"template":"","format":"standard","meta":{"inline_featured_image":false,"footnotes":""},"categories":[1],"tags":[],"class_list":["post-869","post","type-post","status-publish","format-standard","has-post-thumbnail","hentry","category-allgemein"],"_links":{"self":[{"href":"https:\/\/blog.fh-kaernten.at\/klemenjak\/wp-json\/wp\/v2\/posts\/869","targetHints":{"allow":["GET"]}}],"collection":[{"href":"https:\/\/blog.fh-kaernten.at\/klemenjak\/wp-json\/wp\/v2\/posts"}],"about":[{"href":"https:\/\/blog.fh-kaernten.at\/klemenjak\/wp-json\/wp\/v2\/types\/post"}],"author":[{"embeddable":true,"href":"https:\/\/blog.fh-kaernten.at\/klemenjak\/wp-json\/wp\/v2\/users\/67"}],"replies":[{"embeddable":true,"href":"https:\/\/blog.fh-kaernten.at\/klemenjak\/wp-json\/wp\/v2\/comments?post=869"}],"version-history":[{"count":0,"href":"https:\/\/blog.fh-kaernten.at\/klemenjak\/wp-json\/wp\/v2\/posts\/869\/revisions"}],"wp:featuredmedia":[{"embeddable":true,"href":"https:\/\/blog.fh-kaernten.at\/klemenjak\/wp-json\/wp\/v2\/media\/871"}],"wp:attachment":[{"href":"https:\/\/blog.fh-kaernten.at\/klemenjak\/wp-json\/wp\/v2\/media?parent=869"}],"wp:term":[{"taxonomy":"category","embeddable":true,"href":"https:\/\/blog.fh-kaernten.at\/klemenjak\/wp-json\/wp\/v2\/categories?post=869"},{"taxonomy":"post_tag","embeddable":true,"href":"https:\/\/blog.fh-kaernten.at\/klemenjak\/wp-json\/wp\/v2\/tags?post=869"}],"curies":[{"name":"wp","href":"https:\/\/api.w.org\/{rel}","templated":true}]}}