{"id":858,"date":"2019-10-21T11:41:36","date_gmt":"2019-10-21T09:41:36","guid":{"rendered":"http:\/\/blog.fh-kaernten.at\/klemenjak\/?p=858"},"modified":"2019-10-30T18:22:10","modified_gmt":"2019-10-30T16:22:10","slug":"fuehrungskraeftedialog-zum-thema-arbeitsmarktintegration-und-inklusion","status":"publish","type":"post","link":"https:\/\/blog.fh-kaernten.at\/klemenjak\/2019\/10\/21\/fuehrungskraeftedialog-zum-thema-arbeitsmarktintegration-und-inklusion\/","title":{"rendered":"F\u00fchrungskr\u00e4ftedialog zum Thema Arbeitsmarktintegration und -inklusion"},"content":{"rendered":"<p><a href=\"https:\/\/blog.fh-kaernten.at\/klemenjak\/files\/2019\/10\/Foto-f\u00fcr-Blog.jpg\"><img fetchpriority=\"high\" decoding=\"async\" class=\"alignnone size-medium wp-image-861\" src=\"https:\/\/blog.fh-kaernten.at\/klemenjak\/files\/2019\/10\/Foto-f\u00fcr-Blog-300x200.jpg\" alt=\"\" width=\"300\" height=\"200\" srcset=\"https:\/\/blog.fh-kaernten.at\/klemenjak\/files\/2019\/10\/Foto-f\u00fcr-Blog-300x200.jpg 300w, https:\/\/blog.fh-kaernten.at\/klemenjak\/files\/2019\/10\/Foto-f\u00fcr-Blog-768x512.jpg 768w, https:\/\/blog.fh-kaernten.at\/klemenjak\/files\/2019\/10\/Foto-f\u00fcr-Blog-1024x683.jpg 1024w\" sizes=\"(max-width: 300px) 100vw, 300px\" \/><\/a><\/p>\n<p>Am Mittwoch, 2. Oktober 2019 fand an der Fachhochschule K\u00e4rnten ein F\u00fchrungskr\u00e4ftedialog zum Thema Arbeitsmarktintegration und -inklusion statt. Initiiert und organisiert wurde dieser von der Forschungsgruppe LiPA \u201eLernen im Prozess der Arbeit\u201c.<\/p>\n<p>Die sp\u00e4tmoderne Arbeitsgesellschaft befindet sich im stetigen Wandel. Dementsprechend sind die Anforderungen an Individuen im Kontext von Arbeit gestiegen. Besonders f\u00fcr Gruppen, die Benachteiligungen und Ungleichheiten in Bezug auf Arbeit erfahren, stellen die ge\u00e4nderten Anforderungen eine gro\u00dfe H\u00fcrde dar. Die Forschungsgruppe LiPA (Lernen im Prozess der Arbeit), initiiert von VertreterInnen der Studieng\u00e4nge Disability and Diversity Studies und Soziale Arbeit der Fachhochschule K\u00e4rnten, m\u00f6chte mit Blick auf folgende Zielgruppen ihre Inklusion in die Arbeitswelt analysieren:<\/p>\n<ul>\n<li>Jugendliche bzw. junge Erwachsene<\/li>\n<li>Menschen mit Behinderungen und chronischen Erkrankungen (einschlie\u00dflich psychischen Erkrankungen)<\/li>\n<li>Erwachsene Erwerbslose bzw. Langzeitarbeitslose<\/li>\n<li>Menschen mit Migrationshintergrund bzw. Fluchterfahrungen<\/li>\n<\/ul>\n<p>Die Forschungsgruppe LiPA arbeitet an dem Aufbau eines Kompetenznetzwerks, das f\u00fcr Institutionen und Organisationen im Bereich der Arbeitsmarktintegration und -inklusion als Anlaufstelle dienen soll und den neuesten Stand der Forschung aufzeigt. Dieses Netzwerk soll Wissenschaft, Wirtschaft, Gesellschaft und Praxis miteinander verbinden und Sie bei Projektantragsstellungen unterst\u00fctzen. Ebenso w\u00fcrde sich die Forschungsgruppe LiPA \u00fcber kooperative Projektarbeiten mit Vertreter*innen aus der Praxis freuen.<\/p>\n<p>Der F\u00fchrungskr\u00e4ftedialog war dazu einer der ersten Schritte: Einladungen wurden breit \u2013 an alle f\u00fchrenden Wirtschafts- und Sozialbetriebe \u2013 in K\u00e4rnten und dar\u00fcber hinaus versendet.<\/p>\n<p>20 Personen aus verschiedenen Organisationen in K\u00e4rnten (z.B. Land K\u00e4rnten, Infineon, Caritas, BBRZ etc.) konnten am 2. Oktober 2019 begr\u00fc\u00dft werden. Gemeinsam wurde in einem intensiven austauschreichen Vormittag an den Themen Arbeitsmarktintegration und -inklusion gearbeitet.<\/p>\n<p>Nach Begr\u00fc\u00dfung durch die Forschungsgruppe und Gru\u00dfworten von FH-Prof. Dr. Holger Penz, Studienbereichsleiter Gesundheit und Soziales, starteten wir mit einer Sammlung zu aktuellen Arbeitsmarktpolitischen Ma\u00dfnahmen und der Identifikation der gr\u00f6\u00dften Schwierigkeiten dabei. Ziel war es einen \u00dcberblick \u00fcber derzeit bestehende Ma\u00dfnahmen, Projekte und Initiativen zu erlangen und besondere Herausforderungen sichtbar zu machen. Diese Sammlung sollte auch Gemeinsamkeiten und Unterschiede in den Erfahrungen der teilnehmenden F\u00fchrungskr\u00e4fte aufzeigen.<\/p>\n<p>Diese Erkenntnisse wurden in die n\u00e4chsten beiden Programmpunkte, World Caf\u00e9 Teil I und II, mitgenommen: hier ging es darum, in Tischgruppen, vertiefende Diskussionen zu folgenden Fragen zu f\u00fchren und die Erkenntnisse schriftlich festzuhalten:<\/p>\n<ul>\n<li>Was l\u00e4uft gut an den genannten Ma\u00dfnahmen, warum sind dies Good Practice Beispiele?<\/li>\n<li>Welche arbeitsmarktpolitischen Ma\u00dfnahmen braucht es um nachhaltige Ver\u00e4nderungen im Bereich Arbeitsmarktintegration und -inklusion f\u00fcr alle Menschen umzusetzen?<\/li>\n<\/ul>\n<p>In einer anschlie\u00dfenden Zukunftskonferenz wurden die Ergebnisse aus den Tischgruppen pr\u00e4sentiert und mit allen Anwesenden reflektiert.<\/p>\n<p>Ein H\u00f6hepunkt des gemeinsamen Vormittages war die Teilnahme von Mag. Peter Wedenig, Landesgesch\u00e4ftsf\u00fchrer des AMS K\u00e4rnten. Sein Vortrag zu den \u201eEckpunkten der aktuellen Arbeitsmarktpolitik\u201c stie\u00df auf gro\u00dfes Interesse. In der anschlie\u00dfenden Diskussion konnten Fragen beantwortet und Kommentare besprochen werden.<\/p>\n<p>Einen gem\u00fctlichen Ausklang fand der erste F\u00fchrungskr\u00e4ftedialog der Forschungsgruppe LiPA bei Getr\u00e4nken und einem kleinen Buffet.<\/p>\n<p>&nbsp;<\/p>\n<p><em>Wir bedanken uns bei allen Teilnehmenden und freuen uns auf ein baldiges Wiedersehen zum Aufbau des Netzwerkes!<\/em><br \/>\nLeitung der Forschungsgruppe: FH-Prof. Dr. Martin Klemenjak<br \/>\nMitglieder der Forschungsgruppe: FH-Prof.<sup>in<\/sup> Dr.<sup>in<\/sup> habil. Susanne Dungs, FH-Prof. Dr. Helmut Arnold, Dr.<sup>in<\/sup> Christine Pichler, Stephanie Bergmann, BA MA<\/p>\n<p><em>Kontakt<\/em><br \/>\nlipa@fh-kaernten.at<\/p>\n","protected":false},"excerpt":{"rendered":"<p>Am Mittwoch, 2. Oktober 2019 fand an der Fachhochschule K\u00e4rnten ein F\u00fchrungskr\u00e4ftedialog zum Thema Arbeitsmarktintegration und -inklusion statt. Initiiert und organisiert wurde dieser von der Forschungsgruppe LiPA \u201eLernen im Prozess der Arbeit\u201c. Die sp\u00e4tmoderne Arbeitsgesellschaft befindet sich im stetigen Wandel. Dementsprechend sind die Anforderungen an Individuen im Kontext von Arbeit gestiegen. Besonders f\u00fcr Gruppen, die [&hellip;]<\/p>\n","protected":false},"author":67,"featured_media":861,"comment_status":"open","ping_status":"open","sticky":false,"template":"","format":"standard","meta":{"inline_featured_image":false,"footnotes":""},"categories":[1],"tags":[],"class_list":["post-858","post","type-post","status-publish","format-standard","has-post-thumbnail","hentry","category-allgemein"],"_links":{"self":[{"href":"https:\/\/blog.fh-kaernten.at\/klemenjak\/wp-json\/wp\/v2\/posts\/858","targetHints":{"allow":["GET"]}}],"collection":[{"href":"https:\/\/blog.fh-kaernten.at\/klemenjak\/wp-json\/wp\/v2\/posts"}],"about":[{"href":"https:\/\/blog.fh-kaernten.at\/klemenjak\/wp-json\/wp\/v2\/types\/post"}],"author":[{"embeddable":true,"href":"https:\/\/blog.fh-kaernten.at\/klemenjak\/wp-json\/wp\/v2\/users\/67"}],"replies":[{"embeddable":true,"href":"https:\/\/blog.fh-kaernten.at\/klemenjak\/wp-json\/wp\/v2\/comments?post=858"}],"version-history":[{"count":0,"href":"https:\/\/blog.fh-kaernten.at\/klemenjak\/wp-json\/wp\/v2\/posts\/858\/revisions"}],"wp:featuredmedia":[{"embeddable":true,"href":"https:\/\/blog.fh-kaernten.at\/klemenjak\/wp-json\/wp\/v2\/media\/861"}],"wp:attachment":[{"href":"https:\/\/blog.fh-kaernten.at\/klemenjak\/wp-json\/wp\/v2\/media?parent=858"}],"wp:term":[{"taxonomy":"category","embeddable":true,"href":"https:\/\/blog.fh-kaernten.at\/klemenjak\/wp-json\/wp\/v2\/categories?post=858"},{"taxonomy":"post_tag","embeddable":true,"href":"https:\/\/blog.fh-kaernten.at\/klemenjak\/wp-json\/wp\/v2\/tags?post=858"}],"curies":[{"name":"wp","href":"https:\/\/api.w.org\/{rel}","templated":true}]}}