{"id":834,"date":"2019-03-26T18:46:58","date_gmt":"2019-03-26T16:46:58","guid":{"rendered":"http:\/\/blog.fh-kaernten.at\/klemenjak\/?p=834"},"modified":"2019-03-26T18:53:13","modified_gmt":"2019-03-26T16:53:13","slug":"likes-fake-news-und-politik-in-echtzeit-orf-report-moderatorin-susanne-schnabl-zu-gast-an-der-fachhochschule-kaernten","status":"publish","type":"post","link":"https:\/\/blog.fh-kaernten.at\/klemenjak\/2019\/03\/26\/likes-fake-news-und-politik-in-echtzeit-orf-report-moderatorin-susanne-schnabl-zu-gast-an-der-fachhochschule-kaernten\/","title":{"rendered":"\u201eLikes, Fake News und Politik in Echtzeit\u201c \u2013 \u201eORF-Report\u201c-Moderatorin Susanne Schnabl zu Gast an der Fachhochschule K\u00e4rnten"},"content":{"rendered":"<p><a href=\"http:\/\/blog.fh-kaernten.at\/klemenjak\/files\/2019\/03\/Foto-f\u00fcr-Facebook.jpg\"><img fetchpriority=\"high\" decoding=\"async\" class=\"alignnone size-medium wp-image-836\" src=\"http:\/\/blog.fh-kaernten.at\/klemenjak\/files\/2019\/03\/Foto-f\u00fcr-Facebook-300x200.jpg\" alt=\"\" width=\"300\" height=\"200\" srcset=\"https:\/\/blog.fh-kaernten.at\/klemenjak\/files\/2019\/03\/Foto-f\u00fcr-Facebook-300x200.jpg 300w, https:\/\/blog.fh-kaernten.at\/klemenjak\/files\/2019\/03\/Foto-f\u00fcr-Facebook-768x512.jpg 768w, https:\/\/blog.fh-kaernten.at\/klemenjak\/files\/2019\/03\/Foto-f\u00fcr-Facebook-1024x683.jpg 1024w\" sizes=\"(max-width: 300px) 100vw, 300px\" \/><\/a><\/p>\n<p><strong>\u201eLikes, Fake News und Politik in Echtzeit\u201c \u2013<br \/>\n<\/strong><strong>\u201eORF-Report\u201c-Moderatorin Susanne Schnabl zu Gast an der Fachhochschule K\u00e4rnten<\/strong><\/p>\n<p>Am Donnerstag, 21. M\u00e4rz 2019 war Susanne Schnabl (Wochenmagazin \u201eReport\u201c, ORF 2) Gastvortragende in der Lehrveranstaltung \u201ePolitische Bildung\u201c im Bachelor-Studiengang Soziale Arbeit der Fachhochschule K\u00e4rnten am Campus Feldkirchen. Es ging um \u201eLikes, Fake News und Politik in Echtzeit\u201c und wie Soziale Medien unser Kommunikationsverhalten und unsere Demokratie ver\u00e4ndern. \u00a0Im Rahmen der moderierten Diskussion konnten der bekannten Journalistin und Fernsehmoderatorin Fragen gestellt werden. Moderiert wurde diese Veranstaltung von FH-Professor Martin Klemenjak.<\/p>\n<p>Die ORF-Journalistin er\u00f6ffnete ihren Gastvortrag mit einer Frage an die Studierenden, n\u00e4mlich welche Medien diese nutzen. Zum Beispiel: ORF (\u201eReport\u201c, \u201eZeit im Bild\u201c), diverse Tageszeitungen, Facebook, Instagram, Twitter! Dabei wurde das ver\u00e4nderte Nutzungsverhalten deutlich. W\u00e4hrend fr\u00fchere Generationen ihre Informationen tendenziell aus der \u201eZeit im Bild\u201c oder aus Tageszeitungen bezogen, informieren sich junge Studierende verst\u00e4rkt in den Sozialen Medien. Aber k\u00f6nnen wir uns auf diese Informationen verlassen?<\/p>\n<p>Susanne Schnabl f\u00fchrte anhand von konkreten Beispielen aus, wie zum Beispiel ver\u00f6ffentlichte Fotos aus einer anderen Perspektive betrachtet, einen anderen Sinn ergeben (Dekontextualisierung). Die Volksbefragung zur Wehrpflicht im Jahr 2013, US-Pr\u00e4sident Donald Trump und der Brexit stellten weitere Beispiele dar. Die Journalistin pl\u00e4dierte f\u00fcr kritisches Hinterfragen der Quellen. Selbstkritisch bemerkte sie, dass oft Zeit und Ressourcen fehlen, um komplexe Themen oder zum Beispiel Ereignisse wie Terroranschl\u00e4ge, die in den Sozialen Medien ein Millionenpublikum finden, nach journalistischer Sorgfalt in ebenso gew\u00fcnschter Schnelligkeit einzuordnen. Auch erhalten \u201ezugespitzte Geschichten\u201c mehr Likes. \u200b<\/p>\n<p>&nbsp;<\/p>\n<p>Bildunterschrift:\u00a0 Susanne Schnabl und Martin Klemenjak<\/p>\n<p>Bildnachweis: Fachhochschule K\u00e4rnten<\/p>\n","protected":false},"excerpt":{"rendered":"<p>\u201eLikes, Fake News und Politik in Echtzeit\u201c \u2013 \u201eORF-Report\u201c-Moderatorin Susanne Schnabl zu Gast an der Fachhochschule K\u00e4rnten Am Donnerstag, 21. M\u00e4rz 2019 war Susanne Schnabl (Wochenmagazin \u201eReport\u201c, ORF 2) Gastvortragende in der Lehrveranstaltung \u201ePolitische Bildung\u201c im Bachelor-Studiengang Soziale Arbeit der Fachhochschule K\u00e4rnten am Campus Feldkirchen. Es ging um \u201eLikes, Fake News und Politik in Echtzeit\u201c [&hellip;]<\/p>\n","protected":false},"author":67,"featured_media":836,"comment_status":"open","ping_status":"open","sticky":false,"template":"","format":"standard","meta":{"inline_featured_image":false,"footnotes":""},"categories":[1],"tags":[],"class_list":["post-834","post","type-post","status-publish","format-standard","has-post-thumbnail","hentry","category-allgemein"],"_links":{"self":[{"href":"https:\/\/blog.fh-kaernten.at\/klemenjak\/wp-json\/wp\/v2\/posts\/834","targetHints":{"allow":["GET"]}}],"collection":[{"href":"https:\/\/blog.fh-kaernten.at\/klemenjak\/wp-json\/wp\/v2\/posts"}],"about":[{"href":"https:\/\/blog.fh-kaernten.at\/klemenjak\/wp-json\/wp\/v2\/types\/post"}],"author":[{"embeddable":true,"href":"https:\/\/blog.fh-kaernten.at\/klemenjak\/wp-json\/wp\/v2\/users\/67"}],"replies":[{"embeddable":true,"href":"https:\/\/blog.fh-kaernten.at\/klemenjak\/wp-json\/wp\/v2\/comments?post=834"}],"version-history":[{"count":0,"href":"https:\/\/blog.fh-kaernten.at\/klemenjak\/wp-json\/wp\/v2\/posts\/834\/revisions"}],"wp:featuredmedia":[{"embeddable":true,"href":"https:\/\/blog.fh-kaernten.at\/klemenjak\/wp-json\/wp\/v2\/media\/836"}],"wp:attachment":[{"href":"https:\/\/blog.fh-kaernten.at\/klemenjak\/wp-json\/wp\/v2\/media?parent=834"}],"wp:term":[{"taxonomy":"category","embeddable":true,"href":"https:\/\/blog.fh-kaernten.at\/klemenjak\/wp-json\/wp\/v2\/categories?post=834"},{"taxonomy":"post_tag","embeddable":true,"href":"https:\/\/blog.fh-kaernten.at\/klemenjak\/wp-json\/wp\/v2\/tags?post=834"}],"curies":[{"name":"wp","href":"https:\/\/api.w.org\/{rel}","templated":true}]}}