{"id":791,"date":"2018-10-29T13:11:28","date_gmt":"2018-10-29T11:11:28","guid":{"rendered":"http:\/\/blog.fh-kaernten.at\/klemenjak\/?p=791"},"modified":"2018-10-31T17:52:38","modified_gmt":"2018-10-31T15:52:38","slug":"kaerntner-gespraeche-zur-demokratiepolitischen-bildung-2018-demokratie-oder-neoliberalismus-2","status":"publish","type":"post","link":"https:\/\/blog.fh-kaernten.at\/klemenjak\/2018\/10\/29\/kaerntner-gespraeche-zur-demokratiepolitischen-bildung-2018-demokratie-oder-neoliberalismus-2\/","title":{"rendered":"K\u00e4rntner Gespr\u00e4che zur demokratiepolitischen Bildung 2018: \u201eDemokratie oder Neoliberalismus?\u201c"},"content":{"rendered":"<p><a href=\"http:\/\/blog.fh-kaernten.at\/klemenjak\/files\/2018\/10\/AK251018-521.jpg\"><img fetchpriority=\"high\" decoding=\"async\" class=\"alignnone size-medium wp-image-804\" src=\"http:\/\/blog.fh-kaernten.at\/klemenjak\/files\/2018\/10\/AK251018-521-300x200.jpg\" alt=\"\" width=\"300\" height=\"200\" srcset=\"https:\/\/blog.fh-kaernten.at\/klemenjak\/files\/2018\/10\/AK251018-521-300x200.jpg 300w, https:\/\/blog.fh-kaernten.at\/klemenjak\/files\/2018\/10\/AK251018-521-768x512.jpg 768w, https:\/\/blog.fh-kaernten.at\/klemenjak\/files\/2018\/10\/AK251018-521-1024x683.jpg 1024w\" sizes=\"(max-width: 300px) 100vw, 300px\" \/><\/a><\/p>\n<p>Am Donnerstag, 25. Oktober 2018 fanden zum mittlerweile\u00a0siebenten Mal die \u201eK\u00e4rntner Gespr\u00e4che zur demokratiepolitischen Bildung\u201c im Konferenzsaal der AK K\u00e4rnten und im \u00d6GB\/AK Bildungsforum in Klagenfurt statt. Dabei handelt es sich um eine Kooperationsveranstaltung der Kammer f\u00fcr Arbeiter und Angestellte f\u00fcr K\u00e4rnten mit dem Verband \u00d6sterreichischer gewerkschaftlicher Bildung, den K\u00e4rntner Volkshochschulen, dem Studiengang Soziale Arbeit der Fachhochschule K\u00e4rnten, dem Universit\u00e4ts.club|Wissenschaftsverein K\u00e4rnten, dem Landesschulrat K\u00e4rnten und der P\u00e4dagogischen Hochschule K\u00e4rnten \u2013 Viktor Frankl Hochschule.<\/p>\n<p>Die diesj\u00e4hrige Fachtagung stand unter dem Motto \u201eDemokratie oder Neoliberalismus? Wie der Neoliberalismus unsere Lebenswelten durchdringt&#8220;. Nach Key Notes von Stefanie W\u00f6hl (Fachhochschule des BFI Wien) zum Thema \u201eDemokratie versus multiple Krisen&#8220; und Walter Otto \u00d6tsch (Cusanus Hochschule in Bernkastel-Kues) zum Thema \u201eVom globalen zum autorit\u00e4ren Neoliberalismus: Stadien im Projekt &#8218;des Marktes'&#8220; konnten sich die Teilnehmenden in\u00a0sechs parallel stattfindenden\u00a0Workshops aktiv einbringen. Diese besch\u00e4ftigten sich mit folgenden Themen:<\/p>\n<ul>\n<li>Bildung &#8211; Macht &#8211; Gesellschaft? (Erich Ribolits und Martin Klemenjak)<\/li>\n<li>Demokratie in Mitgliedstaaten der Europ\u00e4ischen Union (Stefanie W\u00f6hl und Josefine Scherling)<\/li>\n<li>Neoliberalismus von A-Z: Von Arbeitslosenf\u00f6rderung bis zu Zlatan Ibrahimovic (Benjamin Hell und Martin Gressl)<\/li>\n<li>Mythen des Neoliberalismus aufkl\u00e4ren (Georg Hubmann und Florian Kerschbaumer)<\/li>\n<li>Neoliberalismus und Rechtspopulismus (Walter Otto \u00d6tsch und Horst Peter Gro\u00df)<\/li>\n<li>5 Fragen zum Thema Neoliberalismus (Marion Koschier und Daniel Weidlitsch)<\/li>\n<\/ul>\n<p>Den Abschluss der diesj\u00e4hrigen Fachtagung stellte ein moderiertes Gespr\u00e4ch mit Landeshauptmann Peter Kaiser, der Schriftstellerin Anna Baar, der Politikwissenschaftlerin Stefanie W\u00f6hl und dem Wirtschaftswissenschaftler Walter Otto \u00d6tsch dar.<\/p>\n<p>Moderiert wurden die \u201eK\u00e4rntner Gespr\u00e4che zur demokratiepolitischen Bildung\u201c von Katharina Zimmerberger und Heinz Pichler.<\/p>\n<p>Bildnachweis: AK K\u00e4rnten<\/p>\n","protected":false},"excerpt":{"rendered":"<p>Am Donnerstag, 25. Oktober 2018 fanden zum mittlerweile\u00a0siebenten Mal die \u201eK\u00e4rntner Gespr\u00e4che zur demokratiepolitischen Bildung\u201c im Konferenzsaal der AK K\u00e4rnten und im \u00d6GB\/AK Bildungsforum in Klagenfurt statt. Dabei handelt es sich um eine Kooperationsveranstaltung der Kammer f\u00fcr Arbeiter und Angestellte f\u00fcr K\u00e4rnten mit dem Verband \u00d6sterreichischer gewerkschaftlicher Bildung, den K\u00e4rntner Volkshochschulen, dem Studiengang Soziale Arbeit [&hellip;]<\/p>\n","protected":false},"author":67,"featured_media":793,"comment_status":"open","ping_status":"open","sticky":false,"template":"","format":"standard","meta":{"inline_featured_image":false,"footnotes":""},"categories":[1],"tags":[],"class_list":["post-791","post","type-post","status-publish","format-standard","has-post-thumbnail","hentry","category-allgemein"],"_links":{"self":[{"href":"https:\/\/blog.fh-kaernten.at\/klemenjak\/wp-json\/wp\/v2\/posts\/791","targetHints":{"allow":["GET"]}}],"collection":[{"href":"https:\/\/blog.fh-kaernten.at\/klemenjak\/wp-json\/wp\/v2\/posts"}],"about":[{"href":"https:\/\/blog.fh-kaernten.at\/klemenjak\/wp-json\/wp\/v2\/types\/post"}],"author":[{"embeddable":true,"href":"https:\/\/blog.fh-kaernten.at\/klemenjak\/wp-json\/wp\/v2\/users\/67"}],"replies":[{"embeddable":true,"href":"https:\/\/blog.fh-kaernten.at\/klemenjak\/wp-json\/wp\/v2\/comments?post=791"}],"version-history":[{"count":0,"href":"https:\/\/blog.fh-kaernten.at\/klemenjak\/wp-json\/wp\/v2\/posts\/791\/revisions"}],"wp:featuredmedia":[{"embeddable":true,"href":"https:\/\/blog.fh-kaernten.at\/klemenjak\/wp-json\/wp\/v2\/media\/793"}],"wp:attachment":[{"href":"https:\/\/blog.fh-kaernten.at\/klemenjak\/wp-json\/wp\/v2\/media?parent=791"}],"wp:term":[{"taxonomy":"category","embeddable":true,"href":"https:\/\/blog.fh-kaernten.at\/klemenjak\/wp-json\/wp\/v2\/categories?post=791"},{"taxonomy":"post_tag","embeddable":true,"href":"https:\/\/blog.fh-kaernten.at\/klemenjak\/wp-json\/wp\/v2\/tags?post=791"}],"curies":[{"name":"wp","href":"https:\/\/api.w.org\/{rel}","templated":true}]}}