{"id":543,"date":"2018-05-03T11:04:00","date_gmt":"2018-05-03T09:04:00","guid":{"rendered":"http:\/\/blog.fh-kaernten.at\/klemenjak\/?p=543"},"modified":"2018-07-23T13:42:44","modified_gmt":"2018-07-23T11:42:44","slug":"aktionstage-politische-bildung-bundeslaendertag-kaernten","status":"publish","type":"post","link":"https:\/\/blog.fh-kaernten.at\/klemenjak\/2018\/05\/03\/aktionstage-politische-bildung-bundeslaendertag-kaernten\/","title":{"rendered":"Aktionstage Politische Bildung &#8211; Bundesl\u00e4ndertag K\u00e4rnten im Landhaus Klagenfurt"},"content":{"rendered":"<p><a href=\"http:\/\/blog.fh-kaernten.at\/klemenjak\/files\/2018\/05\/Bildnachweis-Stefan-Sandrieser.jpg\"><img fetchpriority=\"high\" decoding=\"async\" class=\"alignleft wp-image-544 size-medium\" src=\"http:\/\/blog.fh-kaernten.at\/klemenjak\/files\/2018\/05\/Bildnachweis-Stefan-Sandrieser-300x225.jpg\" alt=\"\" width=\"300\" height=\"225\" srcset=\"https:\/\/blog.fh-kaernten.at\/klemenjak\/files\/2018\/05\/Bildnachweis-Stefan-Sandrieser-300x225.jpg 300w, https:\/\/blog.fh-kaernten.at\/klemenjak\/files\/2018\/05\/Bildnachweis-Stefan-Sandrieser-768x576.jpg 768w, https:\/\/blog.fh-kaernten.at\/klemenjak\/files\/2018\/05\/Bildnachweis-Stefan-Sandrieser-1024x768.jpg 1024w, https:\/\/blog.fh-kaernten.at\/klemenjak\/files\/2018\/05\/Bildnachweis-Stefan-Sandrieser.jpg 2048w\" sizes=\"(max-width: 300px) 100vw, 300px\" \/><\/a><\/p>\n<p>Am <strong>Mittwoch, 2. Mai 2018<\/strong> fand im <strong>Landhaus Klagenfurt<\/strong> der <strong>Bundesl\u00e4ndertag K\u00e4rnten der Aktionstage Politische Bildung<\/strong> statt. Veranstaltet wurde dieser vom Zentrum polis in Zusammenarbeit mit der Fachhochschule K&auml;rnten (Kathrin Stainer-H\u00e4mmerle). Begr\u00fc\u00dft wurden die Teilnehmenden durch Landtagspr\u00e4sident Reinhart Rohr und Bildungsdirektor Rudolf Altersberger. Kurz-Pr\u00e4sentationen, Austausch und Vernetzung standen im Mittelpunkt dieser Veranstaltung.<\/p>\n<p>Stellvertretend f\u00fcr die Veranstalter*innen-Gemeinschaft pr\u00e4sentierten Martin Klemenjak (FH K\u00e4rnten, Studiengang Soziale Arbeit), Heinz Pichler (AK K\u00e4rnten) und Christina Huber (AK K\u00e4rnten) die <strong>&#8222;K\u00e4rntner Gespr\u00e4che zur demokratiepolitischen Bildung&#8220;<\/strong>. Dabei handelt es sich um eine Kooperation von sieben K\u00e4rntner Akteur*innen (AK K\u00e4rnten, V\u00d6GB K\u00e4rnten, P\u00e4dagogische Hochschule K\u00e4rnten &#8211; Viktor Frankl Hochschule, Landesschulrat K\u00e4rnten, Die K\u00e4rntner Volkshochschulen, Universit\u00e4tsclub Wissenschaftsverein K\u00e4rnten, Studiengang Soziale Arbeit der FH K\u00e4rnten).<\/p>\n<p>Die &#8222;K\u00e4rntner Gespr\u00e4che zur demokratiepolitischen Bildung 2018&#8220; finden am <strong>Donnerstag, 25. Oktober 2018<\/strong> zum <strong>Thema &#8222;Demokratie oder Neoliberalismus?&#8220;<\/strong> im Konferenzsaal der AK K\u00e4rnten und im \u00d6GB\/AK Bildungsforum in Klagenfurt statt.<\/p>\n<p>Bildnachweis: Stefan Sandrieser<\/p>\n<p>&nbsp;<\/p>\n","protected":false},"excerpt":{"rendered":"<p>Am Mittwoch, 2. Mai 2018 fand im Landhaus Klagenfurt der Bundesl\u00e4ndertag K\u00e4rnten der Aktionstage Politische Bildung statt. Veranstaltet wurde dieser vom Zentrum polis in Zusammenarbeit mit der Fachhochschule K&auml;rnten (Kathrin Stainer-H\u00e4mmerle). Begr\u00fc\u00dft wurden die Teilnehmenden durch Landtagspr\u00e4sident Reinhart Rohr und Bildungsdirektor Rudolf Altersberger. Kurz-Pr\u00e4sentationen, Austausch und Vernetzung standen im Mittelpunkt dieser Veranstaltung. Stellvertretend f\u00fcr die [&hellip;]<\/p>\n","protected":false},"author":67,"featured_media":544,"comment_status":"closed","ping_status":"closed","sticky":false,"template":"","format":"standard","meta":{"inline_featured_image":false,"footnotes":""},"categories":[1],"tags":[],"class_list":["post-543","post","type-post","status-publish","format-standard","has-post-thumbnail","hentry","category-allgemein"],"_links":{"self":[{"href":"https:\/\/blog.fh-kaernten.at\/klemenjak\/wp-json\/wp\/v2\/posts\/543","targetHints":{"allow":["GET"]}}],"collection":[{"href":"https:\/\/blog.fh-kaernten.at\/klemenjak\/wp-json\/wp\/v2\/posts"}],"about":[{"href":"https:\/\/blog.fh-kaernten.at\/klemenjak\/wp-json\/wp\/v2\/types\/post"}],"author":[{"embeddable":true,"href":"https:\/\/blog.fh-kaernten.at\/klemenjak\/wp-json\/wp\/v2\/users\/67"}],"replies":[{"embeddable":true,"href":"https:\/\/blog.fh-kaernten.at\/klemenjak\/wp-json\/wp\/v2\/comments?post=543"}],"version-history":[{"count":0,"href":"https:\/\/blog.fh-kaernten.at\/klemenjak\/wp-json\/wp\/v2\/posts\/543\/revisions"}],"wp:featuredmedia":[{"embeddable":true,"href":"https:\/\/blog.fh-kaernten.at\/klemenjak\/wp-json\/wp\/v2\/media\/544"}],"wp:attachment":[{"href":"https:\/\/blog.fh-kaernten.at\/klemenjak\/wp-json\/wp\/v2\/media?parent=543"}],"wp:term":[{"taxonomy":"category","embeddable":true,"href":"https:\/\/blog.fh-kaernten.at\/klemenjak\/wp-json\/wp\/v2\/categories?post=543"},{"taxonomy":"post_tag","embeddable":true,"href":"https:\/\/blog.fh-kaernten.at\/klemenjak\/wp-json\/wp\/v2\/tags?post=543"}],"curies":[{"name":"wp","href":"https:\/\/api.w.org\/{rel}","templated":true}]}}