{"id":505,"date":"2018-01-11T16:07:11","date_gmt":"2018-01-11T14:07:11","guid":{"rendered":"http:\/\/blog.fh-kaernten.at\/klemenjak\/?p=505"},"modified":"2018-07-19T15:59:36","modified_gmt":"2018-07-19T13:59:36","slug":"zertifikatslehrgang-soziale-handlungskompetenzen-fuer-die-betriebsratstaetigkeit","status":"publish","type":"post","link":"https:\/\/blog.fh-kaernten.at\/klemenjak\/2018\/01\/11\/zertifikatslehrgang-soziale-handlungskompetenzen-fuer-die-betriebsratstaetigkeit\/","title":{"rendered":"Zertifikatslehrgang &#8222;Soziale Handlungskompetenzen f\u00fcr die Betriebsratst\u00e4tigkeit&#8220; (AK und FH K\u00e4rnten)"},"content":{"rendered":"<figure id=\"attachment_512\" aria-describedby=\"caption-attachment-512\" style=\"width: 300px\" class=\"wp-caption alignleft\"><a href=\"http:\/\/blog.fh-kaernten.at\/klemenjak\/files\/2018\/01\/csm_Modulubersicht_Soziale-Handlungskompetenzen_555d1a2a65.jpg\"><img fetchpriority=\"high\" decoding=\"async\" class=\"wp-image-512 size-medium\" src=\"http:\/\/blog.fh-kaernten.at\/klemenjak\/files\/2018\/01\/csm_Modulubersicht_Soziale-Handlungskompetenzen_555d1a2a65-300x177.jpg\" alt=\"\" width=\"300\" height=\"177\" srcset=\"https:\/\/blog.fh-kaernten.at\/klemenjak\/files\/2018\/01\/csm_Modulubersicht_Soziale-Handlungskompetenzen_555d1a2a65-300x177.jpg 300w, https:\/\/blog.fh-kaernten.at\/klemenjak\/files\/2018\/01\/csm_Modulubersicht_Soziale-Handlungskompetenzen_555d1a2a65-768x454.jpg 768w, https:\/\/blog.fh-kaernten.at\/klemenjak\/files\/2018\/01\/csm_Modulubersicht_Soziale-Handlungskompetenzen_555d1a2a65.jpg 900w\" sizes=\"(max-width: 300px) 100vw, 300px\" \/><\/a><figcaption id=\"caption-attachment-512\" class=\"wp-caption-text\">Modul\u00fcbersicht<\/figcaption><\/figure>\n<p>WANN: M\u00e4rz 2018 bis J\u00e4nner 2019<\/p>\n<p>WO: Fachhochschule K\u00e4rnten, Campus Feldkirchen<\/p>\n<p>Der <strong>Zertifikatslehrgang<\/strong> umfasst 2 Semester, 8 Semesterwochenstunden bzw. 120 Unterrichtseinheiten!<\/p>\n<p><strong>Information &amp; Anmeldung:<\/strong><\/p>\n<p><a href=\"http:\/\/blog.fh-kaernten.at\/klemenjak\/files\/2018\/01\/Folder.pdf\">Folder<\/a><\/p>\n<p><a href=\"http:\/\/www.fh-kaernten.at\/unser-studienangebot\/gesundheit-soziales\/ueberblick\/gesundheit-soziales\/weiterbildung\/soziale-handlungskompetenzen-fuer-die-betriebsratstaetigkeit\/konzeptziel\/\">http:\/\/www.fh-kaernten.at\/unser-studienangebot\/gesundheit-soziales\/ueberblick\/gesundheit-soziales\/weiterbildung\/soziale-handlungskompetenzen-fuer-die-betriebsratstaetigkeit\/konzeptziel\/<\/a><u><\/u><\/p>\n<p><a href=\"https:\/\/kaernten.arbeiterkammer.at\/lehrgang\">https:\/\/kaernten.arbeiterkammer.at\/lehrgang<\/a><\/p>\n","protected":false},"excerpt":{"rendered":"<p>WANN: M\u00e4rz 2018 bis J\u00e4nner 2019 WO: Fachhochschule K\u00e4rnten, Campus Feldkirchen Der Zertifikatslehrgang umfasst 2 Semester, 8 Semesterwochenstunden bzw. 120 Unterrichtseinheiten! Information &amp; Anmeldung: Folder http:\/\/www.fh-kaernten.at\/unser-studienangebot\/gesundheit-soziales\/ueberblick\/gesundheit-soziales\/weiterbildung\/soziale-handlungskompetenzen-fuer-die-betriebsratstaetigkeit\/konzeptziel\/ https:\/\/kaernten.arbeiterkammer.at\/lehrgang<\/p>\n","protected":false},"author":67,"featured_media":512,"comment_status":"open","ping_status":"open","sticky":false,"template":"","format":"standard","meta":{"inline_featured_image":false,"footnotes":""},"categories":[1],"tags":[],"class_list":["post-505","post","type-post","status-publish","format-standard","has-post-thumbnail","hentry","category-allgemein"],"_links":{"self":[{"href":"https:\/\/blog.fh-kaernten.at\/klemenjak\/wp-json\/wp\/v2\/posts\/505","targetHints":{"allow":["GET"]}}],"collection":[{"href":"https:\/\/blog.fh-kaernten.at\/klemenjak\/wp-json\/wp\/v2\/posts"}],"about":[{"href":"https:\/\/blog.fh-kaernten.at\/klemenjak\/wp-json\/wp\/v2\/types\/post"}],"author":[{"embeddable":true,"href":"https:\/\/blog.fh-kaernten.at\/klemenjak\/wp-json\/wp\/v2\/users\/67"}],"replies":[{"embeddable":true,"href":"https:\/\/blog.fh-kaernten.at\/klemenjak\/wp-json\/wp\/v2\/comments?post=505"}],"version-history":[{"count":0,"href":"https:\/\/blog.fh-kaernten.at\/klemenjak\/wp-json\/wp\/v2\/posts\/505\/revisions"}],"wp:featuredmedia":[{"embeddable":true,"href":"https:\/\/blog.fh-kaernten.at\/klemenjak\/wp-json\/wp\/v2\/media\/512"}],"wp:attachment":[{"href":"https:\/\/blog.fh-kaernten.at\/klemenjak\/wp-json\/wp\/v2\/media?parent=505"}],"wp:term":[{"taxonomy":"category","embeddable":true,"href":"https:\/\/blog.fh-kaernten.at\/klemenjak\/wp-json\/wp\/v2\/categories?post=505"},{"taxonomy":"post_tag","embeddable":true,"href":"https:\/\/blog.fh-kaernten.at\/klemenjak\/wp-json\/wp\/v2\/tags?post=505"}],"curies":[{"name":"wp","href":"https:\/\/api.w.org\/{rel}","templated":true}]}}