{"id":486,"date":"2017-10-25T15:30:28","date_gmt":"2017-10-25T13:30:28","guid":{"rendered":"http:\/\/blog.fh-kaernten.at\/klemenjak\/?p=486"},"modified":"2018-07-19T16:12:59","modified_gmt":"2018-07-19T14:12:59","slug":"kaerntner-gespraeche-zur-demokratiepolitischen-bildung-2017-vive-leurope-es-lebe-europa-2","status":"publish","type":"post","link":"https:\/\/blog.fh-kaernten.at\/klemenjak\/2017\/10\/25\/kaerntner-gespraeche-zur-demokratiepolitischen-bildung-2017-vive-leurope-es-lebe-europa-2\/","title":{"rendered":"K\u00e4rntner Gespr\u00e4che zur demokratiepolitischen Bildung 2017: \u201eVive l\u2019Europe \u2013 es lebe Europa!\u201c"},"content":{"rendered":"<p><a href=\"http:\/\/blog.fh-kaernten.at\/klemenjak\/files\/2017\/10\/Heinz-Fischer.jpg\"><img fetchpriority=\"high\" decoding=\"async\" class=\"wp-image-488 size-medium alignleft\" src=\"http:\/\/blog.fh-kaernten.at\/klemenjak\/files\/2017\/10\/Heinz-Fischer-300x200.jpg\" alt=\"\" width=\"300\" height=\"200\" srcset=\"https:\/\/blog.fh-kaernten.at\/klemenjak\/files\/2017\/10\/Heinz-Fischer-300x200.jpg 300w, https:\/\/blog.fh-kaernten.at\/klemenjak\/files\/2017\/10\/Heinz-Fischer-768x512.jpg 768w, https:\/\/blog.fh-kaernten.at\/klemenjak\/files\/2017\/10\/Heinz-Fischer-1024x683.jpg 1024w\" sizes=\"(max-width: 300px) 100vw, 300px\" \/><\/a>Am Donnerstag, 19. Oktober 2017 fanden zum mittlerweile\u00a0sechsten Mal die \u201eK\u00e4rntner Gespr\u00e4che zur demokratiepolitischen Bildung\u201c im Konferenzsaal der AK K\u00e4rnten und im \u00d6GB\/AK Bildungsforum in Klagenfurt statt. Dabei handelt es sich um eine Kooperationsveranstaltung der Kammer f\u00fcr Arbeiter und Angestellte f\u00fcr K\u00e4rnten mit dem Verband \u00d6sterreichischer gewerkschaftlicher Bildung, den K\u00e4rntner Volkshochschulen, dem Studiengang Soziale Arbeit der Fachhochschule K\u00e4rnten, dem Universit\u00e4ts.club|Wissenschaftsverein K\u00e4rnten, dem Landesschulrat K\u00e4rnten und der P\u00e4dagogischen Hochschule K\u00e4rnten \u2013 Viktor Frankl Hochschule.<\/p>\n<p>Die diesj\u00e4hrige Fachtagung stand unter dem Motto \u201eVive l&#8217;Europe &#8211; es lebe Europa!&#8220; Nach Key Notes von Dr. Horst Peter Gro\u00df sowie Solene Dengler und Nini Tsiklauri konnten sich die Teilnehmenden in\u00a0f\u00fcnf Workshops aktiv einbringen. Diese besch\u00e4ftigten sich mit folgenden Themen:<\/p>\n<ul>\n<li>Auf der Suche nach der europ\u00e4ischen Identit\u00e4t<\/li>\n<li>Das Projekt Europa: zwischen Zusammenbruch und Neuauflage<\/li>\n<li>Angst vor der Demokratie? Wie Neoliberalismus, Experten und behauptete Krisen unser Leben ver\u00e4ndern<\/li>\n<li>Soziales Europa &#8211; Fiktion oder Chance?<\/li>\n<li>Europa braucht uns: jetzt hei\u00dft es anpacken<\/li>\n<\/ul>\n<p>Den H\u00f6hepunkt und Abschluss der diesj\u00e4hrigen Fachtagung stellte ein moderiertes Gespr\u00e4ch mit Landeshauptmann Dr. Peter Kaiser, dem ehemaligen\u00a0Bundespr\u00e4sidenten Dr. Heinz Fischer und\u00a0 der Autorin Teresa Pr\u00e4auer dar.<\/p>\n<p>Bildnachweis: Helga Rader\/AK K\u00e4rnten<\/p>\n","protected":false},"excerpt":{"rendered":"<p>Am Donnerstag, 19. Oktober 2017 fanden zum mittlerweile\u00a0sechsten Mal die \u201eK\u00e4rntner Gespr\u00e4che zur demokratiepolitischen Bildung\u201c im Konferenzsaal der AK K\u00e4rnten und im \u00d6GB\/AK Bildungsforum in Klagenfurt statt. Dabei handelt es sich um eine Kooperationsveranstaltung der Kammer f\u00fcr Arbeiter und Angestellte f\u00fcr K\u00e4rnten mit dem Verband \u00d6sterreichischer gewerkschaftlicher Bildung, den K\u00e4rntner Volkshochschulen, dem Studiengang Soziale Arbeit [&hellip;]<\/p>\n","protected":false},"author":67,"featured_media":488,"comment_status":"closed","ping_status":"closed","sticky":false,"template":"","format":"standard","meta":{"inline_featured_image":false,"footnotes":""},"categories":[1],"tags":[],"class_list":["post-486","post","type-post","status-publish","format-standard","has-post-thumbnail","hentry","category-allgemein"],"_links":{"self":[{"href":"https:\/\/blog.fh-kaernten.at\/klemenjak\/wp-json\/wp\/v2\/posts\/486","targetHints":{"allow":["GET"]}}],"collection":[{"href":"https:\/\/blog.fh-kaernten.at\/klemenjak\/wp-json\/wp\/v2\/posts"}],"about":[{"href":"https:\/\/blog.fh-kaernten.at\/klemenjak\/wp-json\/wp\/v2\/types\/post"}],"author":[{"embeddable":true,"href":"https:\/\/blog.fh-kaernten.at\/klemenjak\/wp-json\/wp\/v2\/users\/67"}],"replies":[{"embeddable":true,"href":"https:\/\/blog.fh-kaernten.at\/klemenjak\/wp-json\/wp\/v2\/comments?post=486"}],"version-history":[{"count":0,"href":"https:\/\/blog.fh-kaernten.at\/klemenjak\/wp-json\/wp\/v2\/posts\/486\/revisions"}],"wp:featuredmedia":[{"embeddable":true,"href":"https:\/\/blog.fh-kaernten.at\/klemenjak\/wp-json\/wp\/v2\/media\/488"}],"wp:attachment":[{"href":"https:\/\/blog.fh-kaernten.at\/klemenjak\/wp-json\/wp\/v2\/media?parent=486"}],"wp:term":[{"taxonomy":"category","embeddable":true,"href":"https:\/\/blog.fh-kaernten.at\/klemenjak\/wp-json\/wp\/v2\/categories?post=486"},{"taxonomy":"post_tag","embeddable":true,"href":"https:\/\/blog.fh-kaernten.at\/klemenjak\/wp-json\/wp\/v2\/tags?post=486"}],"curies":[{"name":"wp","href":"https:\/\/api.w.org\/{rel}","templated":true}]}}