{"id":44,"date":"2013-05-23T16:44:54","date_gmt":"2013-05-23T14:44:54","guid":{"rendered":"http:\/\/blog.fh-kaernten.at\/klemenjak\/?p=44"},"modified":"2018-07-19T16:14:29","modified_gmt":"2018-07-19T14:14:29","slug":"44","status":"publish","type":"post","link":"https:\/\/blog.fh-kaernten.at\/klemenjak\/2013\/05\/23\/44\/","title":{"rendered":"Lehrgang &#8222;Erfolgreich im Job&#8220;"},"content":{"rendered":"<p><a href=\"http:\/\/blog.fh-kaernten.at\/klemenjak\/files\/2013\/05\/Pressefoto_23.-April-2013-f\u00fcr-FH-Projekt-Website.jpg\"><img fetchpriority=\"high\" decoding=\"async\" class=\"size-medium wp-image-78 alignleft\" src=\"http:\/\/blog.fh-kaernten.at\/klemenjak\/files\/2013\/05\/Pressefoto_23.-April-2013-f\u00fcr-FH-Projekt-Website-300x198.jpg\" alt=\"Pressefoto_23. April 2013 f\u00fcr FH-Projekt-Website\" width=\"300\" height=\"198\" srcset=\"https:\/\/blog.fh-kaernten.at\/klemenjak\/files\/2013\/05\/Pressefoto_23.-April-2013-f\u00fcr-FH-Projekt-Website-300x198.jpg 300w, https:\/\/blog.fh-kaernten.at\/klemenjak\/files\/2013\/05\/Pressefoto_23.-April-2013-f\u00fcr-FH-Projekt-Website-1024x678.jpg 1024w\" sizes=\"(max-width: 300px) 100vw, 300px\" \/><\/a><\/p>\n<p>Im Rahmen des <strong>Drittmittel-Projektes &#8222;IKAV&#8220;<\/strong> wurde der <strong>Lehrgang &#8222;Erfolgreich im Job&#8220;<\/strong> entwickelt und durchgef\u00fchrt. Herr <strong>Landesrat Dr. Wolfgang Waldner<\/strong> besuchte Ende April den Standort Feldkirchen der Fachhochschule K\u00e4rnten und \u00fcberreichte den teilnehmenden Gemeinde-Lehrlingen die Zertifikate! Au\u00dferdem fand eine interessante Diskussion mit den Jugendlichen statt!<\/p>\n<p>Ein herzliches Dankesch\u00f6n allen Beteiligten! Ich freue mich schon auf unsere weitere Kooperation!<\/p>\n<p>Fotohinweis: B\u00fcro LR Waldner<\/p>\n","protected":false},"excerpt":{"rendered":"<p>Im Rahmen des Drittmittel-Projektes &#8222;IKAV&#8220; wurde der Lehrgang &#8222;Erfolgreich im Job&#8220; entwickelt und durchgef\u00fchrt. Herr Landesrat Dr. Wolfgang Waldner besuchte Ende April den Standort Feldkirchen der Fachhochschule K\u00e4rnten und \u00fcberreichte den teilnehmenden Gemeinde-Lehrlingen die Zertifikate! Au\u00dferdem fand eine interessante Diskussion mit den Jugendlichen statt! Ein herzliches Dankesch\u00f6n allen Beteiligten! Ich freue mich schon auf unsere [&hellip;]<\/p>\n","protected":false},"author":67,"featured_media":78,"comment_status":"open","ping_status":"open","sticky":false,"template":"","format":"standard","meta":{"inline_featured_image":false,"footnotes":""},"categories":[1],"tags":[],"class_list":["post-44","post","type-post","status-publish","format-standard","has-post-thumbnail","hentry","category-allgemein"],"_links":{"self":[{"href":"https:\/\/blog.fh-kaernten.at\/klemenjak\/wp-json\/wp\/v2\/posts\/44","targetHints":{"allow":["GET"]}}],"collection":[{"href":"https:\/\/blog.fh-kaernten.at\/klemenjak\/wp-json\/wp\/v2\/posts"}],"about":[{"href":"https:\/\/blog.fh-kaernten.at\/klemenjak\/wp-json\/wp\/v2\/types\/post"}],"author":[{"embeddable":true,"href":"https:\/\/blog.fh-kaernten.at\/klemenjak\/wp-json\/wp\/v2\/users\/67"}],"replies":[{"embeddable":true,"href":"https:\/\/blog.fh-kaernten.at\/klemenjak\/wp-json\/wp\/v2\/comments?post=44"}],"version-history":[{"count":0,"href":"https:\/\/blog.fh-kaernten.at\/klemenjak\/wp-json\/wp\/v2\/posts\/44\/revisions"}],"wp:featuredmedia":[{"embeddable":true,"href":"https:\/\/blog.fh-kaernten.at\/klemenjak\/wp-json\/wp\/v2\/media\/78"}],"wp:attachment":[{"href":"https:\/\/blog.fh-kaernten.at\/klemenjak\/wp-json\/wp\/v2\/media?parent=44"}],"wp:term":[{"taxonomy":"category","embeddable":true,"href":"https:\/\/blog.fh-kaernten.at\/klemenjak\/wp-json\/wp\/v2\/categories?post=44"},{"taxonomy":"post_tag","embeddable":true,"href":"https:\/\/blog.fh-kaernten.at\/klemenjak\/wp-json\/wp\/v2\/tags?post=44"}],"curies":[{"name":"wp","href":"https:\/\/api.w.org\/{rel}","templated":true}]}}