{"id":407,"date":"2016-10-28T11:30:25","date_gmt":"2016-10-28T09:30:25","guid":{"rendered":"http:\/\/blog.fh-kaernten.at\/klemenjak\/?p=407"},"modified":"2018-07-23T13:46:21","modified_gmt":"2018-07-23T11:46:21","slug":"kaerntner-gespraeche-zur-demokratiepolitischen-bildung-2016-die-sozialen-fragen-im-21-jahrhundert-erkennen-benennen-veraendern-2","status":"publish","type":"post","link":"https:\/\/blog.fh-kaernten.at\/klemenjak\/2016\/10\/28\/kaerntner-gespraeche-zur-demokratiepolitischen-bildung-2016-die-sozialen-fragen-im-21-jahrhundert-erkennen-benennen-veraendern-2\/","title":{"rendered":"K\u00e4rntner Gespr\u00e4che zur demokratiepolitischen Bildung 2016 \u2013 Die SOZIALEN FRAGEN im 21. Jahrhundert. Erkennen &#8211; benennen &#8211; ver\u00e4ndern"},"content":{"rendered":"<p><a href=\"http:\/\/blog.fh-kaernten.at\/klemenjak\/files\/2016\/10\/AK-201016-034.jpg\"><img fetchpriority=\"high\" decoding=\"async\" class=\"wp-image-409 size-medium alignleft\" src=\"http:\/\/blog.fh-kaernten.at\/klemenjak\/files\/2016\/10\/AK-201016-034-300x200.jpg\" alt=\"\" width=\"300\" height=\"200\" srcset=\"https:\/\/blog.fh-kaernten.at\/klemenjak\/files\/2016\/10\/AK-201016-034-300x200.jpg 300w, https:\/\/blog.fh-kaernten.at\/klemenjak\/files\/2016\/10\/AK-201016-034-768x512.jpg 768w, https:\/\/blog.fh-kaernten.at\/klemenjak\/files\/2016\/10\/AK-201016-034-1024x683.jpg 1024w\" sizes=\"(max-width: 300px) 100vw, 300px\" \/><\/a>Am Donnerstag, 20. Oktober 2016 fanden zum mittlerweile\u00a0f\u00fcnften Mal die \u201eK\u00e4rntner Gespr\u00e4che zur demokratiepolitischen Bildung\u201c im Konferenzsaal der AK K\u00e4rnten und im \u00d6GB\/AK Bildungsforum in Klagenfurt statt. Dabei handelt es sich um eine Kooperationsveranstaltung der Kammer f\u00fcr Arbeiter und Angestellte f\u00fcr K\u00e4rnten mit dem Verband \u00d6sterreichischer gewerkschaftlicher Bildung, den K\u00e4rntner Volkshochschulen, dem Studiengang Soziale Arbeit der Fachhochschule K\u00e4rnten, der Alpen-Adria-Universit\u00e4t Klagenfurt und der P\u00e4dagogischen Hochschule K\u00e4rnten \u2013 Viktor Frankl Hochschule.<\/p>\n<p>Die diesj\u00e4hrige Fachtagung stand unter dem Motto \u201eDie SOZIALEN FRAGEN im 21. Jahrhundert. Erkennen &#8211; benennen &#8211; ver\u00e4ndern&#8220;. Nach einleitenden Statements unter anderem durch die AK-Vizepr\u00e4sidentin Ursula Heitzer und die ehemalige Rektorin der FH K\u00e4rnten, FH-Prof.in Dr.in habil. Susanne Dungs wurden f\u00fcnf Workshops realisiert, in denen sich die Teilnehmenden aktiv einbringen konnten. Diese besch\u00e4ftigten sich mit folgenden Themen:<\/p>\n<p>&#8211; Armut, soziale Ausgrenzung und Verteilungsgerechtigkeit<br \/>\n&#8211; Lebensbegleitende Bildung &#8211; zwischen M\u00fcssen, Wollen und K\u00f6nnen<br \/>\n&#8211; Flucht, Migration, Integration und die Soziale Frage<br \/>\n&#8211; Jenseits von Entwicklungshilfe und Almosen<br \/>\n&#8211; Die Zukunft der Arbeitsgesellschaft in der digitalen Revolution<\/p>\n<p>Den H\u00f6hepunkt und Abschluss der diesj\u00e4hrigen Fachtagung stellte ein moderiertes Gespr\u00e4ch mit Landeshauptmann Dr. Peter Kaiser, dem ehemaligen Pr\u00e4sidenten der Caritas \u00d6sterreich, Dr. h.c. Franz K\u00fcberl und der Poetry-Slammerin Lisa Eckhart dar.<\/p>\n<p>Bildnachweis: Helga Rader\/AK K\u00e4rnten<\/p>\n","protected":false},"excerpt":{"rendered":"<p>Am Donnerstag, 20. Oktober 2016 fanden zum mittlerweile\u00a0f\u00fcnften Mal die \u201eK\u00e4rntner Gespr\u00e4che zur demokratiepolitischen Bildung\u201c im Konferenzsaal der AK K\u00e4rnten und im \u00d6GB\/AK Bildungsforum in Klagenfurt statt. Dabei handelt es sich um eine Kooperationsveranstaltung der Kammer f\u00fcr Arbeiter und Angestellte f\u00fcr K\u00e4rnten mit dem Verband \u00d6sterreichischer gewerkschaftlicher Bildung, den K\u00e4rntner Volkshochschulen, dem Studiengang Soziale Arbeit [&hellip;]<\/p>\n","protected":false},"author":67,"featured_media":409,"comment_status":"closed","ping_status":"closed","sticky":false,"template":"","format":"standard","meta":{"inline_featured_image":false,"footnotes":""},"categories":[1],"tags":[],"class_list":["post-407","post","type-post","status-publish","format-standard","has-post-thumbnail","hentry","category-allgemein"],"_links":{"self":[{"href":"https:\/\/blog.fh-kaernten.at\/klemenjak\/wp-json\/wp\/v2\/posts\/407","targetHints":{"allow":["GET"]}}],"collection":[{"href":"https:\/\/blog.fh-kaernten.at\/klemenjak\/wp-json\/wp\/v2\/posts"}],"about":[{"href":"https:\/\/blog.fh-kaernten.at\/klemenjak\/wp-json\/wp\/v2\/types\/post"}],"author":[{"embeddable":true,"href":"https:\/\/blog.fh-kaernten.at\/klemenjak\/wp-json\/wp\/v2\/users\/67"}],"replies":[{"embeddable":true,"href":"https:\/\/blog.fh-kaernten.at\/klemenjak\/wp-json\/wp\/v2\/comments?post=407"}],"version-history":[{"count":0,"href":"https:\/\/blog.fh-kaernten.at\/klemenjak\/wp-json\/wp\/v2\/posts\/407\/revisions"}],"wp:featuredmedia":[{"embeddable":true,"href":"https:\/\/blog.fh-kaernten.at\/klemenjak\/wp-json\/wp\/v2\/media\/409"}],"wp:attachment":[{"href":"https:\/\/blog.fh-kaernten.at\/klemenjak\/wp-json\/wp\/v2\/media?parent=407"}],"wp:term":[{"taxonomy":"category","embeddable":true,"href":"https:\/\/blog.fh-kaernten.at\/klemenjak\/wp-json\/wp\/v2\/categories?post=407"},{"taxonomy":"post_tag","embeddable":true,"href":"https:\/\/blog.fh-kaernten.at\/klemenjak\/wp-json\/wp\/v2\/tags?post=407"}],"curies":[{"name":"wp","href":"https:\/\/api.w.org\/{rel}","templated":true}]}}