{"id":393,"date":"2016-10-05T13:56:33","date_gmt":"2016-10-05T11:56:33","guid":{"rendered":"http:\/\/blog.fh-kaernten.at\/klemenjak\/?p=393"},"modified":"2018-07-19T16:01:40","modified_gmt":"2018-07-19T14:01:40","slug":"kaerntner-gespraeche-zur-demokratiepolitischen-bildung-2016-die-sozialen-fragen-im-21-jahrhundert-erkennen-benennen-veraendern","status":"publish","type":"post","link":"https:\/\/blog.fh-kaernten.at\/klemenjak\/2016\/10\/05\/kaerntner-gespraeche-zur-demokratiepolitischen-bildung-2016-die-sozialen-fragen-im-21-jahrhundert-erkennen-benennen-veraendern\/","title":{"rendered":"K\u00e4rntner Gespr\u00e4che zur demokratiepolitischen Bildung 2016 &#8211; Die SOZIALEN FRAGEN im 21. Jahrhundert. Erkennen &#8211; benennen &#8211; ver\u00e4ndern"},"content":{"rendered":"<p><a href=\"http:\/\/blog.fh-kaernten.at\/klemenjak\/files\/2016\/10\/ktn-gespraeche-2016.png\"><img fetchpriority=\"high\" decoding=\"async\" class=\"wp-image-657 size-medium alignleft\" src=\"http:\/\/blog.fh-kaernten.at\/klemenjak\/files\/2016\/10\/ktn-gespraeche-2016-300x224.png\" alt=\"\" width=\"300\" height=\"224\" srcset=\"https:\/\/blog.fh-kaernten.at\/klemenjak\/files\/2016\/10\/ktn-gespraeche-2016-300x224.png 300w, https:\/\/blog.fh-kaernten.at\/klemenjak\/files\/2016\/10\/ktn-gespraeche-2016-768x574.png 768w, https:\/\/blog.fh-kaernten.at\/klemenjak\/files\/2016\/10\/ktn-gespraeche-2016-1024x765.png 1024w, https:\/\/blog.fh-kaernten.at\/klemenjak\/files\/2016\/10\/ktn-gespraeche-2016.png 1536w\" sizes=\"(max-width: 300px) 100vw, 300px\" \/><\/a>Gemeinsam mit Vertreter\/innen\u00a0der <strong>AK K\u00e4rnten<\/strong>, dem <strong>V\u00d6GB K\u00e4rnten<\/strong>, der <strong>P\u00e4dagogischen Hochschule K\u00e4rnten \u2013 Viktor Frankl Hochschule K\u00e4rnten<\/strong>, den <strong>K\u00e4rntner Volkshochschulen<\/strong> und der <strong>Alpen-Adria-Universit\u00e4t Klagenfurt<\/strong> hat Mag. Martin Klemenjak\u00a0vom Studiengang Soziale Arbeit der <strong>Fachhochschule K\u00e4rnten<\/strong> die <strong>Fachtagung \u201eK\u00e4rntner Gespr\u00e4che zur demokratiepolitischen Bildung 2016 \u2013 Die SOZIALEN FRAGEN im 21. Jahrhundert. Erkennen &#8211; benennen &#8211; ver\u00e4ndern&#8220; <\/strong>konzipiert und organisiert.<\/p>\n<p>Diese Fachtagung findet am <strong>Donnerstag, 20. Oktober 2016 \u2013 in der Zeit von 13:30 bis 19:30 Uhr \u2013 im Konferenzsaal der AK K\u00e4rnten und im \u00d6GB\/AK Bildungsforum in Klagenfurt<\/strong> statt.<\/p>\n<p><a href=\"http:\/\/blog.fh-kaernten.at\/klemenjak\/files\/2016\/10\/Einladung-Programm-2016_Ganzseitige-Version.pdf\">Einladung &amp; Programm<\/a><\/p>\n<p><strong>Informationen &amp; Anmeldungen:<br \/>\n<\/strong>AK K\u00e4rnten, T: 050 477-2307,<br \/>\nE-Mail: bildung@akktn.at,<br \/>\nkaernten.arbeiterkammer.at\/ktn-gespraeche<\/p>\n","protected":false},"excerpt":{"rendered":"<p>Gemeinsam mit Vertreter\/innen\u00a0der AK K\u00e4rnten, dem V\u00d6GB K\u00e4rnten, der P\u00e4dagogischen Hochschule K\u00e4rnten \u2013 Viktor Frankl Hochschule K\u00e4rnten, den K\u00e4rntner Volkshochschulen und der Alpen-Adria-Universit\u00e4t Klagenfurt hat Mag. Martin Klemenjak\u00a0vom Studiengang Soziale Arbeit der Fachhochschule K\u00e4rnten die Fachtagung \u201eK\u00e4rntner Gespr\u00e4che zur demokratiepolitischen Bildung 2016 \u2013 Die SOZIALEN FRAGEN im 21. Jahrhundert. Erkennen &#8211; benennen &#8211; ver\u00e4ndern&#8220; konzipiert [&hellip;]<\/p>\n","protected":false},"author":67,"featured_media":657,"comment_status":"open","ping_status":"open","sticky":false,"template":"","format":"standard","meta":{"inline_featured_image":false,"footnotes":""},"categories":[1],"tags":[],"class_list":["post-393","post","type-post","status-publish","format-standard","has-post-thumbnail","hentry","category-allgemein"],"_links":{"self":[{"href":"https:\/\/blog.fh-kaernten.at\/klemenjak\/wp-json\/wp\/v2\/posts\/393","targetHints":{"allow":["GET"]}}],"collection":[{"href":"https:\/\/blog.fh-kaernten.at\/klemenjak\/wp-json\/wp\/v2\/posts"}],"about":[{"href":"https:\/\/blog.fh-kaernten.at\/klemenjak\/wp-json\/wp\/v2\/types\/post"}],"author":[{"embeddable":true,"href":"https:\/\/blog.fh-kaernten.at\/klemenjak\/wp-json\/wp\/v2\/users\/67"}],"replies":[{"embeddable":true,"href":"https:\/\/blog.fh-kaernten.at\/klemenjak\/wp-json\/wp\/v2\/comments?post=393"}],"version-history":[{"count":0,"href":"https:\/\/blog.fh-kaernten.at\/klemenjak\/wp-json\/wp\/v2\/posts\/393\/revisions"}],"wp:featuredmedia":[{"embeddable":true,"href":"https:\/\/blog.fh-kaernten.at\/klemenjak\/wp-json\/wp\/v2\/media\/657"}],"wp:attachment":[{"href":"https:\/\/blog.fh-kaernten.at\/klemenjak\/wp-json\/wp\/v2\/media?parent=393"}],"wp:term":[{"taxonomy":"category","embeddable":true,"href":"https:\/\/blog.fh-kaernten.at\/klemenjak\/wp-json\/wp\/v2\/categories?post=393"},{"taxonomy":"post_tag","embeddable":true,"href":"https:\/\/blog.fh-kaernten.at\/klemenjak\/wp-json\/wp\/v2\/tags?post=393"}],"curies":[{"name":"wp","href":"https:\/\/api.w.org\/{rel}","templated":true}]}}