{"id":375,"date":"2016-06-10T18:14:56","date_gmt":"2016-06-10T16:14:56","guid":{"rendered":"http:\/\/blog.fh-kaernten.at\/klemenjak\/?p=375"},"modified":"2018-06-28T08:16:43","modified_gmt":"2018-06-28T06:16:43","slug":"radio-kaernten-streitkultur-zur-lehrlingsausbildung-mit-martin-klemenjak","status":"publish","type":"post","link":"https:\/\/blog.fh-kaernten.at\/klemenjak\/2016\/06\/10\/radio-kaernten-streitkultur-zur-lehrlingsausbildung-mit-martin-klemenjak\/","title":{"rendered":"&#8222;Radio K\u00e4rnten Streitkultur&#8220; zum Thema Lehrlingsausbildung mit Martin Klemenjak"},"content":{"rendered":"<p><strong>Martin Klemenjak diskutierte im Rahmen der &#8222;Radio K\u00e4rnten Streitkultur&#8220; am Montag, d. 6. Juni 2016 im ORF-Landesstudio K\u00e4rnten zum Thema &#8222;Lehrstellen oder Leerstellen?&#8220;<\/strong><\/p>\n<p><strong>An der Live-Diskussion nahmen teil:<\/strong><br \/>\nPeter Wedenig, stv. Leiter Arbeitsmarktservice<br \/>\nMartin Klemenjak, Fachhochschule K\u00e4rnten<br \/>\nKlaus Peter Kronlechner, Unternehmervertreter<br \/>\nElisabeth Niederer, Gesch\u00e4ftsf\u00fchrerin &#8222;Jugend am Werk&#8220;<br \/>\nPeter Kollnitzer, Sprecher der Berufssch\u00fcler<\/p>\n<p><strong>Sendung zum Nachh\u00f6ren:<\/strong><br \/>\nhttp:\/\/kaernten.orf.at\/studio\/stories\/2501027\/<\/p>\n<p><strong>Sendung zum Nachlesen:<\/strong><br \/>\nhttp:\/\/kaernten.orf.at\/radio\/stories\/2778865\/<\/p>\n","protected":false},"excerpt":{"rendered":"<p>Martin Klemenjak diskutierte im Rahmen der &#8222;Radio K\u00e4rnten Streitkultur&#8220; am Montag, d. 6. Juni 2016 im ORF-Landesstudio K\u00e4rnten zum Thema &#8222;Lehrstellen oder Leerstellen?&#8220; An der Live-Diskussion nahmen teil: Peter Wedenig, stv. Leiter Arbeitsmarktservice Martin Klemenjak, Fachhochschule K\u00e4rnten Klaus Peter Kronlechner, Unternehmervertreter Elisabeth Niederer, Gesch\u00e4ftsf\u00fchrerin &#8222;Jugend am Werk&#8220; Peter Kollnitzer, Sprecher der Berufssch\u00fcler Sendung zum Nachh\u00f6ren: [&hellip;]<\/p>\n","protected":false},"author":67,"featured_media":0,"comment_status":"open","ping_status":"open","sticky":false,"template":"","format":"standard","meta":{"inline_featured_image":false,"footnotes":""},"categories":[1],"tags":[],"class_list":["post-375","post","type-post","status-publish","format-standard","hentry","category-allgemein"],"_links":{"self":[{"href":"https:\/\/blog.fh-kaernten.at\/klemenjak\/wp-json\/wp\/v2\/posts\/375","targetHints":{"allow":["GET"]}}],"collection":[{"href":"https:\/\/blog.fh-kaernten.at\/klemenjak\/wp-json\/wp\/v2\/posts"}],"about":[{"href":"https:\/\/blog.fh-kaernten.at\/klemenjak\/wp-json\/wp\/v2\/types\/post"}],"author":[{"embeddable":true,"href":"https:\/\/blog.fh-kaernten.at\/klemenjak\/wp-json\/wp\/v2\/users\/67"}],"replies":[{"embeddable":true,"href":"https:\/\/blog.fh-kaernten.at\/klemenjak\/wp-json\/wp\/v2\/comments?post=375"}],"version-history":[{"count":0,"href":"https:\/\/blog.fh-kaernten.at\/klemenjak\/wp-json\/wp\/v2\/posts\/375\/revisions"}],"wp:attachment":[{"href":"https:\/\/blog.fh-kaernten.at\/klemenjak\/wp-json\/wp\/v2\/media?parent=375"}],"wp:term":[{"taxonomy":"category","embeddable":true,"href":"https:\/\/blog.fh-kaernten.at\/klemenjak\/wp-json\/wp\/v2\/categories?post=375"},{"taxonomy":"post_tag","embeddable":true,"href":"https:\/\/blog.fh-kaernten.at\/klemenjak\/wp-json\/wp\/v2\/tags?post=375"}],"curies":[{"name":"wp","href":"https:\/\/api.w.org\/{rel}","templated":true}]}}