{"id":359,"date":"2016-04-04T12:39:00","date_gmt":"2016-04-04T10:39:00","guid":{"rendered":"http:\/\/blog.fh-kaernten.at\/klemenjak\/?p=359"},"modified":"2018-07-19T16:02:01","modified_gmt":"2018-07-19T14:02:01","slug":"erster-barbara-prammer-preis-verleihen","status":"publish","type":"post","link":"https:\/\/blog.fh-kaernten.at\/klemenjak\/2016\/04\/04\/erster-barbara-prammer-preis-verleihen\/","title":{"rendered":"Erster Barbara-Prammer-Preis verliehen"},"content":{"rendered":"<p><strong><a href=\"http:\/\/blog.fh-kaernten.at\/klemenjak\/files\/2016\/04\/Foto_7.jpg\"><img fetchpriority=\"high\" decoding=\"async\" class=\"wp-image-365 size-medium alignleft\" src=\"http:\/\/blog.fh-kaernten.at\/klemenjak\/files\/2016\/04\/Foto_7-300x175.jpg\" alt=\"\" width=\"300\" height=\"175\" srcset=\"https:\/\/blog.fh-kaernten.at\/klemenjak\/files\/2016\/04\/Foto_7-300x175.jpg 300w, https:\/\/blog.fh-kaernten.at\/klemenjak\/files\/2016\/04\/Foto_7-768x449.jpg 768w, https:\/\/blog.fh-kaernten.at\/klemenjak\/files\/2016\/04\/Foto_7-1024x598.jpg 1024w, https:\/\/blog.fh-kaernten.at\/klemenjak\/files\/2016\/04\/Foto_7.jpg 2048w\" sizes=\"(max-width: 300px) 100vw, 300px\" \/><\/a>Heinz Pichler und Martin Klemenjak \u00fcbernahmen\u00a0am Dienstag, d. 29. M\u00e4rz 2016 in Wien den ersten Barbara-Prammer-Preis von Bundesministerin Gabriele Heinisch-Hosek.<\/strong><\/p>\n<div class=\"row\">\n<p><!-- main text --><\/p>\n<div class=\"col-sm-8 col-md-8\">\n<p>Heinz Pichler und\u00a0 Martin Klemenjak erhielten f\u00fcr ihre \u201eK\u00e4rntner Gespr\u00e4che zur demokratiepolitischen Bildung\u201c den ersten Barbara-Prammer-Preis. Beide lehren an der Fachhochschule in Feldkirchen. \u201eDas ist eine tolle Anerkennung f\u00fcr die wichtige Arbeit im Bereich der politischen Bildung\u201c, sagt Klemenjak.<\/p>\n<p>Die K\u00e4rntner Gespr\u00e4che finden seit 2012 ein Mal j\u00e4hrlich statt und umfassten bislang Fragen wie &#8222;Demokratie in der Krise?&#8220; oder &#8222;Populismus und Rassismus im Vormarsch?&#8220;<\/p>\n<p>Bildnachweis: Andi Wenzel\/BKA<\/p>\n<\/div>\n<\/div>\n","protected":false},"excerpt":{"rendered":"<p>Heinz Pichler und Martin Klemenjak \u00fcbernahmen\u00a0am Dienstag, d. 29. M\u00e4rz 2016 in Wien den ersten Barbara-Prammer-Preis von Bundesministerin Gabriele Heinisch-Hosek. Heinz Pichler und\u00a0 Martin Klemenjak erhielten f\u00fcr ihre \u201eK\u00e4rntner Gespr\u00e4che zur demokratiepolitischen Bildung\u201c den ersten Barbara-Prammer-Preis. Beide lehren an der Fachhochschule in Feldkirchen. \u201eDas ist eine tolle Anerkennung f\u00fcr die wichtige Arbeit im Bereich der [&hellip;]<\/p>\n","protected":false},"author":67,"featured_media":365,"comment_status":"open","ping_status":"open","sticky":false,"template":"","format":"standard","meta":{"inline_featured_image":false,"footnotes":""},"categories":[1],"tags":[],"class_list":["post-359","post","type-post","status-publish","format-standard","has-post-thumbnail","hentry","category-allgemein"],"_links":{"self":[{"href":"https:\/\/blog.fh-kaernten.at\/klemenjak\/wp-json\/wp\/v2\/posts\/359","targetHints":{"allow":["GET"]}}],"collection":[{"href":"https:\/\/blog.fh-kaernten.at\/klemenjak\/wp-json\/wp\/v2\/posts"}],"about":[{"href":"https:\/\/blog.fh-kaernten.at\/klemenjak\/wp-json\/wp\/v2\/types\/post"}],"author":[{"embeddable":true,"href":"https:\/\/blog.fh-kaernten.at\/klemenjak\/wp-json\/wp\/v2\/users\/67"}],"replies":[{"embeddable":true,"href":"https:\/\/blog.fh-kaernten.at\/klemenjak\/wp-json\/wp\/v2\/comments?post=359"}],"version-history":[{"count":0,"href":"https:\/\/blog.fh-kaernten.at\/klemenjak\/wp-json\/wp\/v2\/posts\/359\/revisions"}],"wp:featuredmedia":[{"embeddable":true,"href":"https:\/\/blog.fh-kaernten.at\/klemenjak\/wp-json\/wp\/v2\/media\/365"}],"wp:attachment":[{"href":"https:\/\/blog.fh-kaernten.at\/klemenjak\/wp-json\/wp\/v2\/media?parent=359"}],"wp:term":[{"taxonomy":"category","embeddable":true,"href":"https:\/\/blog.fh-kaernten.at\/klemenjak\/wp-json\/wp\/v2\/categories?post=359"},{"taxonomy":"post_tag","embeddable":true,"href":"https:\/\/blog.fh-kaernten.at\/klemenjak\/wp-json\/wp\/v2\/tags?post=359"}],"curies":[{"name":"wp","href":"https:\/\/api.w.org\/{rel}","templated":true}]}}