{"id":353,"date":"2016-03-22T13:22:07","date_gmt":"2016-03-22T11:22:07","guid":{"rendered":"http:\/\/blog.fh-kaernten.at\/klemenjak\/?p=353"},"modified":"2018-07-19T16:02:15","modified_gmt":"2018-07-19T14:02:15","slug":"berufswahl-fernab-von-geschlechter-klischees-lehrlingsausbilder_innen-vernetzten-sich-an-der-fh-kaernten-in-feldkirchen","status":"publish","type":"post","link":"https:\/\/blog.fh-kaernten.at\/klemenjak\/2016\/03\/22\/berufswahl-fernab-von-geschlechter-klischees-lehrlingsausbilder_innen-vernetzten-sich-an-der-fh-kaernten-in-feldkirchen\/","title":{"rendered":"Berufswahl fernab von Geschlechter-Klischees &#8211; Lehrlingsausbilder_innen vernetzten sich an der FH K\u00e4rnten in Feldkirchen"},"content":{"rendered":"<p><strong><a href=\"http:\/\/blog.fh-kaernten.at\/klemenjak\/files\/2016\/03\/PA-vom-21.-M\u00e4rz-2016_Foto.jpg\"><img fetchpriority=\"high\" decoding=\"async\" class=\"wp-image-355 size-medium alignleft\" src=\"http:\/\/blog.fh-kaernten.at\/klemenjak\/files\/2016\/03\/PA-vom-21.-M\u00e4rz-2016_Foto-300x200.jpg\" alt=\"\" width=\"300\" height=\"200\" srcset=\"https:\/\/blog.fh-kaernten.at\/klemenjak\/files\/2016\/03\/PA-vom-21.-M\u00e4rz-2016_Foto-300x200.jpg 300w, https:\/\/blog.fh-kaernten.at\/klemenjak\/files\/2016\/03\/PA-vom-21.-M\u00e4rz-2016_Foto-768x512.jpg 768w, https:\/\/blog.fh-kaernten.at\/klemenjak\/files\/2016\/03\/PA-vom-21.-M\u00e4rz-2016_Foto-1024x683.jpg 1024w\" sizes=\"(max-width: 300px) 100vw, 300px\" \/><\/a>Rund 40 Personen trafen sich an der Fachhochschule K\u00e4rnten am Campus Feldkirchen beim \u201e3. K\u00e4rntner Vernetzungstreffen f\u00fcr Lehrlingsausbilder_innen\u201c um \u00fcber die Berufswahl fernab von Geschlechter-Klischees zu diskutieren.<\/strong><\/p>\n<p>Am Studiengang Soziale Arbeit der FH K\u00e4rnten fand in Kooperation mit dem M\u00e4dchenzentrum Klagenfurt am Mittwoch, dem 16. M\u00e4rz 2016 das \u201e3. K\u00e4rntner Vernetzungstreffen f\u00fcr Lehrlingsausbilder_innen\u201c statt. Diese Veranstaltung stand heuer unter dem Motto \u201eTechnik oder Soziales? Berufswahl fernab von Geschlechter-Klischees: Wie Unternehmen und Gesellschaft davon profitieren k\u00f6nnen\u201c. Moderiert wurde dieses Vernetzungstreffen von Martin Klemenjak vom Studiengang Soziale Arbeit der FH K\u00e4rnten. Gru\u00dfworte \u00fcbermittelte Waltraud Grillitsch, die Leiterin des Studienganges Soziale Arbeit.<\/p>\n<p>Am Beginn des Vernetzungstreffens standen Impulsstatements von Christine Erlach vom M\u00e4dchenzentrum Klagenfurt, Ruth Hechtl vom Studiengang Soziale Arbeit der FH K\u00e4rnten, dem angehenden Sozialarbeiter Mario Sherif El Shamy und Rebecca Zechner, die eine Lehre zur Kunststofftechnikerin absolviert.<\/p>\n<p>Das anschlie\u00dfende World Caf\u00e9 bot den Teilnehmenden die M\u00f6glichkeit zum kollegialen Austausch, zur Reflexion und zur Vernetzung. Gastgeber_innen waren Darja Mischkulnig-Stojanovska und Sigrun M\u00fcllneritsch vom M\u00e4dchenzentrum Klagenfurt, Rebecca Zechner von Mahle und Sarah Felsberger von Flextronics, Mario Sherif El Shamy von der FH K\u00e4rnten, Helmut Edlinger von Flowserve und Sigrun Alten von Infineon. Abschlie\u00dfend wurden die Diskussionsergebnisse im Plenum diskutiert. Organisiert wurde das World Caf\u00e9 von Petra Feier vom M\u00e4dchenzentrum Klagenfurt.<\/p>\n<p>Am Vernetzungstreffen nahmen \u2013 unter anderem \u2013 Personen aus folgenden Institutionen teil: Flextronics, Treibacher Industrie AG, Polytechnische Schule Feldkirchen, BFI K\u00e4rnten, GPS-Ausbildungszentrum Villach, autArK, Berufs- und Bildungsorientierung K\u00e4rnten und die Kinderfreunde K\u00e4rnten\/Schulsozialarbeit.<\/p>\n","protected":false},"excerpt":{"rendered":"<p>Rund 40 Personen trafen sich an der Fachhochschule K\u00e4rnten am Campus Feldkirchen beim \u201e3. K\u00e4rntner Vernetzungstreffen f\u00fcr Lehrlingsausbilder_innen\u201c um \u00fcber die Berufswahl fernab von Geschlechter-Klischees zu diskutieren. Am Studiengang Soziale Arbeit der FH K\u00e4rnten fand in Kooperation mit dem M\u00e4dchenzentrum Klagenfurt am Mittwoch, dem 16. M\u00e4rz 2016 das \u201e3. K\u00e4rntner Vernetzungstreffen f\u00fcr Lehrlingsausbilder_innen\u201c statt. Diese [&hellip;]<\/p>\n","protected":false},"author":67,"featured_media":355,"comment_status":"open","ping_status":"open","sticky":false,"template":"","format":"standard","meta":{"inline_featured_image":false,"footnotes":""},"categories":[1],"tags":[],"class_list":["post-353","post","type-post","status-publish","format-standard","has-post-thumbnail","hentry","category-allgemein"],"_links":{"self":[{"href":"https:\/\/blog.fh-kaernten.at\/klemenjak\/wp-json\/wp\/v2\/posts\/353","targetHints":{"allow":["GET"]}}],"collection":[{"href":"https:\/\/blog.fh-kaernten.at\/klemenjak\/wp-json\/wp\/v2\/posts"}],"about":[{"href":"https:\/\/blog.fh-kaernten.at\/klemenjak\/wp-json\/wp\/v2\/types\/post"}],"author":[{"embeddable":true,"href":"https:\/\/blog.fh-kaernten.at\/klemenjak\/wp-json\/wp\/v2\/users\/67"}],"replies":[{"embeddable":true,"href":"https:\/\/blog.fh-kaernten.at\/klemenjak\/wp-json\/wp\/v2\/comments?post=353"}],"version-history":[{"count":0,"href":"https:\/\/blog.fh-kaernten.at\/klemenjak\/wp-json\/wp\/v2\/posts\/353\/revisions"}],"wp:featuredmedia":[{"embeddable":true,"href":"https:\/\/blog.fh-kaernten.at\/klemenjak\/wp-json\/wp\/v2\/media\/355"}],"wp:attachment":[{"href":"https:\/\/blog.fh-kaernten.at\/klemenjak\/wp-json\/wp\/v2\/media?parent=353"}],"wp:term":[{"taxonomy":"category","embeddable":true,"href":"https:\/\/blog.fh-kaernten.at\/klemenjak\/wp-json\/wp\/v2\/categories?post=353"},{"taxonomy":"post_tag","embeddable":true,"href":"https:\/\/blog.fh-kaernten.at\/klemenjak\/wp-json\/wp\/v2\/tags?post=353"}],"curies":[{"name":"wp","href":"https:\/\/api.w.org\/{rel}","templated":true}]}}