{"id":343,"date":"2016-02-18T15:23:57","date_gmt":"2016-02-18T13:23:57","guid":{"rendered":"http:\/\/blog.fh-kaernten.at\/klemenjak\/?p=343"},"modified":"2018-07-19T16:02:44","modified_gmt":"2018-07-19T14:02:44","slug":"343","status":"publish","type":"post","link":"https:\/\/blog.fh-kaernten.at\/klemenjak\/2016\/02\/18\/343\/","title":{"rendered":"&#8222;Barbara-Prammer-Preis&#8220;: Zuerkennung an Martin Klemenjak und Heinz Pichler"},"content":{"rendered":"<p><a href=\"http:\/\/blog.fh-kaernten.at\/klemenjak\/files\/2016\/02\/Kleine-Zeitung-vom-15.-Februar-2016-Seite-14.png\"><img fetchpriority=\"high\" decoding=\"async\" class=\"alignleft wp-image-344 size-medium\" src=\"http:\/\/blog.fh-kaernten.at\/klemenjak\/files\/2016\/02\/Kleine-Zeitung-vom-15.-Februar-2016-Seite-14-180x300.png\" alt=\"\" width=\"180\" height=\"300\" srcset=\"https:\/\/blog.fh-kaernten.at\/klemenjak\/files\/2016\/02\/Kleine-Zeitung-vom-15.-Februar-2016-Seite-14-180x300.png 180w, https:\/\/blog.fh-kaernten.at\/klemenjak\/files\/2016\/02\/Kleine-Zeitung-vom-15.-Februar-2016-Seite-14-e1531470221912-90x150.png 90w, https:\/\/blog.fh-kaernten.at\/klemenjak\/files\/2016\/02\/Kleine-Zeitung-vom-15.-Februar-2016-Seite-14.png 473w\" sizes=\"(max-width: 180px) 100vw, 180px\" \/><\/a>Ich freue mich sehr \u00fcber die <strong>Zuerkennung des &#8222;Barbara-Prammer-Preises&#8220; <\/strong>f\u00fcr das Kooperationsprojekt &#8222;K\u00e4rntner Gespr\u00e4che zur demokratiepolitischen Bildung!<\/p>\n<p>Die <strong>&#8222;Kleine Zeitung&#8220;<\/strong> hat am Montag, 15. Februar 2016 dar\u00fcber berichtet!<\/p>\n","protected":false},"excerpt":{"rendered":"<p>Ich freue mich sehr \u00fcber die Zuerkennung des &#8222;Barbara-Prammer-Preises&#8220; f\u00fcr das Kooperationsprojekt &#8222;K\u00e4rntner Gespr\u00e4che zur demokratiepolitischen Bildung! Die &#8222;Kleine Zeitung&#8220; hat am Montag, 15. Februar 2016 dar\u00fcber berichtet!<\/p>\n","protected":false},"author":67,"featured_media":344,"comment_status":"open","ping_status":"open","sticky":false,"template":"","format":"standard","meta":{"inline_featured_image":false,"footnotes":""},"categories":[1],"tags":[],"class_list":["post-343","post","type-post","status-publish","format-standard","has-post-thumbnail","hentry","category-allgemein"],"_links":{"self":[{"href":"https:\/\/blog.fh-kaernten.at\/klemenjak\/wp-json\/wp\/v2\/posts\/343","targetHints":{"allow":["GET"]}}],"collection":[{"href":"https:\/\/blog.fh-kaernten.at\/klemenjak\/wp-json\/wp\/v2\/posts"}],"about":[{"href":"https:\/\/blog.fh-kaernten.at\/klemenjak\/wp-json\/wp\/v2\/types\/post"}],"author":[{"embeddable":true,"href":"https:\/\/blog.fh-kaernten.at\/klemenjak\/wp-json\/wp\/v2\/users\/67"}],"replies":[{"embeddable":true,"href":"https:\/\/blog.fh-kaernten.at\/klemenjak\/wp-json\/wp\/v2\/comments?post=343"}],"version-history":[{"count":0,"href":"https:\/\/blog.fh-kaernten.at\/klemenjak\/wp-json\/wp\/v2\/posts\/343\/revisions"}],"wp:featuredmedia":[{"embeddable":true,"href":"https:\/\/blog.fh-kaernten.at\/klemenjak\/wp-json\/wp\/v2\/media\/344"}],"wp:attachment":[{"href":"https:\/\/blog.fh-kaernten.at\/klemenjak\/wp-json\/wp\/v2\/media?parent=343"}],"wp:term":[{"taxonomy":"category","embeddable":true,"href":"https:\/\/blog.fh-kaernten.at\/klemenjak\/wp-json\/wp\/v2\/categories?post=343"},{"taxonomy":"post_tag","embeddable":true,"href":"https:\/\/blog.fh-kaernten.at\/klemenjak\/wp-json\/wp\/v2\/tags?post=343"}],"curies":[{"name":"wp","href":"https:\/\/api.w.org\/{rel}","templated":true}]}}