{"id":315,"date":"2015-12-18T20:42:24","date_gmt":"2015-12-18T18:42:24","guid":{"rendered":"http:\/\/blog.fh-kaernten.at\/klemenjak\/?p=315"},"modified":"2015-12-22T15:35:38","modified_gmt":"2015-12-22T13:35:38","slug":"3-kaerntner-vernetzungstreffen-fuer-lehrlingsausbilderinnen-technik-oder-soziales","status":"publish","type":"post","link":"https:\/\/blog.fh-kaernten.at\/klemenjak\/2015\/12\/18\/3-kaerntner-vernetzungstreffen-fuer-lehrlingsausbilderinnen-technik-oder-soziales\/","title":{"rendered":"3. K\u00e4rntner Vernetzungstreffen f\u00fcr Lehrlingsausbilder\/innen &#8211; Technik oder Soziales?"},"content":{"rendered":"<p id=\"top\">Am <strong>Mittwoch, 16. M\u00e4rz 2016<\/strong> findet das\u00a0<strong>\u201e3. K\u00e4rntner Vernetzungstreffen <\/strong><strong>f\u00fcr <\/strong><strong>Lehrlingsausbilder\/innen \u2013 Technik oder Soziales? Berufswahl fernab von Geschlechter-Klischees: Wie Unternehmen und Gesellschaft davon profitieren k\u00f6nnen&#8220; <\/strong>von 13:30 bis 16:30 Uhr an der Fachhochschule K\u00e4rnten, Standort Feldkirchen statt.<\/p>\n<p>Dabei handelt es sich um eine <strong>Kooperation <\/strong>zwischen dem <strong>Studiengang Soziale Arbeit der Fachhochschule K\u00e4rnten<\/strong> und dem <strong>M\u00e4dchenzentrum Klagenfurt<\/strong><strong>!<\/strong><\/p>\n<p><strong>Impulsstatements:<\/strong><br \/>\nMag.a Christine Erlach (M\u00e4dchenzentrum Klagenfurt)<br \/>\nMag.a Dr.in Ruth Hechtl (FH K\u00e4rnten, Studiengang Soziale Arbeit)<br \/>\nMario Sherif El Shamy (Angehender Sozialarbeiter)<br \/>\nRebecca Zechner (Lehrling Kunststofftechnikerin)<\/p>\n<p><strong>Moderation:<\/strong><br \/>\nMag. (FH) Mag. Martin Klemenjak (FH K\u00e4rnten, Studiengang Soziale Arbeit)<\/p>\n<p><strong>World Caf\u00e9:<\/strong><br \/>\nGerne k\u00f6nnen Sie als Teilnehmer\/innen auch die Rolle der Impulsgeber\/innen und Moderator\/innen beim World Caf\u00e9 \u00fcbernehmen. Hierf\u00fcr bitten wir Sie, das beiliegende Anmeldeformular auszuf\u00fcllen und bis zum 15. J\u00e4nner 2016 an Frau Mag.a Petra Feier per Mail zu \u00fcbermitteln.<\/p>\n<p><strong>Anmeldeschluss f\u00fcr das Vernetzungstreffen:<\/strong><br \/>\nMittwoch, 9. M\u00e4rz 2016<\/p>\n<p><a href=\"http:\/\/blog.fh-kaernten.at\/klemenjak\/files\/2015\/12\/Einladung-Programm-1.pdf\" rel=\"\">Einladung &amp; Programm<\/a><\/p>\n<p><strong>Weitere Informationen:<\/strong><br \/>\nFachhochschule K\u00e4rnten, Studiengang Soziale Arbeit<br \/>\nMag. (FH) Mag. Martin Klemenjak<br \/>\nE-Mail: m.klemenjak@fh-kaernten.at<\/p>\n<p><strong>Anmeldung:<\/strong><br \/>\nM\u00e4dchenzentrum Klagenfurt<br \/>\nMag.a Petra Feier<br \/>\nfeier@maedchenzentrum.at<\/p>\n","protected":false},"excerpt":{"rendered":"<p>Am Mittwoch, 16. M\u00e4rz 2016 findet das\u00a0\u201e3. K\u00e4rntner Vernetzungstreffen f\u00fcr Lehrlingsausbilder\/innen \u2013 Technik oder Soziales? Berufswahl fernab von Geschlechter-Klischees: Wie Unternehmen und Gesellschaft davon profitieren k\u00f6nnen&#8220; von 13:30 bis 16:30 Uhr an der Fachhochschule K\u00e4rnten, Standort Feldkirchen statt. Dabei handelt es sich um eine Kooperation zwischen dem Studiengang Soziale Arbeit der Fachhochschule K\u00e4rnten und dem [&hellip;]<\/p>\n","protected":false},"author":67,"featured_media":0,"comment_status":"open","ping_status":"open","sticky":false,"template":"","format":"standard","meta":{"inline_featured_image":false,"footnotes":""},"categories":[1],"tags":[],"class_list":["post-315","post","type-post","status-publish","format-standard","hentry","category-allgemein"],"_links":{"self":[{"href":"https:\/\/blog.fh-kaernten.at\/klemenjak\/wp-json\/wp\/v2\/posts\/315","targetHints":{"allow":["GET"]}}],"collection":[{"href":"https:\/\/blog.fh-kaernten.at\/klemenjak\/wp-json\/wp\/v2\/posts"}],"about":[{"href":"https:\/\/blog.fh-kaernten.at\/klemenjak\/wp-json\/wp\/v2\/types\/post"}],"author":[{"embeddable":true,"href":"https:\/\/blog.fh-kaernten.at\/klemenjak\/wp-json\/wp\/v2\/users\/67"}],"replies":[{"embeddable":true,"href":"https:\/\/blog.fh-kaernten.at\/klemenjak\/wp-json\/wp\/v2\/comments?post=315"}],"version-history":[{"count":0,"href":"https:\/\/blog.fh-kaernten.at\/klemenjak\/wp-json\/wp\/v2\/posts\/315\/revisions"}],"wp:attachment":[{"href":"https:\/\/blog.fh-kaernten.at\/klemenjak\/wp-json\/wp\/v2\/media?parent=315"}],"wp:term":[{"taxonomy":"category","embeddable":true,"href":"https:\/\/blog.fh-kaernten.at\/klemenjak\/wp-json\/wp\/v2\/categories?post=315"},{"taxonomy":"post_tag","embeddable":true,"href":"https:\/\/blog.fh-kaernten.at\/klemenjak\/wp-json\/wp\/v2\/tags?post=315"}],"curies":[{"name":"wp","href":"https:\/\/api.w.org\/{rel}","templated":true}]}}