{"id":305,"date":"2015-11-25T18:33:58","date_gmt":"2015-11-25T16:33:58","guid":{"rendered":"http:\/\/blog.fh-kaernten.at\/klemenjak\/?p=305"},"modified":"2018-09-13T14:40:45","modified_gmt":"2018-09-13T12:40:45","slug":"kaerntner-gespraeche-zur-demokratiepolitischen-bildung-2015-demokratie-in-der-krise-krise-in-der-demokratie-2","status":"publish","type":"post","link":"https:\/\/blog.fh-kaernten.at\/klemenjak\/2015\/11\/25\/kaerntner-gespraeche-zur-demokratiepolitischen-bildung-2015-demokratie-in-der-krise-krise-in-der-demokratie-2\/","title":{"rendered":"K\u00e4rntner Gespr\u00e4che zur demokratiepolitischen Bildung 2015 &#8211; &#8222;Demokratie in der Krise, Krise in der Demokratie?!&#8220;"},"content":{"rendered":"<p><a href=\"http:\/\/blog.fh-kaernten.at\/klemenjak\/files\/2015\/11\/Nachbericht-auf-FH-Website-vom-5.-November-2015_Foto.jpg\"><img fetchpriority=\"high\" decoding=\"async\" class=\"size-medium wp-image-306 alignleft\" src=\"http:\/\/blog.fh-kaernten.at\/klemenjak\/files\/2015\/11\/Nachbericht-auf-FH-Website-vom-5.-November-2015_Foto-300x200.jpg\" alt=\"Nachbericht auf FH-Website vom 5. November 2015_Foto\" width=\"300\" height=\"200\" srcset=\"https:\/\/blog.fh-kaernten.at\/klemenjak\/files\/2015\/11\/Nachbericht-auf-FH-Website-vom-5.-November-2015_Foto-300x200.jpg 300w, https:\/\/blog.fh-kaernten.at\/klemenjak\/files\/2015\/11\/Nachbericht-auf-FH-Website-vom-5.-November-2015_Foto-1024x683.jpg 1024w\" sizes=\"(max-width: 300px) 100vw, 300px\" \/><\/a><\/p>\n<p>Am Donnerstag, 22. Oktober 2015 fanden zum mittlerweile vierten Mal die \u201eK\u00e4rntner Gespr\u00e4che zur demokratiepolitischen Bildung\u201c im \u00d6GB\/AK Bildungsforum in Klagenfurt statt. Dabei handelt es sich um eine Kooperationsveranstaltung der Kammer f\u00fcr Arbeiter und Angestellte f\u00fcr K\u00e4rnten mit dem Verband \u00d6sterreichischer gewerkschaftlicher Bildung, den K\u00e4rntner Volkshochschulen, dem Studiengang Soziale Arbeit der Fachhochschule K\u00e4rnten, der Alpen-Adria-Universit\u00e4t Klagenfurt und der P\u00e4dagogischen Hochschule K\u00e4rnten \u2013 Viktor Frankl Hochschule.<\/p>\n<p>Die diesj\u00e4hrige Fachtagung stand unter dem Motto \u201eDemokratie in der Krise, Krise in der Demokratie?!\u201c Nach einleitenden Statements durch Landeshauptmann Dr. Peter Kaiser und die Rektorin der PH K\u00e4rnten, Dr.in Marlies Krainz-D\u00fcrr stand ein moderiertes Gespr\u00e4ch mit dem Wirtschaftsforscher Dr. Stephan Schulmeister und der griechischen Aktivistin Katerina Anastasiou auf dem Programm.<\/p>\n<p>Im Anschluss daran wurden f\u00fcnf Workshops organisiert, in denen sich die Teilnehmenden auch aktiv einbringen konnten. Von Seiten der FH K\u00e4rnten wurden zwei Workshops angeboten:<\/p>\n<p>In <strong>Workshop 1<\/strong>, welcher von FH-Prof. MMag. Dr.in Kathrin Stainer-H\u00e4mmerle geleitet und von Mag. Martin Klemenjak moderiert wurde, standen \u201eReformideen f\u00fcr die Politik in Zeiten der Krise\u201c auf dem Programm. Zun\u00e4chst erfolgte eine \u201eBestandsaufnahme der Demokratie\u201c (z. B. \u201ePolitikverdrossenheit\u201c, Legitimit\u00e4tsproblem, Imageverlust, Globalisierung). Darauf aufbauend wurden \u201eM\u00f6glichkeiten f\u00fcr eine Demokratiereform\u201c entwickelt. Ein Hauptaugenmerk wurde auf die \u201epartizipative Demokratie\u201c gelegt und anhand von konkreten Beispielen diskutiert.<\/p>\n<p>\u201eDie 4. Welt im Fokus demokratiepolitischer Perspektiven\u201c \u00a0war Thema von <strong>Workshop 2<\/strong>. FH-Prof. Dr. Helmut Arnold setzte sich mit der Frage auseinander, wie jene einheimischen B\u00fcrger\/innen, die sich teilweise sozialstaatlich \u00fcbergangen f\u00fchlen und unter starkem Druck stehen, da sie das Tempo in der Arbeitswelt kaum mithalten k\u00f6nnen, demokratiepolitisch erreichbar bleiben. Wo sich Ressentiments breit machen, l\u00e4sst sich Demokratie nur schwer leben. Demokratie lebt von zivilgesellschaftlicher Courage, darf aber auch auf jene Marginalisierten vor der eigenen Haust\u00fcre nicht vergessen und muss ihnen daher M\u00f6glichkeiten des Mitmachen-K\u00f6nnens und der Selbstbest\u00e4tigung \u00f6ffnen. Dies war zugleich auch Ergebnis der Diskussion, an der sich Studierende aus allen drei Hochschulen wie auch interessierte Teilnehmer\/innen aus der B\u00fcrgerschaft rege beteiligten. Moderiert wurde dieser Workshop von MMag.a Katharina Zimmerberger von den K\u00e4rntner Volkshochschulen.<\/p>\n<p>&nbsp;<\/p>\n<p>Bildnachweis: Helga Rader\/AK K\u00e4rnten<\/p>\n","protected":false},"excerpt":{"rendered":"<p>Am Donnerstag, 22. Oktober 2015 fanden zum mittlerweile vierten Mal die \u201eK\u00e4rntner Gespr\u00e4che zur demokratiepolitischen Bildung\u201c im \u00d6GB\/AK Bildungsforum in Klagenfurt statt. Dabei handelt es sich um eine Kooperationsveranstaltung der Kammer f\u00fcr Arbeiter und Angestellte f\u00fcr K\u00e4rnten mit dem Verband \u00d6sterreichischer gewerkschaftlicher Bildung, den K\u00e4rntner Volkshochschulen, dem Studiengang Soziale Arbeit der Fachhochschule K\u00e4rnten, der Alpen-Adria-Universit\u00e4t [&hellip;]<\/p>\n","protected":false},"author":67,"featured_media":306,"comment_status":"open","ping_status":"open","sticky":false,"template":"","format":"standard","meta":{"inline_featured_image":false,"footnotes":""},"categories":[1],"tags":[],"class_list":["post-305","post","type-post","status-publish","format-standard","has-post-thumbnail","hentry","category-allgemein"],"_links":{"self":[{"href":"https:\/\/blog.fh-kaernten.at\/klemenjak\/wp-json\/wp\/v2\/posts\/305","targetHints":{"allow":["GET"]}}],"collection":[{"href":"https:\/\/blog.fh-kaernten.at\/klemenjak\/wp-json\/wp\/v2\/posts"}],"about":[{"href":"https:\/\/blog.fh-kaernten.at\/klemenjak\/wp-json\/wp\/v2\/types\/post"}],"author":[{"embeddable":true,"href":"https:\/\/blog.fh-kaernten.at\/klemenjak\/wp-json\/wp\/v2\/users\/67"}],"replies":[{"embeddable":true,"href":"https:\/\/blog.fh-kaernten.at\/klemenjak\/wp-json\/wp\/v2\/comments?post=305"}],"version-history":[{"count":0,"href":"https:\/\/blog.fh-kaernten.at\/klemenjak\/wp-json\/wp\/v2\/posts\/305\/revisions"}],"wp:featuredmedia":[{"embeddable":true,"href":"https:\/\/blog.fh-kaernten.at\/klemenjak\/wp-json\/wp\/v2\/media\/306"}],"wp:attachment":[{"href":"https:\/\/blog.fh-kaernten.at\/klemenjak\/wp-json\/wp\/v2\/media?parent=305"}],"wp:term":[{"taxonomy":"category","embeddable":true,"href":"https:\/\/blog.fh-kaernten.at\/klemenjak\/wp-json\/wp\/v2\/categories?post=305"},{"taxonomy":"post_tag","embeddable":true,"href":"https:\/\/blog.fh-kaernten.at\/klemenjak\/wp-json\/wp\/v2\/tags?post=305"}],"curies":[{"name":"wp","href":"https:\/\/api.w.org\/{rel}","templated":true}]}}