{"id":291,"date":"2015-10-28T13:40:47","date_gmt":"2015-10-28T11:40:47","guid":{"rendered":"http:\/\/blog.fh-kaernten.at\/klemenjak\/?p=291"},"modified":"2015-10-28T13:40:47","modified_gmt":"2015-10-28T11:40:47","slug":"buchpraesentation-damit-der-soziale-grundwasserspiegel-wieder-steigt-reflexionen-zur-sozialen-frage-im-21-jahrhundert","status":"publish","type":"post","link":"https:\/\/blog.fh-kaernten.at\/klemenjak\/2015\/10\/28\/buchpraesentation-damit-der-soziale-grundwasserspiegel-wieder-steigt-reflexionen-zur-sozialen-frage-im-21-jahrhundert\/","title":{"rendered":"Buchpr\u00e4sentation: &#8222;&#8230; damit der soziale Grundwasserspiegel wieder steigt! Reflexionen zur Sozialen Frage im 21. Jahrhundert&#8220;"},"content":{"rendered":"<p id=\"top\">Am <strong>Freitag, 6.\u00a0November 2015 <\/strong>findet die <strong>Pr\u00e4sentation der Publikation<\/strong> <strong>&#8222;&#8230; damit der soziale Grundwasserspiegel wieder steigt! Reflexionen zur Sozialen Frage im 21. Jahrhundert &#8211; Emmerich T\u00e1los im Gespr\u00e4ch mit Peter Kaiser&#8220;<\/strong> von 14:30 bis 16:00 Uhr an der <strong>Fachhochschule K\u00e4rnten, Standort Feldkirchen<\/strong> statt.<\/p>\n<p>Zentraler Bestandteil dieser Buchpr\u00e4sentation ist ein <strong>&#8222;moderiertes Gespr\u00e4ch&#8220;<\/strong> <strong>mit Landeshauptmann Dr. Peter Kaiser und Univ.-Prof. i. R. Dr. Emmerich T\u00e1los<\/strong>.<\/p>\n<p><a href=\"http:\/\/blog.fh-kaernten.at\/klemenjak\/files\/2015\/10\/Einladung-Programm3.pdf\">Einladung &amp; Programm<\/a><\/p>\n<p><strong>Informationen:<br \/>\n<\/strong>Fachhochschule K\u00e4rnten, Studiengang Soziale Arbeit<br \/>\nE-Mail: m.klemenjak@fh-kaernten.at<\/p>\n","protected":false},"excerpt":{"rendered":"<p>Am Freitag, 6.\u00a0November 2015 findet die Pr\u00e4sentation der Publikation &#8222;&#8230; damit der soziale Grundwasserspiegel wieder steigt! Reflexionen zur Sozialen Frage im 21. Jahrhundert &#8211; Emmerich T\u00e1los im Gespr\u00e4ch mit Peter Kaiser&#8220; von 14:30 bis 16:00 Uhr an der Fachhochschule K\u00e4rnten, Standort Feldkirchen statt. Zentraler Bestandteil dieser Buchpr\u00e4sentation ist ein &#8222;moderiertes Gespr\u00e4ch&#8220; mit Landeshauptmann Dr. Peter [&hellip;]<\/p>\n","protected":false},"author":67,"featured_media":0,"comment_status":"open","ping_status":"open","sticky":false,"template":"","format":"standard","meta":{"inline_featured_image":false,"footnotes":""},"categories":[1],"tags":[],"class_list":["post-291","post","type-post","status-publish","format-standard","hentry","category-allgemein"],"_links":{"self":[{"href":"https:\/\/blog.fh-kaernten.at\/klemenjak\/wp-json\/wp\/v2\/posts\/291","targetHints":{"allow":["GET"]}}],"collection":[{"href":"https:\/\/blog.fh-kaernten.at\/klemenjak\/wp-json\/wp\/v2\/posts"}],"about":[{"href":"https:\/\/blog.fh-kaernten.at\/klemenjak\/wp-json\/wp\/v2\/types\/post"}],"author":[{"embeddable":true,"href":"https:\/\/blog.fh-kaernten.at\/klemenjak\/wp-json\/wp\/v2\/users\/67"}],"replies":[{"embeddable":true,"href":"https:\/\/blog.fh-kaernten.at\/klemenjak\/wp-json\/wp\/v2\/comments?post=291"}],"version-history":[{"count":0,"href":"https:\/\/blog.fh-kaernten.at\/klemenjak\/wp-json\/wp\/v2\/posts\/291\/revisions"}],"wp:attachment":[{"href":"https:\/\/blog.fh-kaernten.at\/klemenjak\/wp-json\/wp\/v2\/media?parent=291"}],"wp:term":[{"taxonomy":"category","embeddable":true,"href":"https:\/\/blog.fh-kaernten.at\/klemenjak\/wp-json\/wp\/v2\/categories?post=291"},{"taxonomy":"post_tag","embeddable":true,"href":"https:\/\/blog.fh-kaernten.at\/klemenjak\/wp-json\/wp\/v2\/tags?post=291"}],"curies":[{"name":"wp","href":"https:\/\/api.w.org\/{rel}","templated":true}]}}