{"id":278,"date":"2015-10-08T16:38:38","date_gmt":"2015-10-08T14:38:38","guid":{"rendered":"http:\/\/blog.fh-kaernten.at\/klemenjak\/?p=278"},"modified":"2015-10-16T12:15:56","modified_gmt":"2015-10-16T10:15:56","slug":"kaerntner-gespraeche-zur-demokratiepolitischen-bildung-2015-demokratie-in-der-krise-krise-in-der-demokratie","status":"publish","type":"post","link":"https:\/\/blog.fh-kaernten.at\/klemenjak\/2015\/10\/08\/kaerntner-gespraeche-zur-demokratiepolitischen-bildung-2015-demokratie-in-der-krise-krise-in-der-demokratie\/","title":{"rendered":"K\u00e4rntner Gespr\u00e4che zur demokratiepolitischen Bildung 2015 \u2013 \u201eDemokratie in der KRISE, Krise in der Demokratie?!&#8220;"},"content":{"rendered":"<p id=\"top\">Gemeinsam mit Vertreter\/innen\u00a0der <strong>AK K\u00e4rnten<\/strong>, dem <strong>V\u00d6GB K\u00e4rnten<\/strong>, der <strong>P\u00e4dagogischen Hochschule K\u00e4rnten \u2013 Viktor Frankl Hochschule K\u00e4rnten<\/strong>, den <strong>K\u00e4rntner Volkshochschulen<\/strong> und der <strong>Alpen-Adria-Universit\u00e4t Klagenfurt<\/strong> hat Mag. Martin Klemenjak\u00a0vom Studiengang Soziale Arbeit der <strong>Fachhochschule K\u00e4rnten<\/strong> die <strong>Fachtagung \u201eK\u00e4rntner Gespr\u00e4che zur demokratiepolitischen Bildung 2015 \u2013 Demokratie in der Krise, Krise in der Demokratie?!&#8220; <\/strong>konzipiert und organisiert.<\/p>\n<p>Diese Fachtagung findet am <strong>Donnerstag, 22. Oktober 2015 \u2013 in der Zeit von 09:00 bis 14:00 Uhr \u2013 im \u00d6GB\/AK Bildungsforum in Klagenfurt<\/strong> statt.<\/p>\n<p><a href=\"http:\/\/blog.fh-kaernten.at\/klemenjak\/files\/2015\/10\/Einladung-Programm1.pdf\">Einladung &amp; Programm<\/a><\/p>\n<p><strong>Informationen &amp; Anmeldungen:<br \/>\n<\/strong>AK K\u00e4rnten, T: 050 477-2307,<br \/>\nE-Mail: bildung@akktn.at,<br \/>\nkaernten.arbeiterkammer.at\/ktn-gespraeche<\/p>\n","protected":false},"excerpt":{"rendered":"<p>Gemeinsam mit Vertreter\/innen\u00a0der AK K\u00e4rnten, dem V\u00d6GB K\u00e4rnten, der P\u00e4dagogischen Hochschule K\u00e4rnten \u2013 Viktor Frankl Hochschule K\u00e4rnten, den K\u00e4rntner Volkshochschulen und der Alpen-Adria-Universit\u00e4t Klagenfurt hat Mag. Martin Klemenjak\u00a0vom Studiengang Soziale Arbeit der Fachhochschule K\u00e4rnten die Fachtagung \u201eK\u00e4rntner Gespr\u00e4che zur demokratiepolitischen Bildung 2015 \u2013 Demokratie in der Krise, Krise in der Demokratie?!&#8220; konzipiert und organisiert. Diese [&hellip;]<\/p>\n","protected":false},"author":67,"featured_media":0,"comment_status":"open","ping_status":"open","sticky":false,"template":"","format":"standard","meta":{"inline_featured_image":false,"footnotes":""},"categories":[1],"tags":[],"class_list":["post-278","post","type-post","status-publish","format-standard","hentry","category-allgemein"],"_links":{"self":[{"href":"https:\/\/blog.fh-kaernten.at\/klemenjak\/wp-json\/wp\/v2\/posts\/278","targetHints":{"allow":["GET"]}}],"collection":[{"href":"https:\/\/blog.fh-kaernten.at\/klemenjak\/wp-json\/wp\/v2\/posts"}],"about":[{"href":"https:\/\/blog.fh-kaernten.at\/klemenjak\/wp-json\/wp\/v2\/types\/post"}],"author":[{"embeddable":true,"href":"https:\/\/blog.fh-kaernten.at\/klemenjak\/wp-json\/wp\/v2\/users\/67"}],"replies":[{"embeddable":true,"href":"https:\/\/blog.fh-kaernten.at\/klemenjak\/wp-json\/wp\/v2\/comments?post=278"}],"version-history":[{"count":0,"href":"https:\/\/blog.fh-kaernten.at\/klemenjak\/wp-json\/wp\/v2\/posts\/278\/revisions"}],"wp:attachment":[{"href":"https:\/\/blog.fh-kaernten.at\/klemenjak\/wp-json\/wp\/v2\/media?parent=278"}],"wp:term":[{"taxonomy":"category","embeddable":true,"href":"https:\/\/blog.fh-kaernten.at\/klemenjak\/wp-json\/wp\/v2\/categories?post=278"},{"taxonomy":"post_tag","embeddable":true,"href":"https:\/\/blog.fh-kaernten.at\/klemenjak\/wp-json\/wp\/v2\/tags?post=278"}],"curies":[{"name":"wp","href":"https:\/\/api.w.org\/{rel}","templated":true}]}}