{"id":252,"date":"2015-07-08T13:34:00","date_gmt":"2015-07-08T11:34:00","guid":{"rendered":"http:\/\/blog.fh-kaernten.at\/klemenjak\/?p=252"},"modified":"2015-07-08T13:39:18","modified_gmt":"2015-07-08T11:39:18","slug":"20-jahre-fh-kaernten-absolventinnen","status":"publish","type":"post","link":"https:\/\/blog.fh-kaernten.at\/klemenjak\/2015\/07\/08\/20-jahre-fh-kaernten-absolventinnen\/","title":{"rendered":"20 Jahre FH K\u00e4rnten &#8211; Absolvent\/innen"},"content":{"rendered":"<p><strong>Martin Klemenjak<br \/>\n<\/strong><strong>Bildung f\u00fcr die Zukunft<\/strong><\/p>\n<p><strong>Martin Klemenjak<\/strong> ist seit dem Jahr 2009 <strong>Inhaber der Professur f\u00fcr Soziale Arbeit mit dem Schwerpunkt Erwachsenenalter und Erwerbsleben <\/strong>an der FH K\u00e4rnten im Studienbereich Gesundheit &amp; Soziales. Seine Arbeits- und Forschungsschwerpunkte in den Bereichen Lehrlingsausbildung, Politische Partizipation, Betriebliche Sozialberatung und Kommunal- &amp; Regionalentwicklung spiegeln sich in seinen Interessen wider, die auch seinen\u00a0 Ausbildungsweg pr\u00e4gten. Als <strong>Absolvent des Diplomstudiums Kommunales Management an der FH K\u00e4rnten im Jahr 2001<\/strong>, studierte er danach an der Alpen-Adria Universit\u00e4t Klagenfurt berufsbegleitend P\u00e4dagogik im Studienzweig Erwachsenen- und Berufsbildung. Seinen Universit\u00e4tsabschluss erlangte er 2006. Als Mitarbeiter der Stadtgemeine St. Veit an der Glan war er von 2002 bis 2012 ma\u00dfgeblich f\u00fcr den Bereich Lehrlingsausbildung verantwortlich und leitete den Interkommunalen Ausbildungsverbund K\u00e4rnten. Klemenjak ist auch Mitinitiator der \u201eK\u00e4rntner Gespr\u00e4che zur demokratiepolitischen Bildung\u201c sowie Lektor an der Fachhochschule Salzburg.<\/p>\n<p>Auszeichnungen und Preise demonstrieren die erfolgreiche Arbeit von Martin Klemenjak, der sich bereits \u00fcber den \u00d6sterreichischen Verwaltungspreis 2006 oder \u00fcber den Staatspreis Beste Lehrbetriebe 2011 (Top-Ten-Platzierung) freute. Als Moderator, Trainer und Vortragender im Bereich Aus- und Weiterbildung sowie als Autor zahlreicher Publikationen steht die Zeit bei Klemenjak selten still. Yoga und tanzen z\u00e4hlen unter anderem zu seinen Freizeitbesch\u00e4ftigungen.<\/p>\n<p><strong>Link zum Absolventenprofil von Martin Klemenjak:<\/strong><br \/>\nhttp:\/\/blog.fh-kaernten.at\/20-years\/2015\/07\/08\/martin-klemenjak\/<\/p>\n","protected":false},"excerpt":{"rendered":"<p>Martin Klemenjak Bildung f\u00fcr die Zukunft Martin Klemenjak ist seit dem Jahr 2009 Inhaber der Professur f\u00fcr Soziale Arbeit mit dem Schwerpunkt Erwachsenenalter und Erwerbsleben an der FH K\u00e4rnten im Studienbereich Gesundheit &amp; Soziales. Seine Arbeits- und Forschungsschwerpunkte in den Bereichen Lehrlingsausbildung, Politische Partizipation, Betriebliche Sozialberatung und Kommunal- &amp; Regionalentwicklung spiegeln sich in seinen Interessen [&hellip;]<\/p>\n","protected":false},"author":67,"featured_media":0,"comment_status":"open","ping_status":"open","sticky":false,"template":"","format":"standard","meta":{"inline_featured_image":false,"footnotes":""},"categories":[1],"tags":[],"class_list":["post-252","post","type-post","status-publish","format-standard","hentry","category-allgemein"],"_links":{"self":[{"href":"https:\/\/blog.fh-kaernten.at\/klemenjak\/wp-json\/wp\/v2\/posts\/252","targetHints":{"allow":["GET"]}}],"collection":[{"href":"https:\/\/blog.fh-kaernten.at\/klemenjak\/wp-json\/wp\/v2\/posts"}],"about":[{"href":"https:\/\/blog.fh-kaernten.at\/klemenjak\/wp-json\/wp\/v2\/types\/post"}],"author":[{"embeddable":true,"href":"https:\/\/blog.fh-kaernten.at\/klemenjak\/wp-json\/wp\/v2\/users\/67"}],"replies":[{"embeddable":true,"href":"https:\/\/blog.fh-kaernten.at\/klemenjak\/wp-json\/wp\/v2\/comments?post=252"}],"version-history":[{"count":0,"href":"https:\/\/blog.fh-kaernten.at\/klemenjak\/wp-json\/wp\/v2\/posts\/252\/revisions"}],"wp:attachment":[{"href":"https:\/\/blog.fh-kaernten.at\/klemenjak\/wp-json\/wp\/v2\/media?parent=252"}],"wp:term":[{"taxonomy":"category","embeddable":true,"href":"https:\/\/blog.fh-kaernten.at\/klemenjak\/wp-json\/wp\/v2\/categories?post=252"},{"taxonomy":"post_tag","embeddable":true,"href":"https:\/\/blog.fh-kaernten.at\/klemenjak\/wp-json\/wp\/v2\/tags?post=252"}],"curies":[{"name":"wp","href":"https:\/\/api.w.org\/{rel}","templated":true}]}}