{"id":211,"date":"2014-09-15T13:38:05","date_gmt":"2014-09-15T11:38:05","guid":{"rendered":"http:\/\/blog.fh-kaernten.at\/klemenjak\/?p=211"},"modified":"2015-10-08T16:37:33","modified_gmt":"2015-10-08T14:37:33","slug":"kaerntner-gespraeche-zur-demokratiepolitischen-bildung-2014-demokratie-vererbt-sich-nicht-partizipation-reloaded","status":"publish","type":"post","link":"https:\/\/blog.fh-kaernten.at\/klemenjak\/2014\/09\/15\/kaerntner-gespraeche-zur-demokratiepolitischen-bildung-2014-demokratie-vererbt-sich-nicht-partizipation-reloaded\/","title":{"rendered":"K\u00e4rntner Gespr\u00e4che zur demokratiepolitischen Bildung 2014 &#8211; &#8222;Demokratie vererbt sich nicht &#8211; Partizipation RELOADED&#8220;"},"content":{"rendered":"<p>In <strong>Kooperation<\/strong> mit der <strong>AK K\u00e4rnten<\/strong>, dem <strong>V\u00d6GB K\u00e4rnten<\/strong>, der <strong>P\u00e4dagogischen Hochschule K\u00e4rnten &#8211; Viktor Frankl Hochschule K\u00e4rnten<\/strong>, den <strong>K\u00e4rntner Volkshochschulen<\/strong> und der <strong>Alpen-Adria-Universit\u00e4t Klagenfurt<\/strong> hat Mag. Martin Klemenjak vom Studiengang Soziale Arbeit der <strong>Fachhochschule K\u00e4rnten<\/strong> die <strong>Fachtagung &#8222;K\u00e4rntner Gespr\u00e4che zur demokratiepolitischen Bildung 2014 &#8211; Demokratie vererbt sich nicht &#8211; Partizipation RELOADED&#8220;<\/strong> konzipiert und organisiert.<\/p>\n<p>Diese Fachtagung findet am <strong>Donnerstag, 23. Oktober 2014 &#8211; in der Zeit von 9:00 bis 16:00 Uhr &#8211; im \u00d6GB\/AK Bildungsforum in Klagenfurt<\/strong> statt.<\/p>\n<p><a href=\"http:\/\/blog.fh-kaernten.at\/klemenjak\/files\/2014\/09\/Einladung-Programm1.pdf\">Einladung &amp; Programm<\/a><\/p>\n<p><strong>Informationen &amp; Anmeldungen:<br \/>\n<\/strong>AK K\u00e4rnten, T: 050 477-2307,<br \/>\nE-Mail: bildung@akktn.at,<br \/>\nkaernten.arbeiterkammer.at\/ktn-gespraeche<\/p>\n","protected":false},"excerpt":{"rendered":"<p>In Kooperation mit der AK K\u00e4rnten, dem V\u00d6GB K\u00e4rnten, der P\u00e4dagogischen Hochschule K\u00e4rnten &#8211; Viktor Frankl Hochschule K\u00e4rnten, den K\u00e4rntner Volkshochschulen und der Alpen-Adria-Universit\u00e4t Klagenfurt hat Mag. Martin Klemenjak vom Studiengang Soziale Arbeit der Fachhochschule K\u00e4rnten die Fachtagung &#8222;K\u00e4rntner Gespr\u00e4che zur demokratiepolitischen Bildung 2014 &#8211; Demokratie vererbt sich nicht &#8211; Partizipation RELOADED&#8220; konzipiert und organisiert. [&hellip;]<\/p>\n","protected":false},"author":67,"featured_media":0,"comment_status":"open","ping_status":"open","sticky":false,"template":"","format":"standard","meta":{"inline_featured_image":false,"footnotes":""},"categories":[1],"tags":[],"class_list":["post-211","post","type-post","status-publish","format-standard","hentry","category-allgemein"],"_links":{"self":[{"href":"https:\/\/blog.fh-kaernten.at\/klemenjak\/wp-json\/wp\/v2\/posts\/211","targetHints":{"allow":["GET"]}}],"collection":[{"href":"https:\/\/blog.fh-kaernten.at\/klemenjak\/wp-json\/wp\/v2\/posts"}],"about":[{"href":"https:\/\/blog.fh-kaernten.at\/klemenjak\/wp-json\/wp\/v2\/types\/post"}],"author":[{"embeddable":true,"href":"https:\/\/blog.fh-kaernten.at\/klemenjak\/wp-json\/wp\/v2\/users\/67"}],"replies":[{"embeddable":true,"href":"https:\/\/blog.fh-kaernten.at\/klemenjak\/wp-json\/wp\/v2\/comments?post=211"}],"version-history":[{"count":0,"href":"https:\/\/blog.fh-kaernten.at\/klemenjak\/wp-json\/wp\/v2\/posts\/211\/revisions"}],"wp:attachment":[{"href":"https:\/\/blog.fh-kaernten.at\/klemenjak\/wp-json\/wp\/v2\/media?parent=211"}],"wp:term":[{"taxonomy":"category","embeddable":true,"href":"https:\/\/blog.fh-kaernten.at\/klemenjak\/wp-json\/wp\/v2\/categories?post=211"},{"taxonomy":"post_tag","embeddable":true,"href":"https:\/\/blog.fh-kaernten.at\/klemenjak\/wp-json\/wp\/v2\/tags?post=211"}],"curies":[{"name":"wp","href":"https:\/\/api.w.org\/{rel}","templated":true}]}}