{"id":182,"date":"2014-06-28T15:03:08","date_gmt":"2014-06-28T13:03:08","guid":{"rendered":"http:\/\/blog.fh-kaernten.at\/klemenjak\/?p=182"},"modified":"2014-06-28T15:05:34","modified_gmt":"2014-06-28T13:05:34","slug":"lehrgang-fuer-betriebsraetinnen-startet-wieder-im-oktober","status":"publish","type":"post","link":"https:\/\/blog.fh-kaernten.at\/klemenjak\/2014\/06\/28\/lehrgang-fuer-betriebsraetinnen-startet-wieder-im-oktober\/","title":{"rendered":"Lehrgang f\u00fcr Betriebsr\u00e4tInnen startet im Oktober 2014"},"content":{"rendered":"<p><strong>Aufgrund des gro\u00dfen Erfolges<\/strong> startet im Oktober 2014 wieder der <strong>Lehrgang &#8222;Soziale Beratung und Handlungskompetenzen&#8220;!<\/strong><\/p>\n<p>Im <strong>Kooperation<\/strong> mit der <strong>AK K\u00e4rnten<\/strong> (Mag. Heinz Pichler) und dem <strong>V\u00d6GB K\u00e4rnten<\/strong> (Martin Gressl) haben Mag. Martin Klemenjak und FH-Prof.in Dr.in Konstanze Wetzel \u2013 vom Studiengang Soziale Arbeit der Fachhochschule K\u00e4rnten \u2013 den <strong>Lehrgang \u201cSoziale Beratung und Handlungskompetenzen\u201d<\/strong> weiterentwickelt. Die <strong>Zielgruppe<\/strong> sind Betriebsr\u00e4tInnen und AbsolventInnen der Gewerkschaftsschulen in K\u00e4rnten.<\/p>\n<p>Dieser Lehrgang gliedert sich in\u00a0<strong>8 Module<\/strong> und findet im <strong>WS 2014\/15<\/strong> statt! <strong>Informationen zum Lehrgang:<\/strong> Fachhochschule K\u00e4rnten, Studiengang Soziale Arbeit: E-Mail: <a href=\"mailto:lehrgang-sozialeberatung@fh-kaernten.at\">lehrgang-sozialeberatung@fh-kaernten.at<\/a>;<\/p>\n<p>Die <strong>Online-Ausgabe des Folders<\/strong> finden Sie hier:<br \/>\n<a href=\"http:\/\/www.fh-kaernten.at\/fileadmin\/media\/soz\/fol_soz-beratung\/index.html\">http:\/\/www.fh-kaernten.at\/fileadmin\/media\/soz\/fol_soz-beratung\/index.html<\/a><\/p>\n","protected":false},"excerpt":{"rendered":"<p>Aufgrund des gro\u00dfen Erfolges startet im Oktober 2014 wieder der Lehrgang &#8222;Soziale Beratung und Handlungskompetenzen&#8220;! Im Kooperation mit der AK K\u00e4rnten (Mag. Heinz Pichler) und dem V\u00d6GB K\u00e4rnten (Martin Gressl) haben Mag. Martin Klemenjak und FH-Prof.in Dr.in Konstanze Wetzel \u2013 vom Studiengang Soziale Arbeit der Fachhochschule K\u00e4rnten \u2013 den Lehrgang \u201cSoziale Beratung und Handlungskompetenzen\u201d weiterentwickelt. [&hellip;]<\/p>\n","protected":false},"author":67,"featured_media":0,"comment_status":"open","ping_status":"open","sticky":false,"template":"","format":"standard","meta":{"inline_featured_image":false,"footnotes":""},"categories":[1],"tags":[],"class_list":["post-182","post","type-post","status-publish","format-standard","hentry","category-allgemein"],"_links":{"self":[{"href":"https:\/\/blog.fh-kaernten.at\/klemenjak\/wp-json\/wp\/v2\/posts\/182","targetHints":{"allow":["GET"]}}],"collection":[{"href":"https:\/\/blog.fh-kaernten.at\/klemenjak\/wp-json\/wp\/v2\/posts"}],"about":[{"href":"https:\/\/blog.fh-kaernten.at\/klemenjak\/wp-json\/wp\/v2\/types\/post"}],"author":[{"embeddable":true,"href":"https:\/\/blog.fh-kaernten.at\/klemenjak\/wp-json\/wp\/v2\/users\/67"}],"replies":[{"embeddable":true,"href":"https:\/\/blog.fh-kaernten.at\/klemenjak\/wp-json\/wp\/v2\/comments?post=182"}],"version-history":[{"count":0,"href":"https:\/\/blog.fh-kaernten.at\/klemenjak\/wp-json\/wp\/v2\/posts\/182\/revisions"}],"wp:attachment":[{"href":"https:\/\/blog.fh-kaernten.at\/klemenjak\/wp-json\/wp\/v2\/media?parent=182"}],"wp:term":[{"taxonomy":"category","embeddable":true,"href":"https:\/\/blog.fh-kaernten.at\/klemenjak\/wp-json\/wp\/v2\/categories?post=182"},{"taxonomy":"post_tag","embeddable":true,"href":"https:\/\/blog.fh-kaernten.at\/klemenjak\/wp-json\/wp\/v2\/tags?post=182"}],"curies":[{"name":"wp","href":"https:\/\/api.w.org\/{rel}","templated":true}]}}